{"id":84244,"date":"2026-08-31T10:36:58","date_gmt":"2026-08-31T13:36:58","guid":{"rendered":"https:\/\/swimchannel.net\/br\/?p=84244"},"modified":"2026-08-31T10:36:58","modified_gmt":"2026-08-31T13:36:58","slug":"finkel-2026-comeca-com-recordes-e-indices-no-pinheiros","status":"publish","type":"post","link":"https:\/\/swimchannel.net\/br\/finkel-2026-comeca-com-recordes-e-indices-no-pinheiros\/","title":{"rendered":"Finkel 2026 come\u00e7a com recordes e \u00edndices no Pinheiros"},"content":{"rendered":"<p>Come\u00e7ou com tudo o Trof\u00e9u Jos\u00e9 Finkel 2026 na piscina do Esporte Clube Pinheiros, registrando logo no primeiro dia de eliminat\u00f3rias recordes e \u00edndices para o Campeonato Mundial de piscina curta. Nesta manh\u00e3 foram estabelecidos um recorde de campeonato e dois recordes de campeonato, al\u00e9m de seis marcas abaixo do \u00edndice exigido para Pequim-2026.<\/p>\n<p>Eduardo Moraes bateu o recorde brasileiro e de campeonato nos 400m livre com o tempo de 3min39s43, sendo quase tr\u00eas segundos mais r\u00e1pido que o \u00edndice exigido para o Mundial de curta (3min42s18). Quem tamb\u00e9m nadou abaixo da marca para Pequim foram os nadadores Stephan Steverink com 3min41s45 e Leonardo Alcantara com 3min41s96.<\/p>\n<figure id=\"attachment_76878\" aria-describedby=\"caption-attachment-76878\" style=\"width: 1199px\" class=\"wp-caption alignnone\"><img loading=\"lazy\" decoding=\"async\" class=\"size-large wp-image-76878\" src=\"https:\/\/swimchannel.net\/br\/wp-content\/uploads\/2025\/10\/54889770592_2328559c9c_k-1199x800.jpg\" alt=\"\" width=\"1199\" height=\"800\" srcset=\"https:\/\/swimchannel.net\/br\/wp-content\/uploads\/2025\/10\/54889770592_2328559c9c_k-1199x800.jpg 1199w, https:\/\/swimchannel.net\/br\/wp-content\/uploads\/2025\/10\/54889770592_2328559c9c_k-1012x675.jpg 1012w, https:\/\/swimchannel.net\/br\/wp-content\/uploads\/2025\/10\/54889770592_2328559c9c_k-270x180.jpg 270w, https:\/\/swimchannel.net\/br\/wp-content\/uploads\/2025\/10\/54889770592_2328559c9c_k-768x512.jpg 768w, https:\/\/swimchannel.net\/br\/wp-content\/uploads\/2025\/10\/54889770592_2328559c9c_k-1536x1025.jpg 1536w, https:\/\/swimchannel.net\/br\/wp-content\/uploads\/2025\/10\/54889770592_2328559c9c_k-750x500.jpg 750w, https:\/\/swimchannel.net\/br\/wp-content\/uploads\/2025\/10\/54889770592_2328559c9c_k-1140x760.jpg 1140w, https:\/\/swimchannel.net\/br\/wp-content\/uploads\/2025\/10\/54889770592_2328559c9c_k.jpg 2048w\" sizes=\"auto, (max-width: 1199px) 100vw, 1199px\" \/><figcaption id=\"caption-attachment-76878\" class=\"wp-caption-text\">Eduardo Moraes &#8211; Foto: Satiro Sodre\/CBDA<\/figcaption><\/figure>\n<p>Nos 100m borboleta masculino tivemos outro recorde de campeonato registrado. Pedro Buch nadou para 49s70 e superou a marca de campeonato que era de Marco Antonio Macedo (50s06). O tempo foi ainda abaixo do \u00edndice para o Mundial de curta, o \u00fanico da manh\u00e3. Nos 200m peito o melhor tempo da manh\u00e3 foi do espanhol\/brasileiro Hugo Gonzalez com 2min06s92.<\/p>\n<p>Nas provas femininas tivemos ainda outros dois \u00edndices registrados durante a manh\u00e3.\u00a0Nos 400m livre apenas Maria Fernanda Costa nadou abaixo da marca exigida pela World Aquatics com 4min05s02. J\u00e1 nos 100m borboleta tivemos Giulia Carvalho com a marca de 56s96. Nos 200m peito feminino a mais r\u00e1pida das eliminat\u00f3rias foi Gabrielle Assis com 2min24s48.<\/p>\n<figure id=\"attachment_84247\" aria-describedby=\"caption-attachment-84247\" style=\"width: 473px\" class=\"wp-caption alignnone\"><img loading=\"lazy\" decoding=\"async\" class=\"size-full wp-image-84247\" src=\"https:\/\/swimchannel.net\/br\/wp-content\/uploads\/2026\/08\/pedrobuch.jpg\" alt=\"\" width=\"473\" height=\"630\" srcset=\"https:\/\/swimchannel.net\/br\/wp-content\/uploads\/2026\/08\/pedrobuch.jpg 473w, https:\/\/swimchannel.net\/br\/wp-content\/uploads\/2026\/08\/pedrobuch-135x180.jpg 135w\" sizes=\"auto, (max-width: 473px) 100vw, 473px\" \/><figcaption id=\"caption-attachment-84247\" class=\"wp-caption-text\">Pedro Buch &#8211; Foto: Satiro Sodr\u00e9<\/figcaption><\/figure>\n<p>Nas finais de hoje teremos ainda as provas do revezamento 4x100m livre masculino e feminino.\u00a0Os resultados completos da manh\u00e3 podem ser conferidos no site oficil da CBDA (<a href=\"https:\/\/www.cbda.org.br\/evento\/natacao\/v1_VnBMjXlzMR4rz0OG9R12asFllkWM-C_Fua6ceqI9QUk.PDEzyfAn_26kfHs2pYLOKmjxhIvZXC5FqE_Rs8z6ayc\/campeonato-brasileiro-de-natacao-jose-finkel\" target=\"_blank\" rel=\"noopener\">clique aqui<\/a>). E para assistir na \u00edntegra a etapa acesse o app da Swim Channel TV (<a href=\"https:\/\/tv.swimchannel.net\/\" target=\"_blank\" rel=\"noopener\">https:\/\/tv.swimchannel.net\/<\/a>) ou nosso canal do Youtube (<a href=\"https:\/\/www.youtube.com\/@SwimChanneltv\" target=\"_blank\" rel=\"noopener\">https:\/\/www.youtube.com\/@SwimChanneltv<\/a>).<\/p>\n<p>&nbsp;<\/p>\n<p>Gostaria de receber as not\u00edcias de nata\u00e7\u00e3o e \u00e1guas abertas no seu e-mail?<\/p>\n<p><a href=\"https:\/\/lpa.nitro.news\/n-GNe\/ultimas-noticias-swim-channel\">Cadastre-se aqui<\/a><\/p>\n","protected":false},"excerpt":{"rendered":"<p>Come\u00e7ou com tudo o Trof\u00e9u Jos\u00e9 Finkel 2026 na piscina do Esporte Clube Pinheiros, registrando logo no primeiro dia de eliminat\u00f3rias recordes e \u00edndices para o Campeonato Mundial de piscina curta. Nesta manh\u00e3 foram estabelecidos um recorde de campeonato e dois recordes de campeonato, al\u00e9m de seis marcas abaixo do \u00edndice exigido para Pequim-2026. Eduardo [&hellip;]<\/p>\n","protected":false},"author":3,"featured_media":76910,"comment_status":"open","ping_status":"open","sticky":false,"template":"","format":"standard","meta":{"footnotes":""},"categories":[241],"tags":[4687,5653,6289,5325,5,7160,2123,130],"class_list":["post-84244","post","type-post","status-publish","format-standard","has-post-thumbnail","hentry","category-trofeu-jose-finkel","tag-eduardo-moraes","tag-giulia-carvalho","tag-leonardo-alcantara","tag-maria-fernanda-costa","tag-natacao","tag-pedro-buch","tag-stephan-steverink","tag-trofeu-jose-finkel"],"yoast_head":"<!-- This site is optimized with the Yoast SEO plugin v28.3 - https:\/\/yoast.com\/product\/yoast-seo-wordpress\/ -->\n<title>Finkel 2026 come\u00e7a com recordes e \u00edndices no Pinheiros - Swimchannel<\/title>\n<meta name=\"robots\" content=\"index, follow, max-snippet:-1, max-image-preview:large, max-video-preview:-1\" \/>\n<link rel=\"canonical\" href=\"https:\/\/swimchannel.net\/br\/finkel-2026-comeca-com-recordes-e-indices-no-pinheiros\/\" \/>\n<meta property=\"og:locale\" content=\"pt_BR\" \/>\n<meta property=\"og:type\" content=\"article\" \/>\n<meta property=\"og:title\" content=\"Finkel 2026 come\u00e7a com recordes e \u00edndices no Pinheiros - Swimchannel\" \/>\n<meta property=\"og:description\" content=\"Come\u00e7ou com tudo o Trof\u00e9u Jos\u00e9 Finkel 2026 na piscina do Esporte Clube Pinheiros, registrando logo no primeiro dia de eliminat\u00f3rias recordes e \u00edndices para o Campeonato Mundial de piscina curta. Nesta manh\u00e3 foram estabelecidos um recorde de campeonato e dois recordes de campeonato, al\u00e9m de seis marcas abaixo do \u00edndice exigido para Pequim-2026. Eduardo [&hellip;]\" \/>\n<meta property=\"og:url\" content=\"https:\/\/swimchannel.net\/br\/finkel-2026-comeca-com-recordes-e-indices-no-pinheiros\/\" \/>\n<meta property=\"og:site_name\" content=\"Swimchannel\" \/>\n<meta property=\"article:publisher\" content=\"https:\/\/www.facebook.com\/swimchannel\" \/>\n<meta property=\"article:published_time\" content=\"2026-08-31T13:36:58+00:00\" \/>\n<meta property=\"og:image\" content=\"https:\/\/swimchannel.net\/br\/wp-content\/uploads\/2025\/11\/54893318737_9cd1b546fc_k.jpg\" \/>\n\t<meta property=\"og:image:width\" content=\"2048\" \/>\n\t<meta property=\"og:image:height\" content=\"1366\" \/>\n\t<meta property=\"og:image:type\" content=\"image\/jpeg\" \/>\n<meta name=\"author\" content=\"Guilherme Freitas\" \/>\n<meta name=\"twitter:card\" content=\"summary_large_image\" \/>\n<meta name=\"twitter:label1\" content=\"Escrito por\" \/>\n\t<meta name=\"twitter:data1\" content=\"Guilherme Freitas\" \/>\n\t<meta name=\"twitter:label2\" content=\"Est. tempo de leitura\" \/>\n\t<meta name=\"twitter:data2\" content=\"3 minutos\" \/>\n<script type=\"application\/ld+json\" class=\"yoast-schema-graph\">{\"@context\":\"https:\\\/\\\/schema.org\",\"@graph\":[{\"@type\":\"Article\",\"@id\":\"https:\\\/\\\/swimchannel.net\\\/br\\\/finkel-2026-comeca-com-recordes-e-indices-no-pinheiros\\\/#article\",\"isPartOf\":{\"@id\":\"https:\\\/\\\/swimchannel.net\\\/br\\\/finkel-2026-comeca-com-recordes-e-indices-no-pinheiros\\\/\"},\"author\":{\"name\":\"Guilherme Freitas\",\"@id\":\"https:\\\/\\\/swimchannel.net\\\/br\\\/#\\\/schema\\\/person\\\/aa2a63bab3275f53749a83276b213c48\"},\"headline\":\"Finkel 2026 come\u00e7a com recordes e \u00edndices no Pinheiros\",\"datePublished\":\"2026-08-31T13:36:58+00:00\",\"mainEntityOfPage\":{\"@id\":\"https:\\\/\\\/swimchannel.net\\\/br\\\/finkel-2026-comeca-com-recordes-e-indices-no-pinheiros\\\/\"},\"wordCount\":350,\"commentCount\":0,\"publisher\":{\"@id\":\"https:\\\/\\\/swimchannel.net\\\/br\\\/#organization\"},\"image\":{\"@id\":\"https:\\\/\\\/swimchannel.net\\\/br\\\/finkel-2026-comeca-com-recordes-e-indices-no-pinheiros\\\/#primaryimage\"},\"thumbnailUrl\":\"https:\\\/\\\/swimchannel.net\\\/br\\\/wp-content\\\/uploads\\\/2025\\\/11\\\/54893318737_9cd1b546fc_k.jpg\",\"keywords\":[\"Eduardo Moraes\",\"Giulia Carvalho\",\"Leonardo Alc\u00e2ntara\",\"Maria Fernanda Costa\",\"natacao\",\"Pedro Buch\",\"Stephan Steverink\",\"Trof\u00e9u Jos\u00e9 Finkel\"],\"articleSection\":[\"Trof\u00e9u Jos\u00e9 Finkel\"],\"inLanguage\":\"pt-BR\",\"potentialAction\":[{\"@type\":\"CommentAction\",\"name\":\"Comment\",\"target\":[\"https:\\\/\\\/swimchannel.net\\\/br\\\/finkel-2026-comeca-com-recordes-e-indices-no-pinheiros\\\/#respond\"]}]},{\"@type\":\"WebPage\",\"@id\":\"https:\\\/\\\/swimchannel.net\\\/br\\\/finkel-2026-comeca-com-recordes-e-indices-no-pinheiros\\\/\",\"url\":\"https:\\\/\\\/swimchannel.net\\\/br\\\/finkel-2026-comeca-com-recordes-e-indices-no-pinheiros\\\/\",\"name\":\"Finkel 2026 come\u00e7a com recordes e \u00edndices no Pinheiros - Swimchannel\",\"isPartOf\":{\"@id\":\"https:\\\/\\\/swimchannel.net\\\/br\\\/#website\"},\"primaryImageOfPage\":{\"@id\":\"https:\\\/\\\/swimchannel.net\\\/br\\\/finkel-2026-comeca-com-recordes-e-indices-no-pinheiros\\\/#primaryimage\"},\"image\":{\"@id\":\"https:\\\/\\\/swimchannel.net\\\/br\\\/finkel-2026-comeca-com-recordes-e-indices-no-pinheiros\\\/#primaryimage\"},\"thumbnailUrl\":\"https:\\\/\\\/swimchannel.net\\\/br\\\/wp-content\\\/uploads\\\/2025\\\/11\\\/54893318737_9cd1b546fc_k.jpg\",\"datePublished\":\"2026-08-31T13:36:58+00:00\",\"breadcrumb\":{\"@id\":\"https:\\\/\\\/swimchannel.net\\\/br\\\/finkel-2026-comeca-com-recordes-e-indices-no-pinheiros\\\/#breadcrumb\"},\"inLanguage\":\"pt-BR\",\"potentialAction\":[{\"@type\":\"ReadAction\",\"target\":[\"https:\\\/\\\/swimchannel.net\\\/br\\\/finkel-2026-comeca-com-recordes-e-indices-no-pinheiros\\\/\"]}]},{\"@type\":\"ImageObject\",\"inLanguage\":\"pt-BR\",\"@id\":\"https:\\\/\\\/swimchannel.net\\\/br\\\/finkel-2026-comeca-com-recordes-e-indices-no-pinheiros\\\/#primaryimage\",\"url\":\"https:\\\/\\\/swimchannel.net\\\/br\\\/wp-content\\\/uploads\\\/2025\\\/11\\\/54893318737_9cd1b546fc_k.jpg\",\"contentUrl\":\"https:\\\/\\\/swimchannel.net\\\/br\\\/wp-content\\\/uploads\\\/2025\\\/11\\\/54893318737_9cd1b546fc_k.jpg\",\"width\":2048,\"height\":1366,\"caption\":\"Eduardo Moraes - Foto: Satiro Sodr\u00e9\"},{\"@type\":\"BreadcrumbList\",\"@id\":\"https:\\\/\\\/swimchannel.net\\\/br\\\/finkel-2026-comeca-com-recordes-e-indices-no-pinheiros\\\/#breadcrumb\",\"itemListElement\":[{\"@type\":\"ListItem\",\"position\":1,\"name\":\"Home\",\"item\":\"https:\\\/\\\/swimchannel.net\\\/br\\\/\"},{\"@type\":\"ListItem\",\"position\":2,\"name\":\"Finkel 2026 come\u00e7a com recordes e \u00edndices no Pinheiros\"}]},{\"@type\":\"WebSite\",\"@id\":\"https:\\\/\\\/swimchannel.net\\\/br\\\/#website\",\"url\":\"https:\\\/\\\/swimchannel.net\\\/br\\\/\",\"name\":\"Swimchannel\",\"description\":\"Maior portal de nata\u00e7\u00e3o da america latina\",\"publisher\":{\"@id\":\"https:\\\/\\\/swimchannel.net\\\/br\\\/#organization\"},\"potentialAction\":[{\"@type\":\"SearchAction\",\"target\":{\"@type\":\"EntryPoint\",\"urlTemplate\":\"https:\\\/\\\/swimchannel.net\\\/br\\\/?s={search_term_string}\"},\"query-input\":{\"@type\":\"PropertyValueSpecification\",\"valueRequired\":true,\"valueName\":\"search_term_string\"}}],\"inLanguage\":\"pt-BR\"},{\"@type\":\"Organization\",\"@id\":\"https:\\\/\\\/swimchannel.net\\\/br\\\/#organization\",\"name\":\"Swimchannel - Conectando voc\u00ea a Nata\u00e7\u00e3o\",\"url\":\"https:\\\/\\\/swimchannel.net\\\/br\\\/\",\"logo\":{\"@type\":\"ImageObject\",\"inLanguage\":\"pt-BR\",\"@id\":\"https:\\\/\\\/swimchannel.net\\\/br\\\/#\\\/schema\\\/logo\\\/image\\\/\",\"url\":\"https:\\\/\\\/swimchannel.net\\\/br\\\/wp-content\\\/uploads\\\/2026\\\/02\\\/SWIM-CHANNEL.png\",\"contentUrl\":\"https:\\\/\\\/swimchannel.net\\\/br\\\/wp-content\\\/uploads\\\/2026\\\/02\\\/SWIM-CHANNEL.png\",\"width\":1120,\"height\":630,\"caption\":\"Swimchannel - Conectando voc\u00ea a Nata\u00e7\u00e3o\"},\"image\":{\"@id\":\"https:\\\/\\\/swimchannel.net\\\/br\\\/#\\\/schema\\\/logo\\\/image\\\/\"},\"sameAs\":[\"https:\\\/\\\/www.facebook.com\\\/swimchannel\",\"https:\\\/\\\/www.instagram.com\\\/swimchannel\"]},{\"@type\":\"Person\",\"@id\":\"https:\\\/\\\/swimchannel.net\\\/br\\\/#\\\/schema\\\/person\\\/aa2a63bab3275f53749a83276b213c48\",\"name\":\"Guilherme Freitas\",\"image\":{\"@type\":\"ImageObject\",\"inLanguage\":\"pt-BR\",\"@id\":\"https:\\\/\\\/swimchannel.net\\\/br\\\/wp-content\\\/uploads\\\/2025\\\/10\\\/gui22-193x180.png\",\"url\":\"https:\\\/\\\/swimchannel.net\\\/br\\\/wp-content\\\/uploads\\\/2025\\\/10\\\/gui22-193x180.png\",\"contentUrl\":\"https:\\\/\\\/swimchannel.net\\\/br\\\/wp-content\\\/uploads\\\/2025\\\/10\\\/gui22-193x180.png\",\"caption\":\"Guilherme Freitas\"},\"description\":\"Jornalista s\u00eanior da SWIM CHANNEL, ex-correspondente da FINA no Brasil e pesquisador acad\u00eamico.\",\"sameAs\":[\"instagram.com\\\/guifreitas86\"],\"url\":\"https:\\\/\\\/swimchannel.net\\\/br\\\/author\\\/guilherme-freitas\\\/\"}]}<\/script>\n<!-- \/ Yoast SEO plugin. -->","yoast_head_json":{"title":"Finkel 2026 come\u00e7a com recordes e \u00edndices no Pinheiros - Swimchannel","robots":{"index":"index","follow":"follow","max-snippet":"max-snippet:-1","max-image-preview":"max-image-preview:large","max-video-preview":"max-video-preview:-1"},"canonical":"https:\/\/swimchannel.net\/br\/finkel-2026-comeca-com-recordes-e-indices-no-pinheiros\/","og_locale":"pt_BR","og_type":"article","og_title":"Finkel 2026 come\u00e7a com recordes e \u00edndices no Pinheiros - Swimchannel","og_description":"Come\u00e7ou com tudo o Trof\u00e9u Jos\u00e9 Finkel 2026 na piscina do Esporte Clube Pinheiros, registrando logo no primeiro dia de eliminat\u00f3rias recordes e \u00edndices para o Campeonato Mundial de piscina curta. Nesta manh\u00e3 foram estabelecidos um recorde de campeonato e dois recordes de campeonato, al\u00e9m de seis marcas abaixo do \u00edndice exigido para Pequim-2026. Eduardo [&hellip;]","og_url":"https:\/\/swimchannel.net\/br\/finkel-2026-comeca-com-recordes-e-indices-no-pinheiros\/","og_site_name":"Swimchannel","article_publisher":"https:\/\/www.facebook.com\/swimchannel","article_published_time":"2026-08-31T13:36:58+00:00","og_image":[{"width":2048,"height":1366,"url":"https:\/\/swimchannel.net\/br\/wp-content\/uploads\/2025\/11\/54893318737_9cd1b546fc_k.jpg","type":"image\/jpeg"}],"author":"Guilherme Freitas","twitter_card":"summary_large_image","twitter_misc":{"Escrito por":"Guilherme Freitas","Est. tempo de leitura":"3 minutos"},"schema":{"@context":"https:\/\/schema.org","@graph":[{"@type":"Article","@id":"https:\/\/swimchannel.net\/br\/finkel-2026-comeca-com-recordes-e-indices-no-pinheiros\/#article","isPartOf":{"@id":"https:\/\/swimchannel.net\/br\/finkel-2026-comeca-com-recordes-e-indices-no-pinheiros\/"},"author":{"name":"Guilherme Freitas","@id":"https:\/\/swimchannel.net\/br\/#\/schema\/person\/aa2a63bab3275f53749a83276b213c48"},"headline":"Finkel 2026 come\u00e7a com recordes e \u00edndices no Pinheiros","datePublished":"2026-08-31T13:36:58+00:00","mainEntityOfPage":{"@id":"https:\/\/swimchannel.net\/br\/finkel-2026-comeca-com-recordes-e-indices-no-pinheiros\/"},"wordCount":350,"commentCount":0,"publisher":{"@id":"https:\/\/swimchannel.net\/br\/#organization"},"image":{"@id":"https:\/\/swimchannel.net\/br\/finkel-2026-comeca-com-recordes-e-indices-no-pinheiros\/#primaryimage"},"thumbnailUrl":"https:\/\/swimchannel.net\/br\/wp-content\/uploads\/2025\/11\/54893318737_9cd1b546fc_k.jpg","keywords":["Eduardo Moraes","Giulia Carvalho","Leonardo Alc\u00e2ntara","Maria Fernanda Costa","natacao","Pedro Buch","Stephan Steverink","Trof\u00e9u Jos\u00e9 Finkel"],"articleSection":["Trof\u00e9u Jos\u00e9 Finkel"],"inLanguage":"pt-BR","potentialAction":[{"@type":"CommentAction","name":"Comment","target":["https:\/\/swimchannel.net\/br\/finkel-2026-comeca-com-recordes-e-indices-no-pinheiros\/#respond"]}]},{"@type":"WebPage","@id":"https:\/\/swimchannel.net\/br\/finkel-2026-comeca-com-recordes-e-indices-no-pinheiros\/","url":"https:\/\/swimchannel.net\/br\/finkel-2026-comeca-com-recordes-e-indices-no-pinheiros\/","name":"Finkel 2026 come\u00e7a com recordes e \u00edndices no Pinheiros - Swimchannel","isPartOf":{"@id":"https:\/\/swimchannel.net\/br\/#website"},"primaryImageOfPage":{"@id":"https:\/\/swimchannel.net\/br\/finkel-2026-comeca-com-recordes-e-indices-no-pinheiros\/#primaryimage"},"image":{"@id":"https:\/\/swimchannel.net\/br\/finkel-2026-comeca-com-recordes-e-indices-no-pinheiros\/#primaryimage"},"thumbnailUrl":"https:\/\/swimchannel.net\/br\/wp-content\/uploads\/2025\/11\/54893318737_9cd1b546fc_k.jpg","datePublished":"2026-08-31T13:36:58+00:00","breadcrumb":{"@id":"https:\/\/swimchannel.net\/br\/finkel-2026-comeca-com-recordes-e-indices-no-pinheiros\/#breadcrumb"},"inLanguage":"pt-BR","potentialAction":[{"@type":"ReadAction","target":["https:\/\/swimchannel.net\/br\/finkel-2026-comeca-com-recordes-e-indices-no-pinheiros\/"]}]},{"@type":"ImageObject","inLanguage":"pt-BR","@id":"https:\/\/swimchannel.net\/br\/finkel-2026-comeca-com-recordes-e-indices-no-pinheiros\/#primaryimage","url":"https:\/\/swimchannel.net\/br\/wp-content\/uploads\/2025\/11\/54893318737_9cd1b546fc_k.jpg","contentUrl":"https:\/\/swimchannel.net\/br\/wp-content\/uploads\/2025\/11\/54893318737_9cd1b546fc_k.jpg","width":2048,"height":1366,"caption":"Eduardo Moraes - Foto: Satiro Sodr\u00e9"},{"@type":"BreadcrumbList","@id":"https:\/\/swimchannel.net\/br\/finkel-2026-comeca-com-recordes-e-indices-no-pinheiros\/#breadcrumb","itemListElement":[{"@type":"ListItem","position":1,"name":"Home","item":"https:\/\/swimchannel.net\/br\/"},{"@type":"ListItem","position":2,"name":"Finkel 2026 come\u00e7a com recordes e \u00edndices no Pinheiros"}]},{"@type":"WebSite","@id":"https:\/\/swimchannel.net\/br\/#website","url":"https:\/\/swimchannel.net\/br\/","name":"Swimchannel","description":"Maior portal de nata\u00e7\u00e3o da america latina","publisher":{"@id":"https:\/\/swimchannel.net\/br\/#organization"},"potentialAction":[{"@type":"SearchAction","target":{"@type":"EntryPoint","urlTemplate":"https:\/\/swimchannel.net\/br\/?s={search_term_string}"},"query-input":{"@type":"PropertyValueSpecification","valueRequired":true,"valueName":"search_term_string"}}],"inLanguage":"pt-BR"},{"@type":"Organization","@id":"https:\/\/swimchannel.net\/br\/#organization","name":"Swimchannel - Conectando voc\u00ea a Nata\u00e7\u00e3o","url":"https:\/\/swimchannel.net\/br\/","logo":{"@type":"ImageObject","inLanguage":"pt-BR","@id":"https:\/\/swimchannel.net\/br\/#\/schema\/logo\/image\/","url":"https:\/\/swimchannel.net\/br\/wp-content\/uploads\/2026\/02\/SWIM-CHANNEL.png","contentUrl":"https:\/\/swimchannel.net\/br\/wp-content\/uploads\/2026\/02\/SWIM-CHANNEL.png","width":1120,"height":630,"caption":"Swimchannel - Conectando voc\u00ea a Nata\u00e7\u00e3o"},"image":{"@id":"https:\/\/swimchannel.net\/br\/#\/schema\/logo\/image\/"},"sameAs":["https:\/\/www.facebook.com\/swimchannel","https:\/\/www.instagram.com\/swimchannel"]},{"@type":"Person","@id":"https:\/\/swimchannel.net\/br\/#\/schema\/person\/aa2a63bab3275f53749a83276b213c48","name":"Guilherme Freitas","image":{"@type":"ImageObject","inLanguage":"pt-BR","@id":"https:\/\/swimchannel.net\/br\/wp-content\/uploads\/2025\/10\/gui22-193x180.png","url":"https:\/\/swimchannel.net\/br\/wp-content\/uploads\/2025\/10\/gui22-193x180.png","contentUrl":"https:\/\/swimchannel.net\/br\/wp-content\/uploads\/2025\/10\/gui22-193x180.png","caption":"Guilherme Freitas"},"description":"Jornalista s\u00eanior da SWIM CHANNEL, ex-correspondente da FINA no Brasil e pesquisador acad\u00eamico.","sameAs":["instagram.com\/guifreitas86"],"url":"https:\/\/swimchannel.net\/br\/author\/guilherme-freitas\/"}]}},"_links":{"self":[{"href":"https:\/\/swimchannel.net\/br\/wp-json\/wp\/v2\/posts\/84244","targetHints":{"allow":["GET"]}}],"collection":[{"href":"https:\/\/swimchannel.net\/br\/wp-json\/wp\/v2\/posts"}],"about":[{"href":"https:\/\/swimchannel.net\/br\/wp-json\/wp\/v2\/types\/post"}],"author":[{"embeddable":true,"href":"https:\/\/swimchannel.net\/br\/wp-json\/wp\/v2\/users\/3"}],"replies":[{"embeddable":true,"href":"https:\/\/swimchannel.net\/br\/wp-json\/wp\/v2\/comments?post=84244"}],"version-history":[{"count":3,"href":"https:\/\/swimchannel.net\/br\/wp-json\/wp\/v2\/posts\/84244\/revisions"}],"predecessor-version":[{"id":84248,"href":"https:\/\/swimchannel.net\/br\/wp-json\/wp\/v2\/posts\/84244\/revisions\/84248"}],"wp:featuredmedia":[{"embeddable":true,"href":"https:\/\/swimchannel.net\/br\/wp-json\/wp\/v2\/media\/76910"}],"wp:attachment":[{"href":"https:\/\/swimchannel.net\/br\/wp-json\/wp\/v2\/media?parent=84244"}],"wp:term":[{"taxonomy":"category","embeddable":true,"href":"https:\/\/swimchannel.net\/br\/wp-json\/wp\/v2\/categories?post=84244"},{"taxonomy":"post_tag","embeddable":true,"href":"https:\/\/swimchannel.net\/br\/wp-json\/wp\/v2\/tags?post=84244"}],"curies":[{"name":"wp","href":"https:\/\/api.w.org\/{rel}","templated":true}]}}