{"id":84249,"date":"2026-08-31T12:51:28","date_gmt":"2026-08-31T15:51:28","guid":{"rendered":"https:\/\/swimchannel.net\/br\/?p=84249"},"modified":"2026-08-31T12:51:28","modified_gmt":"2026-08-31T15:51:28","slug":"fernando-scheffer-anuncia-aposentadoria-para-o-finkel-2026","status":"publish","type":"post","link":"https:\/\/swimchannel.net\/br\/fernando-scheffer-anuncia-aposentadoria-para-o-finkel-2026\/","title":{"rendered":"Fernando Scheffer anuncia aposentadoria para o Finkel 2026"},"content":{"rendered":"<p>Fernando Scheffer anunciou via suas redes sociais a sua aposentadoria da nata\u00e7\u00e3o. Na v\u00e9spera do in\u00edcio do Trof\u00e9u Jos\u00e9 Finkel, o nadador ga\u00facho de 28 anos de idade que representa a Unisanta vai nadar as provas de 100m e 200m livre na competi\u00e7\u00e3o que marcar\u00e3o o final oficial de sua carreira.<\/p>\n<p>Medalhista de bronze ol\u00edmpico, Scheffer acumula dois recordes sul-americanos, os 200m livre em piscina longa (1:44.66). na curta (1:41.32) al\u00e9m do recorde brasileiro em piscina curta dos 400m livre com 3:39.10.<\/p>\n<figure id=\"attachment_82733\" aria-describedby=\"caption-attachment-82733\" style=\"width: 945px\" class=\"wp-caption alignnone\"><img loading=\"lazy\" decoding=\"async\" class=\"size-full wp-image-82733\" src=\"https:\/\/swimchannel.net\/br\/wp-content\/uploads\/2026\/06\/FER65533TRATADA.jpg\" alt=\"\" width=\"945\" height=\"630\" srcset=\"https:\/\/swimchannel.net\/br\/wp-content\/uploads\/2026\/06\/FER65533TRATADA.jpg 945w, https:\/\/swimchannel.net\/br\/wp-content\/uploads\/2026\/06\/FER65533TRATADA-270x180.jpg 270w, https:\/\/swimchannel.net\/br\/wp-content\/uploads\/2026\/06\/FER65533TRATADA-768x512.jpg 768w, https:\/\/swimchannel.net\/br\/wp-content\/uploads\/2026\/06\/FER65533TRATADA-750x500.jpg 750w\" sizes=\"auto, (max-width: 945px) 100vw, 945px\" \/><figcaption id=\"caption-attachment-82733\" class=\"wp-caption-text\">Fernando Scheffer &#8211; Foto: Fabiola Molina\/Reprodu\u00e7\u00e3o<\/figcaption><\/figure>\n<p>Nascido em Canoas, 6 de Abril de 1998, Scheffer come\u00e7ou a nadar em uma escolinha de nata\u00e7\u00e3o na sua cidade natal. Acompanhando o irm\u00e3o, chegou ao Gr\u00eamio N\u00e1utico Uni\u00e3o onde chegou a p\u00f3dios em campeonatos brasileiros. Em plena evolu\u00e7\u00e3o se transferiu para o Minas T\u00eanis Clube, clube que lhe deu as maiores conquistas at\u00e9 se transferir em 2025 para a Unisanta.<\/p>\n<p>Scheffer mant\u00e9m um instituto, o Instituto Fernando Scheffer, entidade que pretende focar a partir de agora como sua maior participa\u00e7\u00e3o no esporte. Visite o site:\u00a0<a href=\"https:\/\/institutofernandoscheffer.org.br\/\">https:\/\/institutofernandoscheffer.org.br\/<\/a>.<\/p>\n<p>&nbsp;<\/p>\n<p>Gostaria de receber as not\u00edcias de nata\u00e7\u00e3o e \u00e1guas abertas no seu e-mail?<\/p>\n<p><a href=\"https:\/\/lpa.nitro.news\/n-GNe\/ultimas-noticias-swim-channel\">Cadastre-se aqui<\/a><\/p>\n","protected":false},"excerpt":{"rendered":"<p>Fernando Scheffer anunciou via suas redes sociais a sua aposentadoria da nata\u00e7\u00e3o. Na v\u00e9spera do in\u00edcio do Trof\u00e9u Jos\u00e9 Finkel, o nadador ga\u00facho de 28 anos de idade que representa a Unisanta vai nadar as provas de 100m e 200m livre na competi\u00e7\u00e3o que marcar\u00e3o o final oficial de sua carreira. Medalhista de bronze ol\u00edmpico, [&hellip;]<\/p>\n","protected":false},"author":12,"featured_media":84250,"comment_status":"open","ping_status":"open","sticky":false,"template":"","format":"standard","meta":{"footnotes":""},"categories":[137],"tags":[1264,5,130],"class_list":["post-84249","post","type-post","status-publish","format-standard","has-post-thumbnail","hentry","category-natacao","tag-fernando-scheffer","tag-natacao","tag-trofeu-jose-finkel"],"yoast_head":"<!-- This site is optimized with the Yoast SEO plugin v28.3 - https:\/\/yoast.com\/product\/yoast-seo-wordpress\/ -->\n<title>Fernando Scheffer anuncia aposentadoria para o Finkel 2026 - Swimchannel<\/title>\n<meta name=\"robots\" content=\"index, follow, max-snippet:-1, max-image-preview:large, max-video-preview:-1\" \/>\n<link rel=\"canonical\" href=\"https:\/\/swimchannel.net\/br\/fernando-scheffer-anuncia-aposentadoria-para-o-finkel-2026\/\" \/>\n<meta property=\"og:locale\" content=\"pt_BR\" \/>\n<meta property=\"og:type\" content=\"article\" \/>\n<meta property=\"og:title\" content=\"Fernando Scheffer anuncia aposentadoria para o Finkel 2026 - Swimchannel\" \/>\n<meta property=\"og:description\" content=\"Fernando Scheffer anunciou via suas redes sociais a sua aposentadoria da nata\u00e7\u00e3o. Na v\u00e9spera do in\u00edcio do Trof\u00e9u Jos\u00e9 Finkel, o nadador ga\u00facho de 28 anos de idade que representa a Unisanta vai nadar as provas de 100m e 200m livre na competi\u00e7\u00e3o que marcar\u00e3o o final oficial de sua carreira. Medalhista de bronze ol\u00edmpico, [&hellip;]\" \/>\n<meta property=\"og:url\" content=\"https:\/\/swimchannel.net\/br\/fernando-scheffer-anuncia-aposentadoria-para-o-finkel-2026\/\" \/>\n<meta property=\"og:site_name\" content=\"Swimchannel\" \/>\n<meta property=\"article:publisher\" content=\"https:\/\/www.facebook.com\/swimchannel\" \/>\n<meta property=\"article:published_time\" content=\"2026-08-31T15:51:28+00:00\" \/>\n<meta property=\"og:image\" content=\"https:\/\/swimchannel.net\/br\/wp-content\/uploads\/2026\/08\/ntc_1697635931.jpeg\" \/>\n\t<meta property=\"og:image:width\" content=\"984\" \/>\n\t<meta property=\"og:image:height\" content=\"630\" \/>\n\t<meta property=\"og:image:type\" content=\"image\/jpeg\" \/>\n<meta name=\"author\" content=\"Alex Pussieldi\" \/>\n<meta name=\"twitter:card\" content=\"summary_large_image\" \/>\n<meta name=\"twitter:label1\" content=\"Escrito por\" \/>\n\t<meta name=\"twitter:data1\" content=\"Alex Pussieldi\" \/>\n\t<meta name=\"twitter:label2\" content=\"Est. tempo de leitura\" \/>\n\t<meta name=\"twitter:data2\" content=\"2 minutos\" \/>\n<script type=\"application\/ld+json\" class=\"yoast-schema-graph\">{\"@context\":\"https:\\\/\\\/schema.org\",\"@graph\":[{\"@type\":\"Article\",\"@id\":\"https:\\\/\\\/swimchannel.net\\\/br\\\/fernando-scheffer-anuncia-aposentadoria-para-o-finkel-2026\\\/#article\",\"isPartOf\":{\"@id\":\"https:\\\/\\\/swimchannel.net\\\/br\\\/fernando-scheffer-anuncia-aposentadoria-para-o-finkel-2026\\\/\"},\"author\":{\"name\":\"Alex Pussieldi\",\"@id\":\"https:\\\/\\\/swimchannel.net\\\/br\\\/#\\\/schema\\\/person\\\/cf549cb99cf75592fcf7c76213385e63\"},\"headline\":\"Fernando Scheffer anuncia aposentadoria para o Finkel 2026\",\"datePublished\":\"2026-08-31T15:51:28+00:00\",\"mainEntityOfPage\":{\"@id\":\"https:\\\/\\\/swimchannel.net\\\/br\\\/fernando-scheffer-anuncia-aposentadoria-para-o-finkel-2026\\\/\"},\"wordCount\":225,\"commentCount\":0,\"publisher\":{\"@id\":\"https:\\\/\\\/swimchannel.net\\\/br\\\/#organization\"},\"image\":{\"@id\":\"https:\\\/\\\/swimchannel.net\\\/br\\\/fernando-scheffer-anuncia-aposentadoria-para-o-finkel-2026\\\/#primaryimage\"},\"thumbnailUrl\":\"https:\\\/\\\/swimchannel.net\\\/br\\\/wp-content\\\/uploads\\\/2026\\\/08\\\/ntc_1697635931.jpeg\",\"keywords\":[\"Fernando Scheffer\",\"natacao\",\"Trof\u00e9u Jos\u00e9 Finkel\"],\"articleSection\":[\"Nata\u00e7\u00e3o\"],\"inLanguage\":\"pt-BR\",\"potentialAction\":[{\"@type\":\"CommentAction\",\"name\":\"Comment\",\"target\":[\"https:\\\/\\\/swimchannel.net\\\/br\\\/fernando-scheffer-anuncia-aposentadoria-para-o-finkel-2026\\\/#respond\"]}]},{\"@type\":\"WebPage\",\"@id\":\"https:\\\/\\\/swimchannel.net\\\/br\\\/fernando-scheffer-anuncia-aposentadoria-para-o-finkel-2026\\\/\",\"url\":\"https:\\\/\\\/swimchannel.net\\\/br\\\/fernando-scheffer-anuncia-aposentadoria-para-o-finkel-2026\\\/\",\"name\":\"Fernando Scheffer anuncia aposentadoria para o Finkel 2026 - Swimchannel\",\"isPartOf\":{\"@id\":\"https:\\\/\\\/swimchannel.net\\\/br\\\/#website\"},\"primaryImageOfPage\":{\"@id\":\"https:\\\/\\\/swimchannel.net\\\/br\\\/fernando-scheffer-anuncia-aposentadoria-para-o-finkel-2026\\\/#primaryimage\"},\"image\":{\"@id\":\"https:\\\/\\\/swimchannel.net\\\/br\\\/fernando-scheffer-anuncia-aposentadoria-para-o-finkel-2026\\\/#primaryimage\"},\"thumbnailUrl\":\"https:\\\/\\\/swimchannel.net\\\/br\\\/wp-content\\\/uploads\\\/2026\\\/08\\\/ntc_1697635931.jpeg\",\"datePublished\":\"2026-08-31T15:51:28+00:00\",\"breadcrumb\":{\"@id\":\"https:\\\/\\\/swimchannel.net\\\/br\\\/fernando-scheffer-anuncia-aposentadoria-para-o-finkel-2026\\\/#breadcrumb\"},\"inLanguage\":\"pt-BR\",\"potentialAction\":[{\"@type\":\"ReadAction\",\"target\":[\"https:\\\/\\\/swimchannel.net\\\/br\\\/fernando-scheffer-anuncia-aposentadoria-para-o-finkel-2026\\\/\"]}]},{\"@type\":\"ImageObject\",\"inLanguage\":\"pt-BR\",\"@id\":\"https:\\\/\\\/swimchannel.net\\\/br\\\/fernando-scheffer-anuncia-aposentadoria-para-o-finkel-2026\\\/#primaryimage\",\"url\":\"https:\\\/\\\/swimchannel.net\\\/br\\\/wp-content\\\/uploads\\\/2026\\\/08\\\/ntc_1697635931.jpeg\",\"contentUrl\":\"https:\\\/\\\/swimchannel.net\\\/br\\\/wp-content\\\/uploads\\\/2026\\\/08\\\/ntc_1697635931.jpeg\",\"width\":984,\"height\":630,\"caption\":\"Fernando Scheffer - Foto: Gabriel Baron\\\/COB\"},{\"@type\":\"BreadcrumbList\",\"@id\":\"https:\\\/\\\/swimchannel.net\\\/br\\\/fernando-scheffer-anuncia-aposentadoria-para-o-finkel-2026\\\/#breadcrumb\",\"itemListElement\":[{\"@type\":\"ListItem\",\"position\":1,\"name\":\"Home\",\"item\":\"https:\\\/\\\/swimchannel.net\\\/br\\\/\"},{\"@type\":\"ListItem\",\"position\":2,\"name\":\"Fernando Scheffer anuncia aposentadoria para o Finkel 2026\"}]},{\"@type\":\"WebSite\",\"@id\":\"https:\\\/\\\/swimchannel.net\\\/br\\\/#website\",\"url\":\"https:\\\/\\\/swimchannel.net\\\/br\\\/\",\"name\":\"Swimchannel\",\"description\":\"Maior portal de nata\u00e7\u00e3o da america latina\",\"publisher\":{\"@id\":\"https:\\\/\\\/swimchannel.net\\\/br\\\/#organization\"},\"potentialAction\":[{\"@type\":\"SearchAction\",\"target\":{\"@type\":\"EntryPoint\",\"urlTemplate\":\"https:\\\/\\\/swimchannel.net\\\/br\\\/?s={search_term_string}\"},\"query-input\":{\"@type\":\"PropertyValueSpecification\",\"valueRequired\":true,\"valueName\":\"search_term_string\"}}],\"inLanguage\":\"pt-BR\"},{\"@type\":\"Organization\",\"@id\":\"https:\\\/\\\/swimchannel.net\\\/br\\\/#organization\",\"name\":\"Swimchannel - Conectando voc\u00ea a Nata\u00e7\u00e3o\",\"url\":\"https:\\\/\\\/swimchannel.net\\\/br\\\/\",\"logo\":{\"@type\":\"ImageObject\",\"inLanguage\":\"pt-BR\",\"@id\":\"https:\\\/\\\/swimchannel.net\\\/br\\\/#\\\/schema\\\/logo\\\/image\\\/\",\"url\":\"https:\\\/\\\/swimchannel.net\\\/br\\\/wp-content\\\/uploads\\\/2026\\\/02\\\/SWIM-CHANNEL.png\",\"contentUrl\":\"https:\\\/\\\/swimchannel.net\\\/br\\\/wp-content\\\/uploads\\\/2026\\\/02\\\/SWIM-CHANNEL.png\",\"width\":1120,\"height\":630,\"caption\":\"Swimchannel - Conectando voc\u00ea a Nata\u00e7\u00e3o\"},\"image\":{\"@id\":\"https:\\\/\\\/swimchannel.net\\\/br\\\/#\\\/schema\\\/logo\\\/image\\\/\"},\"sameAs\":[\"https:\\\/\\\/www.facebook.com\\\/swimchannel\",\"https:\\\/\\\/www.instagram.com\\\/swimchannel\"]},{\"@type\":\"Person\",\"@id\":\"https:\\\/\\\/swimchannel.net\\\/br\\\/#\\\/schema\\\/person\\\/cf549cb99cf75592fcf7c76213385e63\",\"name\":\"Alex Pussieldi\",\"image\":{\"@type\":\"ImageObject\",\"inLanguage\":\"pt-BR\",\"@id\":\"https:\\\/\\\/swimchannel.net\\\/br\\\/wp-content\\\/uploads\\\/2021\\\/02\\\/9b1c252d-a4bd-4eda-b399-24565cac4114-100x100.jpg\",\"url\":\"https:\\\/\\\/swimchannel.net\\\/br\\\/wp-content\\\/uploads\\\/2021\\\/02\\\/9b1c252d-a4bd-4eda-b399-24565cac4114-100x100.jpg\",\"contentUrl\":\"https:\\\/\\\/swimchannel.net\\\/br\\\/wp-content\\\/uploads\\\/2021\\\/02\\\/9b1c252d-a4bd-4eda-b399-24565cac4114-100x100.jpg\",\"caption\":\"Alex Pussieldi\"},\"description\":\"Alexandre Pussieldi, apelidado de \u201ccoach\u201d, Foi t\u00e9cnico da sele\u00e7\u00e3o verde e amarela nas Olimp\u00edadas de Pequim-2008 e Londres-2012. O treinador ainda comandou outros quatro pa\u00edses: Kuwait, Paraguai, Aruba e Antilhas Holandesas, al\u00e9m da sele\u00e7\u00e3o americana de \u00e1guas abertas. Pussieldi tem passagens como comentarista de nata\u00e7\u00e3o do Grupo Globo e Swim Channel.\",\"url\":\"https:\\\/\\\/swimchannel.net\\\/br\\\/author\\\/alexpussieldi\\\/\"}]}<\/script>\n<!-- \/ Yoast SEO plugin. -->","yoast_head_json":{"title":"Fernando Scheffer anuncia aposentadoria para o Finkel 2026 - Swimchannel","robots":{"index":"index","follow":"follow","max-snippet":"max-snippet:-1","max-image-preview":"max-image-preview:large","max-video-preview":"max-video-preview:-1"},"canonical":"https:\/\/swimchannel.net\/br\/fernando-scheffer-anuncia-aposentadoria-para-o-finkel-2026\/","og_locale":"pt_BR","og_type":"article","og_title":"Fernando Scheffer anuncia aposentadoria para o Finkel 2026 - Swimchannel","og_description":"Fernando Scheffer anunciou via suas redes sociais a sua aposentadoria da nata\u00e7\u00e3o. Na v\u00e9spera do in\u00edcio do Trof\u00e9u Jos\u00e9 Finkel, o nadador ga\u00facho de 28 anos de idade que representa a Unisanta vai nadar as provas de 100m e 200m livre na competi\u00e7\u00e3o que marcar\u00e3o o final oficial de sua carreira. Medalhista de bronze ol\u00edmpico, [&hellip;]","og_url":"https:\/\/swimchannel.net\/br\/fernando-scheffer-anuncia-aposentadoria-para-o-finkel-2026\/","og_site_name":"Swimchannel","article_publisher":"https:\/\/www.facebook.com\/swimchannel","article_published_time":"2026-08-31T15:51:28+00:00","og_image":[{"width":984,"height":630,"url":"https:\/\/swimchannel.net\/br\/wp-content\/uploads\/2026\/08\/ntc_1697635931.jpeg","type":"image\/jpeg"}],"author":"Alex Pussieldi","twitter_card":"summary_large_image","twitter_misc":{"Escrito por":"Alex Pussieldi","Est. tempo de leitura":"2 minutos"},"schema":{"@context":"https:\/\/schema.org","@graph":[{"@type":"Article","@id":"https:\/\/swimchannel.net\/br\/fernando-scheffer-anuncia-aposentadoria-para-o-finkel-2026\/#article","isPartOf":{"@id":"https:\/\/swimchannel.net\/br\/fernando-scheffer-anuncia-aposentadoria-para-o-finkel-2026\/"},"author":{"name":"Alex Pussieldi","@id":"https:\/\/swimchannel.net\/br\/#\/schema\/person\/cf549cb99cf75592fcf7c76213385e63"},"headline":"Fernando Scheffer anuncia aposentadoria para o Finkel 2026","datePublished":"2026-08-31T15:51:28+00:00","mainEntityOfPage":{"@id":"https:\/\/swimchannel.net\/br\/fernando-scheffer-anuncia-aposentadoria-para-o-finkel-2026\/"},"wordCount":225,"commentCount":0,"publisher":{"@id":"https:\/\/swimchannel.net\/br\/#organization"},"image":{"@id":"https:\/\/swimchannel.net\/br\/fernando-scheffer-anuncia-aposentadoria-para-o-finkel-2026\/#primaryimage"},"thumbnailUrl":"https:\/\/swimchannel.net\/br\/wp-content\/uploads\/2026\/08\/ntc_1697635931.jpeg","keywords":["Fernando Scheffer","natacao","Trof\u00e9u Jos\u00e9 Finkel"],"articleSection":["Nata\u00e7\u00e3o"],"inLanguage":"pt-BR","potentialAction":[{"@type":"CommentAction","name":"Comment","target":["https:\/\/swimchannel.net\/br\/fernando-scheffer-anuncia-aposentadoria-para-o-finkel-2026\/#respond"]}]},{"@type":"WebPage","@id":"https:\/\/swimchannel.net\/br\/fernando-scheffer-anuncia-aposentadoria-para-o-finkel-2026\/","url":"https:\/\/swimchannel.net\/br\/fernando-scheffer-anuncia-aposentadoria-para-o-finkel-2026\/","name":"Fernando Scheffer anuncia aposentadoria para o Finkel 2026 - Swimchannel","isPartOf":{"@id":"https:\/\/swimchannel.net\/br\/#website"},"primaryImageOfPage":{"@id":"https:\/\/swimchannel.net\/br\/fernando-scheffer-anuncia-aposentadoria-para-o-finkel-2026\/#primaryimage"},"image":{"@id":"https:\/\/swimchannel.net\/br\/fernando-scheffer-anuncia-aposentadoria-para-o-finkel-2026\/#primaryimage"},"thumbnailUrl":"https:\/\/swimchannel.net\/br\/wp-content\/uploads\/2026\/08\/ntc_1697635931.jpeg","datePublished":"2026-08-31T15:51:28+00:00","breadcrumb":{"@id":"https:\/\/swimchannel.net\/br\/fernando-scheffer-anuncia-aposentadoria-para-o-finkel-2026\/#breadcrumb"},"inLanguage":"pt-BR","potentialAction":[{"@type":"ReadAction","target":["https:\/\/swimchannel.net\/br\/fernando-scheffer-anuncia-aposentadoria-para-o-finkel-2026\/"]}]},{"@type":"ImageObject","inLanguage":"pt-BR","@id":"https:\/\/swimchannel.net\/br\/fernando-scheffer-anuncia-aposentadoria-para-o-finkel-2026\/#primaryimage","url":"https:\/\/swimchannel.net\/br\/wp-content\/uploads\/2026\/08\/ntc_1697635931.jpeg","contentUrl":"https:\/\/swimchannel.net\/br\/wp-content\/uploads\/2026\/08\/ntc_1697635931.jpeg","width":984,"height":630,"caption":"Fernando Scheffer - Foto: Gabriel Baron\/COB"},{"@type":"BreadcrumbList","@id":"https:\/\/swimchannel.net\/br\/fernando-scheffer-anuncia-aposentadoria-para-o-finkel-2026\/#breadcrumb","itemListElement":[{"@type":"ListItem","position":1,"name":"Home","item":"https:\/\/swimchannel.net\/br\/"},{"@type":"ListItem","position":2,"name":"Fernando Scheffer anuncia aposentadoria para o Finkel 2026"}]},{"@type":"WebSite","@id":"https:\/\/swimchannel.net\/br\/#website","url":"https:\/\/swimchannel.net\/br\/","name":"Swimchannel","description":"Maior portal de nata\u00e7\u00e3o da america latina","publisher":{"@id":"https:\/\/swimchannel.net\/br\/#organization"},"potentialAction":[{"@type":"SearchAction","target":{"@type":"EntryPoint","urlTemplate":"https:\/\/swimchannel.net\/br\/?s={search_term_string}"},"query-input":{"@type":"PropertyValueSpecification","valueRequired":true,"valueName":"search_term_string"}}],"inLanguage":"pt-BR"},{"@type":"Organization","@id":"https:\/\/swimchannel.net\/br\/#organization","name":"Swimchannel - Conectando voc\u00ea a Nata\u00e7\u00e3o","url":"https:\/\/swimchannel.net\/br\/","logo":{"@type":"ImageObject","inLanguage":"pt-BR","@id":"https:\/\/swimchannel.net\/br\/#\/schema\/logo\/image\/","url":"https:\/\/swimchannel.net\/br\/wp-content\/uploads\/2026\/02\/SWIM-CHANNEL.png","contentUrl":"https:\/\/swimchannel.net\/br\/wp-content\/uploads\/2026\/02\/SWIM-CHANNEL.png","width":1120,"height":630,"caption":"Swimchannel - Conectando voc\u00ea a Nata\u00e7\u00e3o"},"image":{"@id":"https:\/\/swimchannel.net\/br\/#\/schema\/logo\/image\/"},"sameAs":["https:\/\/www.facebook.com\/swimchannel","https:\/\/www.instagram.com\/swimchannel"]},{"@type":"Person","@id":"https:\/\/swimchannel.net\/br\/#\/schema\/person\/cf549cb99cf75592fcf7c76213385e63","name":"Alex Pussieldi","image":{"@type":"ImageObject","inLanguage":"pt-BR","@id":"https:\/\/swimchannel.net\/br\/wp-content\/uploads\/2021\/02\/9b1c252d-a4bd-4eda-b399-24565cac4114-100x100.jpg","url":"https:\/\/swimchannel.net\/br\/wp-content\/uploads\/2021\/02\/9b1c252d-a4bd-4eda-b399-24565cac4114-100x100.jpg","contentUrl":"https:\/\/swimchannel.net\/br\/wp-content\/uploads\/2021\/02\/9b1c252d-a4bd-4eda-b399-24565cac4114-100x100.jpg","caption":"Alex Pussieldi"},"description":"Alexandre Pussieldi, apelidado de \u201ccoach\u201d, Foi t\u00e9cnico da sele\u00e7\u00e3o verde e amarela nas Olimp\u00edadas de Pequim-2008 e Londres-2012. O treinador ainda comandou outros quatro pa\u00edses: Kuwait, Paraguai, Aruba e Antilhas Holandesas, al\u00e9m da sele\u00e7\u00e3o americana de \u00e1guas abertas. Pussieldi tem passagens como comentarista de nata\u00e7\u00e3o do Grupo Globo e Swim Channel.","url":"https:\/\/swimchannel.net\/br\/author\/alexpussieldi\/"}]}},"_links":{"self":[{"href":"https:\/\/swimchannel.net\/br\/wp-json\/wp\/v2\/posts\/84249","targetHints":{"allow":["GET"]}}],"collection":[{"href":"https:\/\/swimchannel.net\/br\/wp-json\/wp\/v2\/posts"}],"about":[{"href":"https:\/\/swimchannel.net\/br\/wp-json\/wp\/v2\/types\/post"}],"author":[{"embeddable":true,"href":"https:\/\/swimchannel.net\/br\/wp-json\/wp\/v2\/users\/12"}],"replies":[{"embeddable":true,"href":"https:\/\/swimchannel.net\/br\/wp-json\/wp\/v2\/comments?post=84249"}],"version-history":[{"count":1,"href":"https:\/\/swimchannel.net\/br\/wp-json\/wp\/v2\/posts\/84249\/revisions"}],"predecessor-version":[{"id":84251,"href":"https:\/\/swimchannel.net\/br\/wp-json\/wp\/v2\/posts\/84249\/revisions\/84251"}],"wp:featuredmedia":[{"embeddable":true,"href":"https:\/\/swimchannel.net\/br\/wp-json\/wp\/v2\/media\/84250"}],"wp:attachment":[{"href":"https:\/\/swimchannel.net\/br\/wp-json\/wp\/v2\/media?parent=84249"}],"wp:term":[{"taxonomy":"category","embeddable":true,"href":"https:\/\/swimchannel.net\/br\/wp-json\/wp\/v2\/categories?post=84249"},{"taxonomy":"post_tag","embeddable":true,"href":"https:\/\/swimchannel.net\/br\/wp-json\/wp\/v2\/tags?post=84249"}],"curies":[{"name":"wp","href":"https:\/\/api.w.org\/{rel}","templated":true}]}}