{"id":84252,"date":"2026-08-31T19:43:12","date_gmt":"2026-08-31T22:43:12","guid":{"rendered":"https:\/\/swimchannel.net\/br\/?p=84252"},"modified":"2026-08-31T19:43:12","modified_gmt":"2026-08-31T22:43:12","slug":"primeiro-dia-do-finkel-registra-dois-recordes-sul-americanos","status":"publish","type":"post","link":"https:\/\/swimchannel.net\/br\/primeiro-dia-do-finkel-registra-dois-recordes-sul-americanos\/","title":{"rendered":"Primeiro dia do Finkel registra dois recordes sul-americanos"},"content":{"rendered":"<p>O primeiro dia de finais do Trof\u00e9u Jos\u00e9 Finkel registou dois novos recordes sul-americanos, uma enxurrada de \u00edndices para o Campeonato Mundial de piscina curta de Pequim e \u00f3timas performances na piscina do Esporte Clube Pinheiros. Os grandes destaques foram as marcas continentais de Leonardo Alc\u00e2ntara nos 400m livre e Giulia Carvalho nos 100m borboleta, mas a etapa teve ainda \u00f3timos desempenhos de Maria Fernanda Costa, Caio Pumputis, Pedro Buch e Julia Becker. Veja abaixo um resum\u00e3o da etapa.<\/p>\n<p>&nbsp;<\/p>\n<figure id=\"attachment_84260\" aria-describedby=\"caption-attachment-84260\" style=\"width: 1054px\" class=\"wp-caption alignnone\"><img loading=\"lazy\" decoding=\"async\" class=\"size-full wp-image-84260\" src=\"https:\/\/swimchannel.net\/br\/wp-content\/uploads\/2026\/08\/55500521005_d95bc7ddce_k.jpg\" alt=\"\" width=\"1054\" height=\"630\" srcset=\"https:\/\/swimchannel.net\/br\/wp-content\/uploads\/2026\/08\/55500521005_d95bc7ddce_k.jpg 1054w, https:\/\/swimchannel.net\/br\/wp-content\/uploads\/2026\/08\/55500521005_d95bc7ddce_k-301x180.jpg 301w, https:\/\/swimchannel.net\/br\/wp-content\/uploads\/2026\/08\/55500521005_d95bc7ddce_k-768x459.jpg 768w, https:\/\/swimchannel.net\/br\/wp-content\/uploads\/2026\/08\/55500521005_d95bc7ddce_k-750x448.jpg 750w\" sizes=\"auto, (max-width: 1054px) 100vw, 1054px\" \/><figcaption id=\"caption-attachment-84260\" class=\"wp-caption-text\">Maria Fernanda Costa &#8211; Foto: Satiro Sodr\u00e9<\/figcaption><\/figure>\n<p><strong>400m livre feminino<\/strong><br \/>\nVit\u00f3ria de Maria Fernanda Costa com um baita tempo de 3min59s88, segunda melhor marca sua carreira. A nadadora da Unisanta dominou do in\u00edcio ao fim e ficou a apenas 55 cent\u00e9simos de seu recorde sul-americano. O tempo tamb\u00e9m \u00e9 abaixo do \u00edndice para o Mundial de curta, que foi superado pelas nadadora Maria Paula Heitmann, segunda colocada, com 4min04s99 e Carolina Daher, terceira com o tempo de 4min05s20.<\/p>\n<p>&nbsp;<\/p>\n<figure id=\"attachment_84259\" aria-describedby=\"caption-attachment-84259\" style=\"width: 1053px\" class=\"wp-caption alignnone\"><img loading=\"lazy\" decoding=\"async\" class=\"size-full wp-image-84259\" src=\"https:\/\/swimchannel.net\/br\/wp-content\/uploads\/2026\/08\/55500305139_2bc315dd39_k.jpg\" alt=\"\" width=\"1053\" height=\"630\" srcset=\"https:\/\/swimchannel.net\/br\/wp-content\/uploads\/2026\/08\/55500305139_2bc315dd39_k.jpg 1053w, https:\/\/swimchannel.net\/br\/wp-content\/uploads\/2026\/08\/55500305139_2bc315dd39_k-301x180.jpg 301w, https:\/\/swimchannel.net\/br\/wp-content\/uploads\/2026\/08\/55500305139_2bc315dd39_k-768x459.jpg 768w, https:\/\/swimchannel.net\/br\/wp-content\/uploads\/2026\/08\/55500305139_2bc315dd39_k-750x449.jpg 750w\" sizes=\"auto, (max-width: 1053px) 100vw, 1053px\" \/><figcaption id=\"caption-attachment-84259\" class=\"wp-caption-text\">Leonardo Alc\u00e2ntara &#8211; Foto: Satiro Sodr\u00e9<\/figcaption><\/figure>\n<p><strong>400m livre masculino<\/strong><br \/>\nGrande prova de Leonardo Alc\u00e2ntara, com novo recorde sul-americano e uma grande performance. Ele assumiu a ponta na \u00faltima virada e com um fort\u00edssimo sprint venceu com 3min37s46 superando o antingo recorde de Fernando Scheffer. O segundo lugar ficou com Eduardo Moraes que tamb\u00e9m nadou abaixo do \u00edndice para o Mundial com 3min38s97, assim como o terceiro colocado Stephan Steverink que marcou 3min40s25.<\/p>\n<p>&nbsp;<\/p>\n<figure id=\"attachment_84262\" aria-describedby=\"caption-attachment-84262\" style=\"width: 1055px\" class=\"wp-caption alignnone\"><img loading=\"lazy\" decoding=\"async\" class=\"size-full wp-image-84262\" src=\"https:\/\/swimchannel.net\/br\/wp-content\/uploads\/2026\/08\/55500237358_e9c625186e_k.jpg\" alt=\"\" width=\"1055\" height=\"630\" srcset=\"https:\/\/swimchannel.net\/br\/wp-content\/uploads\/2026\/08\/55500237358_e9c625186e_k.jpg 1055w, https:\/\/swimchannel.net\/br\/wp-content\/uploads\/2026\/08\/55500237358_e9c625186e_k-301x180.jpg 301w, https:\/\/swimchannel.net\/br\/wp-content\/uploads\/2026\/08\/55500237358_e9c625186e_k-768x459.jpg 768w, https:\/\/swimchannel.net\/br\/wp-content\/uploads\/2026\/08\/55500237358_e9c625186e_k-750x448.jpg 750w\" sizes=\"auto, (max-width: 1055px) 100vw, 1055px\" \/><figcaption id=\"caption-attachment-84262\" class=\"wp-caption-text\">Giulia Carvalho &#8211; Foto: Satiro Sodr\u00e9<\/figcaption><\/figure>\n<p><strong>100m borboleta feminino<\/strong><br \/>\nSegundo recorde sul-americano neste Finkel, o primeiro feminino com Giulia Carvalho. A nadadora do Minas TC foi dominante, liderou de ponta a ponta e praticamente cravou uma vaga no time que vai ao Mundial de curta ao vencer com o tempa\u00e7o de 56s06. A segunda colocada, Beatriz Bezerra tamb\u00e9m nadou abaixo da marca exigida com 57s02. Em terceiro lugar tivemos Luanna Oliveira com 57s84.<\/p>\n<p>&nbsp;<\/p>\n<figure id=\"attachment_84261\" aria-describedby=\"caption-attachment-84261\" style=\"width: 1053px\" class=\"wp-caption alignnone\"><img loading=\"lazy\" decoding=\"async\" class=\"size-full wp-image-84261\" src=\"https:\/\/swimchannel.net\/br\/wp-content\/uploads\/2026\/08\/55500520620_d8448d41b3_k.jpg\" alt=\"\" width=\"1053\" height=\"630\" srcset=\"https:\/\/swimchannel.net\/br\/wp-content\/uploads\/2026\/08\/55500520620_d8448d41b3_k.jpg 1053w, https:\/\/swimchannel.net\/br\/wp-content\/uploads\/2026\/08\/55500520620_d8448d41b3_k-301x180.jpg 301w, https:\/\/swimchannel.net\/br\/wp-content\/uploads\/2026\/08\/55500520620_d8448d41b3_k-768x459.jpg 768w, https:\/\/swimchannel.net\/br\/wp-content\/uploads\/2026\/08\/55500520620_d8448d41b3_k-750x449.jpg 750w\" sizes=\"auto, (max-width: 1053px) 100vw, 1053px\" \/><figcaption id=\"caption-attachment-84261\" class=\"wp-caption-text\">Pedro Buch &#8211; Foto: Satiro Sodr\u00e9<\/figcaption><\/figure>\n<p><strong>100m borboleta masculino<\/strong><br \/>\nAp\u00f3s bater o recorde de campeonato pela manh\u00e3, Pedro Buch voltou a estabelecer uma marca de campeonato, sendo um cent\u00e9simo mais veloz do que as eliminat\u00f3rias e vencendo com 49s69, tempo abaixo do \u00edndice para o Mundial de Pequim. A medalha de prata ficou com o venezuelano Manuel Bencomo com 50s30 e o bronze foi para Leonardo Santos com 50s45.<\/p>\n<p>&nbsp;<\/p>\n<figure id=\"attachment_82641\" aria-describedby=\"caption-attachment-82641\" style=\"width: 1057px\" class=\"wp-caption alignnone\"><img loading=\"lazy\" decoding=\"async\" class=\"size-full wp-image-82641\" src=\"https:\/\/swimchannel.net\/br\/wp-content\/uploads\/2026\/06\/55284610982_7f7e744b65_k.jpg\" alt=\"\" width=\"1057\" height=\"630\" srcset=\"https:\/\/swimchannel.net\/br\/wp-content\/uploads\/2026\/06\/55284610982_7f7e744b65_k.jpg 1057w, https:\/\/swimchannel.net\/br\/wp-content\/uploads\/2026\/06\/55284610982_7f7e744b65_k-302x180.jpg 302w, https:\/\/swimchannel.net\/br\/wp-content\/uploads\/2026\/06\/55284610982_7f7e744b65_k-768x458.jpg 768w, https:\/\/swimchannel.net\/br\/wp-content\/uploads\/2026\/06\/55284610982_7f7e744b65_k-750x447.jpg 750w\" sizes=\"auto, (max-width: 1057px) 100vw, 1057px\" \/><figcaption id=\"caption-attachment-82641\" class=\"wp-caption-text\">Julia Becker &#8211; Foto: Satiro Sodr\u00e9<\/figcaption><\/figure>\n<p><strong>200m peito feminino<\/strong><br \/>\nGrande surpresa na final dos 200m peito com vit\u00f3ria de Julia Becker, conquistando seu primeiro t\u00edtulo absoluto e batendo o recorde brasileiro j\u00fanior da prova com 2min25s38. Julia assumiu a lideran\u00e7a nos \u00faltimos 50 metros e n\u00e3o deu chance as demais advers\u00e1rias. A medalha de prata ficou com a venezuelana Mercedes Salazar com 2min26s82 e o bronze foi para Gabrielle Assis com 2min27s01.<\/p>\n<p>&nbsp;<\/p>\n<figure id=\"attachment_84264\" aria-describedby=\"caption-attachment-84264\" style=\"width: 1056px\" class=\"wp-caption alignnone\"><img loading=\"lazy\" decoding=\"async\" class=\"size-full wp-image-84264\" src=\"https:\/\/swimchannel.net\/br\/wp-content\/uploads\/2026\/08\/55500304434_7e5fa28343_k.jpg\" alt=\"\" width=\"1056\" height=\"630\" srcset=\"https:\/\/swimchannel.net\/br\/wp-content\/uploads\/2026\/08\/55500304434_7e5fa28343_k.jpg 1056w, https:\/\/swimchannel.net\/br\/wp-content\/uploads\/2026\/08\/55500304434_7e5fa28343_k-302x180.jpg 302w, https:\/\/swimchannel.net\/br\/wp-content\/uploads\/2026\/08\/55500304434_7e5fa28343_k-768x458.jpg 768w, https:\/\/swimchannel.net\/br\/wp-content\/uploads\/2026\/08\/55500304434_7e5fa28343_k-750x447.jpg 750w\" sizes=\"auto, (max-width: 1056px) 100vw, 1056px\" \/><figcaption id=\"caption-attachment-84264\" class=\"wp-caption-text\">Caio Pumputis &#8211; Foto: Satiro Sodr\u00e9<\/figcaption><\/figure>\n<p><strong>200m peito masculino<\/strong><br \/>\nCaio Pumputis venceu a \u00faltima prova individual do dia ap\u00f3s uma \u00e1rdua disputa contra o espanhol\/brasileiro Hugo Gonzalez. No fim, Caio venceu com o tempo de 2min02s60, ficando a apenas dois cent\u00e9simos do recorde sul-americano de Thiago Simon e tamb\u00e9m fazendo \u00edndice para o Mundial de curta. Gonzalez levou a prata com 2min03s54 e Jo\u00e3o Garcia foi bronze com 2min06s51.<\/p>\n<p>&nbsp;<\/p>\n<p><strong>4x100m livre feminino<\/strong><br \/>\nVit\u00f3ria do Minas TC com novo recorde de campeonato com\u00a03min36s03. O quarteto campe\u00e3o e recordista do time minatenista foi formado por Giulia Carvalho, Luanna Oliveira, Aline Rodrigues e Sirena Cervantes. Medalha de prata para a Unisanta com 3min37s24 e bronze para o SESI-SP com 3min38s89.<\/p>\n<p>&nbsp;<\/p>\n<p><strong>4x100m livre masculino<\/strong><br \/>\n\u00daltima prova do dia com triunfo do Pinheiros com o tempo de 3min07s37. A equipe foi formada por Breno Correia, Gabriel Santos, Victor Alcar\u00e1 e Pedro Sansone. O Minas TC terminou na segunda coloca\u00e7\u00e3o com o tempo total de 3min09s48. Bronze para a Unisanta com tempo de 3min12s07.<\/p>\n<p>&nbsp;<\/p>\n<p>Confira aqui os resultados completos da primeira etapa do Finkel: <a href=\"https:\/\/www.cbda.org.br\/evento\/natacao\/v1_VnBMjXlzMR4rz0OG9R12asFllkWM-C_Fua6ceqI9QUk.PDEzyfAn_26kfHs2pYLOKmjxhIvZXC5FqE_Rs8z6ayc\/campeonato-brasileiro-de-natacao-jose-finkel?tab=informacoes\" target=\"_blank\" rel=\"noopener\">https:\/\/www.cbda.org.br\/evento\/natacao\/v1_VnBMjXlzMR4rz0OG9R12asFllkWM-C_Fua6ceqI9QUk.PDEzyfAn_26kfHs2pYLOKmjxhIvZXC5FqE_Rs8z6ayc\/campeonato-brasileiro-de-natacao-jose-finkel?tab=informacoes<\/a><\/p>\n<p>&nbsp;<\/p>\n<p>Gostaria de receber as not\u00edcias de nata\u00e7\u00e3o e \u00e1guas abertas no seu email?<\/p>\n<p><a href=\"https:\/\/lpa.nitro.news\/n-GNe\/ultimas-noticias-swim-channel\">Cadastre-se aqui<\/a><\/p>\n","protected":false},"excerpt":{"rendered":"<p>O primeiro dia de finais do Trof\u00e9u Jos\u00e9 Finkel registou dois novos recordes sul-americanos, uma enxurrada de \u00edndices para o Campeonato Mundial de piscina curta de Pequim e \u00f3timas performances na piscina do Esporte Clube Pinheiros. Os grandes destaques foram as marcas continentais de Leonardo Alc\u00e2ntara nos 400m livre e Giulia Carvalho nos 100m borboleta, [&hellip;]<\/p>\n","protected":false},"author":3,"featured_media":84263,"comment_status":"open","ping_status":"open","sticky":false,"template":"","format":"standard","meta":{"footnotes":""},"categories":[241],"tags":[1275,5653,7161,6289,5325,5,7160,130],"class_list":["post-84252","post","type-post","status-publish","format-standard","has-post-thumbnail","hentry","category-trofeu-jose-finkel","tag-caio-pumputis","tag-giulia-carvalho","tag-julia-becker","tag-leonardo-alcantara","tag-maria-fernanda-costa","tag-natacao","tag-pedro-buch","tag-trofeu-jose-finkel"],"yoast_head":"<!-- This site is optimized with the Yoast SEO plugin v28.3 - https:\/\/yoast.com\/product\/yoast-seo-wordpress\/ -->\n<title>Primeiro dia do Finkel registra dois recordes sul-americanos - Swimchannel<\/title>\n<meta name=\"robots\" content=\"index, follow, max-snippet:-1, max-image-preview:large, max-video-preview:-1\" \/>\n<link rel=\"canonical\" href=\"https:\/\/swimchannel.net\/br\/primeiro-dia-do-finkel-registra-dois-recordes-sul-americanos\/\" \/>\n<meta property=\"og:locale\" content=\"pt_BR\" \/>\n<meta property=\"og:type\" content=\"article\" \/>\n<meta property=\"og:title\" content=\"Primeiro dia do Finkel registra dois recordes sul-americanos - Swimchannel\" \/>\n<meta property=\"og:description\" content=\"O primeiro dia de finais do Trof\u00e9u Jos\u00e9 Finkel registou dois novos recordes sul-americanos, uma enxurrada de \u00edndices para o Campeonato Mundial de piscina curta de Pequim e \u00f3timas performances na piscina do Esporte Clube Pinheiros. Os grandes destaques foram as marcas continentais de Leonardo Alc\u00e2ntara nos 400m livre e Giulia Carvalho nos 100m borboleta, [&hellip;]\" \/>\n<meta property=\"og:url\" content=\"https:\/\/swimchannel.net\/br\/primeiro-dia-do-finkel-registra-dois-recordes-sul-americanos\/\" \/>\n<meta property=\"og:site_name\" content=\"Swimchannel\" \/>\n<meta property=\"article:publisher\" content=\"https:\/\/www.facebook.com\/swimchannel\" \/>\n<meta property=\"article:published_time\" content=\"2026-08-31T22:43:12+00:00\" \/>\n<meta property=\"og:image\" content=\"https:\/\/swimchannel.net\/br\/wp-content\/uploads\/2026\/08\/55500305044_7ef6d81332_k.jpg\" \/>\n\t<meta property=\"og:image:width\" content=\"1054\" \/>\n\t<meta property=\"og:image:height\" content=\"630\" \/>\n\t<meta property=\"og:image:type\" content=\"image\/jpeg\" \/>\n<meta name=\"author\" content=\"Guilherme Freitas\" \/>\n<meta name=\"twitter:card\" content=\"summary_large_image\" \/>\n<meta name=\"twitter:label1\" content=\"Escrito por\" \/>\n\t<meta name=\"twitter:data1\" content=\"Guilherme Freitas\" \/>\n\t<meta name=\"twitter:label2\" content=\"Est. tempo de leitura\" \/>\n\t<meta name=\"twitter:data2\" content=\"5 minutos\" \/>\n<script type=\"application\/ld+json\" class=\"yoast-schema-graph\">{\"@context\":\"https:\\\/\\\/schema.org\",\"@graph\":[{\"@type\":\"Article\",\"@id\":\"https:\\\/\\\/swimchannel.net\\\/br\\\/primeiro-dia-do-finkel-registra-dois-recordes-sul-americanos\\\/#article\",\"isPartOf\":{\"@id\":\"https:\\\/\\\/swimchannel.net\\\/br\\\/primeiro-dia-do-finkel-registra-dois-recordes-sul-americanos\\\/\"},\"author\":{\"name\":\"Guilherme Freitas\",\"@id\":\"https:\\\/\\\/swimchannel.net\\\/br\\\/#\\\/schema\\\/person\\\/aa2a63bab3275f53749a83276b213c48\"},\"headline\":\"Primeiro dia do Finkel registra dois recordes sul-americanos\",\"datePublished\":\"2026-08-31T22:43:12+00:00\",\"mainEntityOfPage\":{\"@id\":\"https:\\\/\\\/swimchannel.net\\\/br\\\/primeiro-dia-do-finkel-registra-dois-recordes-sul-americanos\\\/\"},\"wordCount\":772,\"commentCount\":0,\"publisher\":{\"@id\":\"https:\\\/\\\/swimchannel.net\\\/br\\\/#organization\"},\"image\":{\"@id\":\"https:\\\/\\\/swimchannel.net\\\/br\\\/primeiro-dia-do-finkel-registra-dois-recordes-sul-americanos\\\/#primaryimage\"},\"thumbnailUrl\":\"https:\\\/\\\/swimchannel.net\\\/br\\\/wp-content\\\/uploads\\\/2026\\\/08\\\/55500305044_7ef6d81332_k.jpg\",\"keywords\":[\"Caio Pumputis\",\"Giulia Carvalho\",\"Julia Becker\",\"Leonardo Alc\u00e2ntara\",\"Maria Fernanda Costa\",\"natacao\",\"Pedro Buch\",\"Trof\u00e9u Jos\u00e9 Finkel\"],\"articleSection\":[\"Trof\u00e9u Jos\u00e9 Finkel\"],\"inLanguage\":\"pt-BR\",\"potentialAction\":[{\"@type\":\"CommentAction\",\"name\":\"Comment\",\"target\":[\"https:\\\/\\\/swimchannel.net\\\/br\\\/primeiro-dia-do-finkel-registra-dois-recordes-sul-americanos\\\/#respond\"]}]},{\"@type\":\"WebPage\",\"@id\":\"https:\\\/\\\/swimchannel.net\\\/br\\\/primeiro-dia-do-finkel-registra-dois-recordes-sul-americanos\\\/\",\"url\":\"https:\\\/\\\/swimchannel.net\\\/br\\\/primeiro-dia-do-finkel-registra-dois-recordes-sul-americanos\\\/\",\"name\":\"Primeiro dia do Finkel registra dois recordes sul-americanos - Swimchannel\",\"isPartOf\":{\"@id\":\"https:\\\/\\\/swimchannel.net\\\/br\\\/#website\"},\"primaryImageOfPage\":{\"@id\":\"https:\\\/\\\/swimchannel.net\\\/br\\\/primeiro-dia-do-finkel-registra-dois-recordes-sul-americanos\\\/#primaryimage\"},\"image\":{\"@id\":\"https:\\\/\\\/swimchannel.net\\\/br\\\/primeiro-dia-do-finkel-registra-dois-recordes-sul-americanos\\\/#primaryimage\"},\"thumbnailUrl\":\"https:\\\/\\\/swimchannel.net\\\/br\\\/wp-content\\\/uploads\\\/2026\\\/08\\\/55500305044_7ef6d81332_k.jpg\",\"datePublished\":\"2026-08-31T22:43:12+00:00\",\"breadcrumb\":{\"@id\":\"https:\\\/\\\/swimchannel.net\\\/br\\\/primeiro-dia-do-finkel-registra-dois-recordes-sul-americanos\\\/#breadcrumb\"},\"inLanguage\":\"pt-BR\",\"potentialAction\":[{\"@type\":\"ReadAction\",\"target\":[\"https:\\\/\\\/swimchannel.net\\\/br\\\/primeiro-dia-do-finkel-registra-dois-recordes-sul-americanos\\\/\"]}]},{\"@type\":\"ImageObject\",\"inLanguage\":\"pt-BR\",\"@id\":\"https:\\\/\\\/swimchannel.net\\\/br\\\/primeiro-dia-do-finkel-registra-dois-recordes-sul-americanos\\\/#primaryimage\",\"url\":\"https:\\\/\\\/swimchannel.net\\\/br\\\/wp-content\\\/uploads\\\/2026\\\/08\\\/55500305044_7ef6d81332_k.jpg\",\"contentUrl\":\"https:\\\/\\\/swimchannel.net\\\/br\\\/wp-content\\\/uploads\\\/2026\\\/08\\\/55500305044_7ef6d81332_k.jpg\",\"width\":1054,\"height\":630,\"caption\":\"Giulia Carvalho - Foto: Satiro Sodr\u00e9\"},{\"@type\":\"BreadcrumbList\",\"@id\":\"https:\\\/\\\/swimchannel.net\\\/br\\\/primeiro-dia-do-finkel-registra-dois-recordes-sul-americanos\\\/#breadcrumb\",\"itemListElement\":[{\"@type\":\"ListItem\",\"position\":1,\"name\":\"Home\",\"item\":\"https:\\\/\\\/swimchannel.net\\\/br\\\/\"},{\"@type\":\"ListItem\",\"position\":2,\"name\":\"Primeiro dia do Finkel registra dois recordes sul-americanos\"}]},{\"@type\":\"WebSite\",\"@id\":\"https:\\\/\\\/swimchannel.net\\\/br\\\/#website\",\"url\":\"https:\\\/\\\/swimchannel.net\\\/br\\\/\",\"name\":\"Swimchannel\",\"description\":\"Maior portal de nata\u00e7\u00e3o da america latina\",\"publisher\":{\"@id\":\"https:\\\/\\\/swimchannel.net\\\/br\\\/#organization\"},\"potentialAction\":[{\"@type\":\"SearchAction\",\"target\":{\"@type\":\"EntryPoint\",\"urlTemplate\":\"https:\\\/\\\/swimchannel.net\\\/br\\\/?s={search_term_string}\"},\"query-input\":{\"@type\":\"PropertyValueSpecification\",\"valueRequired\":true,\"valueName\":\"search_term_string\"}}],\"inLanguage\":\"pt-BR\"},{\"@type\":\"Organization\",\"@id\":\"https:\\\/\\\/swimchannel.net\\\/br\\\/#organization\",\"name\":\"Swimchannel - Conectando voc\u00ea a Nata\u00e7\u00e3o\",\"url\":\"https:\\\/\\\/swimchannel.net\\\/br\\\/\",\"logo\":{\"@type\":\"ImageObject\",\"inLanguage\":\"pt-BR\",\"@id\":\"https:\\\/\\\/swimchannel.net\\\/br\\\/#\\\/schema\\\/logo\\\/image\\\/\",\"url\":\"https:\\\/\\\/swimchannel.net\\\/br\\\/wp-content\\\/uploads\\\/2026\\\/02\\\/SWIM-CHANNEL.png\",\"contentUrl\":\"https:\\\/\\\/swimchannel.net\\\/br\\\/wp-content\\\/uploads\\\/2026\\\/02\\\/SWIM-CHANNEL.png\",\"width\":1120,\"height\":630,\"caption\":\"Swimchannel - Conectando voc\u00ea a Nata\u00e7\u00e3o\"},\"image\":{\"@id\":\"https:\\\/\\\/swimchannel.net\\\/br\\\/#\\\/schema\\\/logo\\\/image\\\/\"},\"sameAs\":[\"https:\\\/\\\/www.facebook.com\\\/swimchannel\",\"https:\\\/\\\/www.instagram.com\\\/swimchannel\"]},{\"@type\":\"Person\",\"@id\":\"https:\\\/\\\/swimchannel.net\\\/br\\\/#\\\/schema\\\/person\\\/aa2a63bab3275f53749a83276b213c48\",\"name\":\"Guilherme Freitas\",\"image\":{\"@type\":\"ImageObject\",\"inLanguage\":\"pt-BR\",\"@id\":\"https:\\\/\\\/swimchannel.net\\\/br\\\/wp-content\\\/uploads\\\/2025\\\/10\\\/gui22-193x180.png\",\"url\":\"https:\\\/\\\/swimchannel.net\\\/br\\\/wp-content\\\/uploads\\\/2025\\\/10\\\/gui22-193x180.png\",\"contentUrl\":\"https:\\\/\\\/swimchannel.net\\\/br\\\/wp-content\\\/uploads\\\/2025\\\/10\\\/gui22-193x180.png\",\"caption\":\"Guilherme Freitas\"},\"description\":\"Jornalista s\u00eanior da SWIM CHANNEL, ex-correspondente da FINA no Brasil e pesquisador acad\u00eamico.\",\"sameAs\":[\"instagram.com\\\/guifreitas86\"],\"url\":\"https:\\\/\\\/swimchannel.net\\\/br\\\/author\\\/guilherme-freitas\\\/\"}]}<\/script>\n<!-- \/ Yoast SEO plugin. -->","yoast_head_json":{"title":"Primeiro dia do Finkel registra dois recordes sul-americanos - Swimchannel","robots":{"index":"index","follow":"follow","max-snippet":"max-snippet:-1","max-image-preview":"max-image-preview:large","max-video-preview":"max-video-preview:-1"},"canonical":"https:\/\/swimchannel.net\/br\/primeiro-dia-do-finkel-registra-dois-recordes-sul-americanos\/","og_locale":"pt_BR","og_type":"article","og_title":"Primeiro dia do Finkel registra dois recordes sul-americanos - Swimchannel","og_description":"O primeiro dia de finais do Trof\u00e9u Jos\u00e9 Finkel registou dois novos recordes sul-americanos, uma enxurrada de \u00edndices para o Campeonato Mundial de piscina curta de Pequim e \u00f3timas performances na piscina do Esporte Clube Pinheiros. Os grandes destaques foram as marcas continentais de Leonardo Alc\u00e2ntara nos 400m livre e Giulia Carvalho nos 100m borboleta, [&hellip;]","og_url":"https:\/\/swimchannel.net\/br\/primeiro-dia-do-finkel-registra-dois-recordes-sul-americanos\/","og_site_name":"Swimchannel","article_publisher":"https:\/\/www.facebook.com\/swimchannel","article_published_time":"2026-08-31T22:43:12+00:00","og_image":[{"width":1054,"height":630,"url":"https:\/\/swimchannel.net\/br\/wp-content\/uploads\/2026\/08\/55500305044_7ef6d81332_k.jpg","type":"image\/jpeg"}],"author":"Guilherme Freitas","twitter_card":"summary_large_image","twitter_misc":{"Escrito por":"Guilherme Freitas","Est. tempo de leitura":"5 minutos"},"schema":{"@context":"https:\/\/schema.org","@graph":[{"@type":"Article","@id":"https:\/\/swimchannel.net\/br\/primeiro-dia-do-finkel-registra-dois-recordes-sul-americanos\/#article","isPartOf":{"@id":"https:\/\/swimchannel.net\/br\/primeiro-dia-do-finkel-registra-dois-recordes-sul-americanos\/"},"author":{"name":"Guilherme Freitas","@id":"https:\/\/swimchannel.net\/br\/#\/schema\/person\/aa2a63bab3275f53749a83276b213c48"},"headline":"Primeiro dia do Finkel registra dois recordes sul-americanos","datePublished":"2026-08-31T22:43:12+00:00","mainEntityOfPage":{"@id":"https:\/\/swimchannel.net\/br\/primeiro-dia-do-finkel-registra-dois-recordes-sul-americanos\/"},"wordCount":772,"commentCount":0,"publisher":{"@id":"https:\/\/swimchannel.net\/br\/#organization"},"image":{"@id":"https:\/\/swimchannel.net\/br\/primeiro-dia-do-finkel-registra-dois-recordes-sul-americanos\/#primaryimage"},"thumbnailUrl":"https:\/\/swimchannel.net\/br\/wp-content\/uploads\/2026\/08\/55500305044_7ef6d81332_k.jpg","keywords":["Caio Pumputis","Giulia Carvalho","Julia Becker","Leonardo Alc\u00e2ntara","Maria Fernanda Costa","natacao","Pedro Buch","Trof\u00e9u Jos\u00e9 Finkel"],"articleSection":["Trof\u00e9u Jos\u00e9 Finkel"],"inLanguage":"pt-BR","potentialAction":[{"@type":"CommentAction","name":"Comment","target":["https:\/\/swimchannel.net\/br\/primeiro-dia-do-finkel-registra-dois-recordes-sul-americanos\/#respond"]}]},{"@type":"WebPage","@id":"https:\/\/swimchannel.net\/br\/primeiro-dia-do-finkel-registra-dois-recordes-sul-americanos\/","url":"https:\/\/swimchannel.net\/br\/primeiro-dia-do-finkel-registra-dois-recordes-sul-americanos\/","name":"Primeiro dia do Finkel registra dois recordes sul-americanos - Swimchannel","isPartOf":{"@id":"https:\/\/swimchannel.net\/br\/#website"},"primaryImageOfPage":{"@id":"https:\/\/swimchannel.net\/br\/primeiro-dia-do-finkel-registra-dois-recordes-sul-americanos\/#primaryimage"},"image":{"@id":"https:\/\/swimchannel.net\/br\/primeiro-dia-do-finkel-registra-dois-recordes-sul-americanos\/#primaryimage"},"thumbnailUrl":"https:\/\/swimchannel.net\/br\/wp-content\/uploads\/2026\/08\/55500305044_7ef6d81332_k.jpg","datePublished":"2026-08-31T22:43:12+00:00","breadcrumb":{"@id":"https:\/\/swimchannel.net\/br\/primeiro-dia-do-finkel-registra-dois-recordes-sul-americanos\/#breadcrumb"},"inLanguage":"pt-BR","potentialAction":[{"@type":"ReadAction","target":["https:\/\/swimchannel.net\/br\/primeiro-dia-do-finkel-registra-dois-recordes-sul-americanos\/"]}]},{"@type":"ImageObject","inLanguage":"pt-BR","@id":"https:\/\/swimchannel.net\/br\/primeiro-dia-do-finkel-registra-dois-recordes-sul-americanos\/#primaryimage","url":"https:\/\/swimchannel.net\/br\/wp-content\/uploads\/2026\/08\/55500305044_7ef6d81332_k.jpg","contentUrl":"https:\/\/swimchannel.net\/br\/wp-content\/uploads\/2026\/08\/55500305044_7ef6d81332_k.jpg","width":1054,"height":630,"caption":"Giulia Carvalho - Foto: Satiro Sodr\u00e9"},{"@type":"BreadcrumbList","@id":"https:\/\/swimchannel.net\/br\/primeiro-dia-do-finkel-registra-dois-recordes-sul-americanos\/#breadcrumb","itemListElement":[{"@type":"ListItem","position":1,"name":"Home","item":"https:\/\/swimchannel.net\/br\/"},{"@type":"ListItem","position":2,"name":"Primeiro dia do Finkel registra dois recordes sul-americanos"}]},{"@type":"WebSite","@id":"https:\/\/swimchannel.net\/br\/#website","url":"https:\/\/swimchannel.net\/br\/","name":"Swimchannel","description":"Maior portal de nata\u00e7\u00e3o da america latina","publisher":{"@id":"https:\/\/swimchannel.net\/br\/#organization"},"potentialAction":[{"@type":"SearchAction","target":{"@type":"EntryPoint","urlTemplate":"https:\/\/swimchannel.net\/br\/?s={search_term_string}"},"query-input":{"@type":"PropertyValueSpecification","valueRequired":true,"valueName":"search_term_string"}}],"inLanguage":"pt-BR"},{"@type":"Organization","@id":"https:\/\/swimchannel.net\/br\/#organization","name":"Swimchannel - Conectando voc\u00ea a Nata\u00e7\u00e3o","url":"https:\/\/swimchannel.net\/br\/","logo":{"@type":"ImageObject","inLanguage":"pt-BR","@id":"https:\/\/swimchannel.net\/br\/#\/schema\/logo\/image\/","url":"https:\/\/swimchannel.net\/br\/wp-content\/uploads\/2026\/02\/SWIM-CHANNEL.png","contentUrl":"https:\/\/swimchannel.net\/br\/wp-content\/uploads\/2026\/02\/SWIM-CHANNEL.png","width":1120,"height":630,"caption":"Swimchannel - Conectando voc\u00ea a Nata\u00e7\u00e3o"},"image":{"@id":"https:\/\/swimchannel.net\/br\/#\/schema\/logo\/image\/"},"sameAs":["https:\/\/www.facebook.com\/swimchannel","https:\/\/www.instagram.com\/swimchannel"]},{"@type":"Person","@id":"https:\/\/swimchannel.net\/br\/#\/schema\/person\/aa2a63bab3275f53749a83276b213c48","name":"Guilherme Freitas","image":{"@type":"ImageObject","inLanguage":"pt-BR","@id":"https:\/\/swimchannel.net\/br\/wp-content\/uploads\/2025\/10\/gui22-193x180.png","url":"https:\/\/swimchannel.net\/br\/wp-content\/uploads\/2025\/10\/gui22-193x180.png","contentUrl":"https:\/\/swimchannel.net\/br\/wp-content\/uploads\/2025\/10\/gui22-193x180.png","caption":"Guilherme Freitas"},"description":"Jornalista s\u00eanior da SWIM CHANNEL, ex-correspondente da FINA no Brasil e pesquisador acad\u00eamico.","sameAs":["instagram.com\/guifreitas86"],"url":"https:\/\/swimchannel.net\/br\/author\/guilherme-freitas\/"}]}},"_links":{"self":[{"href":"https:\/\/swimchannel.net\/br\/wp-json\/wp\/v2\/posts\/84252","targetHints":{"allow":["GET"]}}],"collection":[{"href":"https:\/\/swimchannel.net\/br\/wp-json\/wp\/v2\/posts"}],"about":[{"href":"https:\/\/swimchannel.net\/br\/wp-json\/wp\/v2\/types\/post"}],"author":[{"embeddable":true,"href":"https:\/\/swimchannel.net\/br\/wp-json\/wp\/v2\/users\/3"}],"replies":[{"embeddable":true,"href":"https:\/\/swimchannel.net\/br\/wp-json\/wp\/v2\/comments?post=84252"}],"version-history":[{"count":5,"href":"https:\/\/swimchannel.net\/br\/wp-json\/wp\/v2\/posts\/84252\/revisions"}],"predecessor-version":[{"id":84266,"href":"https:\/\/swimchannel.net\/br\/wp-json\/wp\/v2\/posts\/84252\/revisions\/84266"}],"wp:featuredmedia":[{"embeddable":true,"href":"https:\/\/swimchannel.net\/br\/wp-json\/wp\/v2\/media\/84263"}],"wp:attachment":[{"href":"https:\/\/swimchannel.net\/br\/wp-json\/wp\/v2\/media?parent=84252"}],"wp:term":[{"taxonomy":"category","embeddable":true,"href":"https:\/\/swimchannel.net\/br\/wp-json\/wp\/v2\/categories?post=84252"},{"taxonomy":"post_tag","embeddable":true,"href":"https:\/\/swimchannel.net\/br\/wp-json\/wp\/v2\/tags?post=84252"}],"curies":[{"name":"wp","href":"https:\/\/api.w.org\/{rel}","templated":true}]}}