{"id":84272,"date":"2026-09-01T10:48:30","date_gmt":"2026-09-01T13:48:30","guid":{"rendered":"https:\/\/swimchannel.net\/br\/?p=84272"},"modified":"2026-09-01T10:48:30","modified_gmt":"2026-09-01T13:48:30","slug":"2o-dia-de-eliminatorias-do-finkel-termina-sem-indices","status":"publish","type":"post","link":"https:\/\/swimchannel.net\/br\/2o-dia-de-eliminatorias-do-finkel-termina-sem-indices\/","title":{"rendered":"2\u00ba dia de eliminat\u00f3rias do Finkel termina sem \u00edndices"},"content":{"rendered":"<p>O segundo dia de eliminat\u00f3rias dos Trof\u00e9u Jos\u00e9 Finkel terminou sem \u00edndices para o Campeonato Mundal de curta, diferentemente da manh\u00e3 de ontem. Hoje tivemos seis provas disputadas: 200m costas feminino e masculino, 50m peito feminino e masculino e 200m medley feminino e masculino.<\/p>\n<p>Nas provas de 200m costas, tivemos o espanhol\/brasileiro Hugo Gonzalez do Minas TC obtendo o melhor tempo das eliminat\u00f3rias com 1min54s11, apenas oito cent\u00e9simos \u00e0 frente de Ricardo Balduccini que fez o segundo melhor tempo. Na vers\u00e3o feminina Maria Luiza Pessanha, do Pinheiros, marcou o melhor tempo da manh\u00e3 com 2min10s85, seguida por Alexia Assun\u00e7\u00e3o na segunda coloca\u00e7\u00e3o com o tempo de 2min11s50.<\/p>\n<figure id=\"attachment_84285\" aria-describedby=\"caption-attachment-84285\" style=\"width: 1053px\" class=\"wp-caption alignnone\"><img loading=\"lazy\" decoding=\"async\" class=\"size-full wp-image-84285\" src=\"https:\/\/swimchannel.net\/br\/wp-content\/uploads\/2026\/09\/55499138577_d1d5695e4f_k.jpg\" alt=\"\" width=\"1053\" height=\"630\" srcset=\"https:\/\/swimchannel.net\/br\/wp-content\/uploads\/2026\/09\/55499138577_d1d5695e4f_k.jpg 1053w, https:\/\/swimchannel.net\/br\/wp-content\/uploads\/2026\/09\/55499138577_d1d5695e4f_k-301x180.jpg 301w, https:\/\/swimchannel.net\/br\/wp-content\/uploads\/2026\/09\/55499138577_d1d5695e4f_k-768x459.jpg 768w, https:\/\/swimchannel.net\/br\/wp-content\/uploads\/2026\/09\/55499138577_d1d5695e4f_k-750x449.jpg 750w\" sizes=\"auto, (max-width: 1053px) 100vw, 1053px\" \/><figcaption id=\"caption-attachment-84285\" class=\"wp-caption-text\">Hugo Gonzal\u00e9z &#8211; Foto: Satiro Sodr\u00e9<\/figcaption><\/figure>\n<p>Nos 50m peito masculino tivemos sete nadadores na casa dos 26 segundos, pr\u00f3ximos do \u00edndice para o Mundial. Na lideran\u00e7a um empate entre Caio Pumputis e Jo\u00e3o Gomes J\u00fanior, ambos do Pinheiros, com o tempo de 26s43. Na prova feminina apenas a venezuelana Mercedes Salazar conseguiu nadar abaixo dos 31 segundos e com 30s62 \u00e9 a grande favorita a vit\u00f3ria logo mais.<\/p>\n<p>Por fim, nos 200m medley tivemos dois jovens atletas avan\u00e7ando com o melhor tempo. No masculino Gabriel Machuco, do SESI-SP, foi 1min55s41, seguido por Leonardo Santos que marcou 1min56s39. No feminino a mais r\u00e1pida pela manh\u00e3 foi Manuela Astori, do Fluminense, que com 2min14s30 foi quase dois segundos mais veloz que a segunda colocada, Mariana Costa que nadou para 2min16s05.<\/p>\n<figure id=\"attachment_84284\" aria-describedby=\"caption-attachment-84284\" style=\"width: 1053px\" class=\"wp-caption alignnone\"><img loading=\"lazy\" decoding=\"async\" class=\"size-full wp-image-84284\" src=\"https:\/\/swimchannel.net\/br\/wp-content\/uploads\/2026\/09\/55500237793_51c5799683_k.jpg\" alt=\"\" width=\"1053\" height=\"630\" srcset=\"https:\/\/swimchannel.net\/br\/wp-content\/uploads\/2026\/09\/55500237793_51c5799683_k.jpg 1053w, https:\/\/swimchannel.net\/br\/wp-content\/uploads\/2026\/09\/55500237793_51c5799683_k-301x180.jpg 301w, https:\/\/swimchannel.net\/br\/wp-content\/uploads\/2026\/09\/55500237793_51c5799683_k-768x459.jpg 768w, https:\/\/swimchannel.net\/br\/wp-content\/uploads\/2026\/09\/55500237793_51c5799683_k-750x449.jpg 750w\" sizes=\"auto, (max-width: 1053px) 100vw, 1053px\" \/><figcaption id=\"caption-attachment-84284\" class=\"wp-caption-text\">Malu Pessanha &#8211; Foto: Satiro Sodr\u00e9<\/figcaption><\/figure>\n<p>Nas finais de hoje teremos ainda as provas do revezamento 4x200m livre masculino e feminino. Os resultados completos da manh\u00e3 podem ser conferidos no site oficil da CBDA (<a href=\"https:\/\/www.cbda.org.br\/evento\/natacao\/v1_VnBMjXlzMR4rz0OG9R12asFllkWM-C_Fua6ceqI9QUk.PDEzyfAn_26kfHs2pYLOKmjxhIvZXC5FqE_Rs8z6ayc\/campeonato-brasileiro-de-natacao-jose-finkel\" target=\"_blank\" rel=\"noopener\">clique aqui<\/a>). E para assistir na \u00edntegra a etapa acesse o app da Swim Channel TV (<a href=\"https:\/\/tv.swimchannel.net\/\" target=\"_blank\" rel=\"noopener\">https:\/\/tv.swimchannel.net\/<\/a>) ou nosso canal do Youtube (<a href=\"https:\/\/www.youtube.com\/@SwimChanneltv\" target=\"_blank\" rel=\"noopener\">https:\/\/www.youtube.com\/@SwimChanneltv<\/a>).<\/p>\n<p>&nbsp;<\/p>\n<p>Gostaria de receber as not\u00edcias de nata\u00e7\u00e3o e \u00e1guas abertas no seu email?<\/p>\n<p><a href=\"https:\/\/lpa.nitro.news\/n-GNe\/ultimas-noticias-swim-channel\">Cadastre-se aqui<\/a><\/p>\n","protected":false},"excerpt":{"rendered":"<p>O segundo dia de eliminat\u00f3rias dos Trof\u00e9u Jos\u00e9 Finkel terminou sem \u00edndices para o Campeonato Mundal de curta, diferentemente da manh\u00e3 de ontem. Hoje tivemos seis provas disputadas: 200m costas feminino e masculino, 50m peito feminino e masculino e 200m medley feminino e masculino. Nas provas de 200m costas, tivemos o espanhol\/brasileiro Hugo Gonzalez do [&hellip;]<\/p>\n","protected":false},"author":3,"featured_media":84264,"comment_status":"open","ping_status":"open","sticky":false,"template":"","format":"standard","meta":{"footnotes":""},"categories":[137],"tags":[1275,5809,1431,1526,5601,5,130],"class_list":["post-84272","post","type-post","status-publish","format-standard","has-post-thumbnail","hentry","category-natacao","tag-caio-pumputis","tag-hugo-gonzalez","tag-joao-gomes-junior","tag-maria-luiza-pessanha","tag-mercedes-salazar","tag-natacao","tag-trofeu-jose-finkel"],"yoast_head":"<!-- This site is optimized with the Yoast SEO plugin v28.3 - https:\/\/yoast.com\/product\/yoast-seo-wordpress\/ -->\n<title>2\u00ba dia de eliminat\u00f3rias do Finkel termina sem \u00edndices - Swimchannel<\/title>\n<meta name=\"robots\" content=\"index, follow, max-snippet:-1, max-image-preview:large, max-video-preview:-1\" \/>\n<link rel=\"canonical\" href=\"https:\/\/swimchannel.net\/br\/2o-dia-de-eliminatorias-do-finkel-termina-sem-indices\/\" \/>\n<meta property=\"og:locale\" content=\"pt_BR\" \/>\n<meta property=\"og:type\" content=\"article\" \/>\n<meta property=\"og:title\" content=\"2\u00ba dia de eliminat\u00f3rias do Finkel termina sem \u00edndices - Swimchannel\" \/>\n<meta property=\"og:description\" content=\"O segundo dia de eliminat\u00f3rias dos Trof\u00e9u Jos\u00e9 Finkel terminou sem \u00edndices para o Campeonato Mundal de curta, diferentemente da manh\u00e3 de ontem. Hoje tivemos seis provas disputadas: 200m costas feminino e masculino, 50m peito feminino e masculino e 200m medley feminino e masculino. Nas provas de 200m costas, tivemos o espanhol\/brasileiro Hugo Gonzalez do [&hellip;]\" \/>\n<meta property=\"og:url\" content=\"https:\/\/swimchannel.net\/br\/2o-dia-de-eliminatorias-do-finkel-termina-sem-indices\/\" \/>\n<meta property=\"og:site_name\" content=\"Swimchannel\" \/>\n<meta property=\"article:publisher\" content=\"https:\/\/www.facebook.com\/swimchannel\" \/>\n<meta property=\"article:published_time\" content=\"2026-09-01T13:48:30+00:00\" \/>\n<meta property=\"og:image\" content=\"https:\/\/swimchannel.net\/br\/wp-content\/uploads\/2026\/08\/55500304434_7e5fa28343_k.jpg\" \/>\n\t<meta property=\"og:image:width\" content=\"1056\" \/>\n\t<meta property=\"og:image:height\" content=\"630\" \/>\n\t<meta property=\"og:image:type\" content=\"image\/jpeg\" \/>\n<meta name=\"author\" content=\"Guilherme Freitas\" \/>\n<meta name=\"twitter:card\" content=\"summary_large_image\" \/>\n<meta name=\"twitter:label1\" content=\"Escrito por\" \/>\n\t<meta name=\"twitter:data1\" content=\"Guilherme Freitas\" \/>\n\t<meta name=\"twitter:label2\" content=\"Est. tempo de leitura\" \/>\n\t<meta name=\"twitter:data2\" content=\"3 minutos\" \/>\n<script type=\"application\/ld+json\" class=\"yoast-schema-graph\">{\"@context\":\"https:\\\/\\\/schema.org\",\"@graph\":[{\"@type\":\"Article\",\"@id\":\"https:\\\/\\\/swimchannel.net\\\/br\\\/2o-dia-de-eliminatorias-do-finkel-termina-sem-indices\\\/#article\",\"isPartOf\":{\"@id\":\"https:\\\/\\\/swimchannel.net\\\/br\\\/2o-dia-de-eliminatorias-do-finkel-termina-sem-indices\\\/\"},\"author\":{\"name\":\"Guilherme Freitas\",\"@id\":\"https:\\\/\\\/swimchannel.net\\\/br\\\/#\\\/schema\\\/person\\\/aa2a63bab3275f53749a83276b213c48\"},\"headline\":\"2\u00ba dia de eliminat\u00f3rias do Finkel termina sem \u00edndices\",\"datePublished\":\"2026-09-01T13:48:30+00:00\",\"mainEntityOfPage\":{\"@id\":\"https:\\\/\\\/swimchannel.net\\\/br\\\/2o-dia-de-eliminatorias-do-finkel-termina-sem-indices\\\/\"},\"wordCount\":360,\"commentCount\":0,\"publisher\":{\"@id\":\"https:\\\/\\\/swimchannel.net\\\/br\\\/#organization\"},\"image\":{\"@id\":\"https:\\\/\\\/swimchannel.net\\\/br\\\/2o-dia-de-eliminatorias-do-finkel-termina-sem-indices\\\/#primaryimage\"},\"thumbnailUrl\":\"https:\\\/\\\/swimchannel.net\\\/br\\\/wp-content\\\/uploads\\\/2026\\\/08\\\/55500304434_7e5fa28343_k.jpg\",\"keywords\":[\"Caio Pumputis\",\"Hugo Gonz\u00e1lez\",\"Jo\u00e3o Gomes J\u00fanior\",\"Maria Luiza Pessanha\",\"Mercedes Salazar\",\"natacao\",\"Trof\u00e9u Jos\u00e9 Finkel\"],\"articleSection\":[\"Nata\u00e7\u00e3o\"],\"inLanguage\":\"pt-BR\",\"potentialAction\":[{\"@type\":\"CommentAction\",\"name\":\"Comment\",\"target\":[\"https:\\\/\\\/swimchannel.net\\\/br\\\/2o-dia-de-eliminatorias-do-finkel-termina-sem-indices\\\/#respond\"]}]},{\"@type\":\"WebPage\",\"@id\":\"https:\\\/\\\/swimchannel.net\\\/br\\\/2o-dia-de-eliminatorias-do-finkel-termina-sem-indices\\\/\",\"url\":\"https:\\\/\\\/swimchannel.net\\\/br\\\/2o-dia-de-eliminatorias-do-finkel-termina-sem-indices\\\/\",\"name\":\"2\u00ba dia de eliminat\u00f3rias do Finkel termina sem \u00edndices - Swimchannel\",\"isPartOf\":{\"@id\":\"https:\\\/\\\/swimchannel.net\\\/br\\\/#website\"},\"primaryImageOfPage\":{\"@id\":\"https:\\\/\\\/swimchannel.net\\\/br\\\/2o-dia-de-eliminatorias-do-finkel-termina-sem-indices\\\/#primaryimage\"},\"image\":{\"@id\":\"https:\\\/\\\/swimchannel.net\\\/br\\\/2o-dia-de-eliminatorias-do-finkel-termina-sem-indices\\\/#primaryimage\"},\"thumbnailUrl\":\"https:\\\/\\\/swimchannel.net\\\/br\\\/wp-content\\\/uploads\\\/2026\\\/08\\\/55500304434_7e5fa28343_k.jpg\",\"datePublished\":\"2026-09-01T13:48:30+00:00\",\"breadcrumb\":{\"@id\":\"https:\\\/\\\/swimchannel.net\\\/br\\\/2o-dia-de-eliminatorias-do-finkel-termina-sem-indices\\\/#breadcrumb\"},\"inLanguage\":\"pt-BR\",\"potentialAction\":[{\"@type\":\"ReadAction\",\"target\":[\"https:\\\/\\\/swimchannel.net\\\/br\\\/2o-dia-de-eliminatorias-do-finkel-termina-sem-indices\\\/\"]}]},{\"@type\":\"ImageObject\",\"inLanguage\":\"pt-BR\",\"@id\":\"https:\\\/\\\/swimchannel.net\\\/br\\\/2o-dia-de-eliminatorias-do-finkel-termina-sem-indices\\\/#primaryimage\",\"url\":\"https:\\\/\\\/swimchannel.net\\\/br\\\/wp-content\\\/uploads\\\/2026\\\/08\\\/55500304434_7e5fa28343_k.jpg\",\"contentUrl\":\"https:\\\/\\\/swimchannel.net\\\/br\\\/wp-content\\\/uploads\\\/2026\\\/08\\\/55500304434_7e5fa28343_k.jpg\",\"width\":1056,\"height\":630,\"caption\":\"Caio Pumputis - Foto: Satiro Sodr\u00e9\"},{\"@type\":\"BreadcrumbList\",\"@id\":\"https:\\\/\\\/swimchannel.net\\\/br\\\/2o-dia-de-eliminatorias-do-finkel-termina-sem-indices\\\/#breadcrumb\",\"itemListElement\":[{\"@type\":\"ListItem\",\"position\":1,\"name\":\"Home\",\"item\":\"https:\\\/\\\/swimchannel.net\\\/br\\\/\"},{\"@type\":\"ListItem\",\"position\":2,\"name\":\"2\u00ba dia de eliminat\u00f3rias do Finkel termina sem \u00edndices\"}]},{\"@type\":\"WebSite\",\"@id\":\"https:\\\/\\\/swimchannel.net\\\/br\\\/#website\",\"url\":\"https:\\\/\\\/swimchannel.net\\\/br\\\/\",\"name\":\"Swimchannel\",\"description\":\"Maior portal de nata\u00e7\u00e3o da america latina\",\"publisher\":{\"@id\":\"https:\\\/\\\/swimchannel.net\\\/br\\\/#organization\"},\"potentialAction\":[{\"@type\":\"SearchAction\",\"target\":{\"@type\":\"EntryPoint\",\"urlTemplate\":\"https:\\\/\\\/swimchannel.net\\\/br\\\/?s={search_term_string}\"},\"query-input\":{\"@type\":\"PropertyValueSpecification\",\"valueRequired\":true,\"valueName\":\"search_term_string\"}}],\"inLanguage\":\"pt-BR\"},{\"@type\":\"Organization\",\"@id\":\"https:\\\/\\\/swimchannel.net\\\/br\\\/#organization\",\"name\":\"Swimchannel - Conectando voc\u00ea a Nata\u00e7\u00e3o\",\"url\":\"https:\\\/\\\/swimchannel.net\\\/br\\\/\",\"logo\":{\"@type\":\"ImageObject\",\"inLanguage\":\"pt-BR\",\"@id\":\"https:\\\/\\\/swimchannel.net\\\/br\\\/#\\\/schema\\\/logo\\\/image\\\/\",\"url\":\"https:\\\/\\\/swimchannel.net\\\/br\\\/wp-content\\\/uploads\\\/2026\\\/02\\\/SWIM-CHANNEL.png\",\"contentUrl\":\"https:\\\/\\\/swimchannel.net\\\/br\\\/wp-content\\\/uploads\\\/2026\\\/02\\\/SWIM-CHANNEL.png\",\"width\":1120,\"height\":630,\"caption\":\"Swimchannel - Conectando voc\u00ea a Nata\u00e7\u00e3o\"},\"image\":{\"@id\":\"https:\\\/\\\/swimchannel.net\\\/br\\\/#\\\/schema\\\/logo\\\/image\\\/\"},\"sameAs\":[\"https:\\\/\\\/www.facebook.com\\\/swimchannel\",\"https:\\\/\\\/www.instagram.com\\\/swimchannel\"]},{\"@type\":\"Person\",\"@id\":\"https:\\\/\\\/swimchannel.net\\\/br\\\/#\\\/schema\\\/person\\\/aa2a63bab3275f53749a83276b213c48\",\"name\":\"Guilherme Freitas\",\"image\":{\"@type\":\"ImageObject\",\"inLanguage\":\"pt-BR\",\"@id\":\"https:\\\/\\\/swimchannel.net\\\/br\\\/wp-content\\\/uploads\\\/2025\\\/10\\\/gui22-193x180.png\",\"url\":\"https:\\\/\\\/swimchannel.net\\\/br\\\/wp-content\\\/uploads\\\/2025\\\/10\\\/gui22-193x180.png\",\"contentUrl\":\"https:\\\/\\\/swimchannel.net\\\/br\\\/wp-content\\\/uploads\\\/2025\\\/10\\\/gui22-193x180.png\",\"caption\":\"Guilherme Freitas\"},\"description\":\"Jornalista s\u00eanior da SWIM CHANNEL, ex-correspondente da FINA no Brasil e pesquisador acad\u00eamico.\",\"sameAs\":[\"instagram.com\\\/guifreitas86\"],\"url\":\"https:\\\/\\\/swimchannel.net\\\/br\\\/author\\\/guilherme-freitas\\\/\"}]}<\/script>\n<!-- \/ Yoast SEO plugin. -->","yoast_head_json":{"title":"2\u00ba dia de eliminat\u00f3rias do Finkel termina sem \u00edndices - Swimchannel","robots":{"index":"index","follow":"follow","max-snippet":"max-snippet:-1","max-image-preview":"max-image-preview:large","max-video-preview":"max-video-preview:-1"},"canonical":"https:\/\/swimchannel.net\/br\/2o-dia-de-eliminatorias-do-finkel-termina-sem-indices\/","og_locale":"pt_BR","og_type":"article","og_title":"2\u00ba dia de eliminat\u00f3rias do Finkel termina sem \u00edndices - Swimchannel","og_description":"O segundo dia de eliminat\u00f3rias dos Trof\u00e9u Jos\u00e9 Finkel terminou sem \u00edndices para o Campeonato Mundal de curta, diferentemente da manh\u00e3 de ontem. Hoje tivemos seis provas disputadas: 200m costas feminino e masculino, 50m peito feminino e masculino e 200m medley feminino e masculino. Nas provas de 200m costas, tivemos o espanhol\/brasileiro Hugo Gonzalez do [&hellip;]","og_url":"https:\/\/swimchannel.net\/br\/2o-dia-de-eliminatorias-do-finkel-termina-sem-indices\/","og_site_name":"Swimchannel","article_publisher":"https:\/\/www.facebook.com\/swimchannel","article_published_time":"2026-09-01T13:48:30+00:00","og_image":[{"width":1056,"height":630,"url":"https:\/\/swimchannel.net\/br\/wp-content\/uploads\/2026\/08\/55500304434_7e5fa28343_k.jpg","type":"image\/jpeg"}],"author":"Guilherme Freitas","twitter_card":"summary_large_image","twitter_misc":{"Escrito por":"Guilherme Freitas","Est. tempo de leitura":"3 minutos"},"schema":{"@context":"https:\/\/schema.org","@graph":[{"@type":"Article","@id":"https:\/\/swimchannel.net\/br\/2o-dia-de-eliminatorias-do-finkel-termina-sem-indices\/#article","isPartOf":{"@id":"https:\/\/swimchannel.net\/br\/2o-dia-de-eliminatorias-do-finkel-termina-sem-indices\/"},"author":{"name":"Guilherme Freitas","@id":"https:\/\/swimchannel.net\/br\/#\/schema\/person\/aa2a63bab3275f53749a83276b213c48"},"headline":"2\u00ba dia de eliminat\u00f3rias do Finkel termina sem \u00edndices","datePublished":"2026-09-01T13:48:30+00:00","mainEntityOfPage":{"@id":"https:\/\/swimchannel.net\/br\/2o-dia-de-eliminatorias-do-finkel-termina-sem-indices\/"},"wordCount":360,"commentCount":0,"publisher":{"@id":"https:\/\/swimchannel.net\/br\/#organization"},"image":{"@id":"https:\/\/swimchannel.net\/br\/2o-dia-de-eliminatorias-do-finkel-termina-sem-indices\/#primaryimage"},"thumbnailUrl":"https:\/\/swimchannel.net\/br\/wp-content\/uploads\/2026\/08\/55500304434_7e5fa28343_k.jpg","keywords":["Caio Pumputis","Hugo Gonz\u00e1lez","Jo\u00e3o Gomes J\u00fanior","Maria Luiza Pessanha","Mercedes Salazar","natacao","Trof\u00e9u Jos\u00e9 Finkel"],"articleSection":["Nata\u00e7\u00e3o"],"inLanguage":"pt-BR","potentialAction":[{"@type":"CommentAction","name":"Comment","target":["https:\/\/swimchannel.net\/br\/2o-dia-de-eliminatorias-do-finkel-termina-sem-indices\/#respond"]}]},{"@type":"WebPage","@id":"https:\/\/swimchannel.net\/br\/2o-dia-de-eliminatorias-do-finkel-termina-sem-indices\/","url":"https:\/\/swimchannel.net\/br\/2o-dia-de-eliminatorias-do-finkel-termina-sem-indices\/","name":"2\u00ba dia de eliminat\u00f3rias do Finkel termina sem \u00edndices - Swimchannel","isPartOf":{"@id":"https:\/\/swimchannel.net\/br\/#website"},"primaryImageOfPage":{"@id":"https:\/\/swimchannel.net\/br\/2o-dia-de-eliminatorias-do-finkel-termina-sem-indices\/#primaryimage"},"image":{"@id":"https:\/\/swimchannel.net\/br\/2o-dia-de-eliminatorias-do-finkel-termina-sem-indices\/#primaryimage"},"thumbnailUrl":"https:\/\/swimchannel.net\/br\/wp-content\/uploads\/2026\/08\/55500304434_7e5fa28343_k.jpg","datePublished":"2026-09-01T13:48:30+00:00","breadcrumb":{"@id":"https:\/\/swimchannel.net\/br\/2o-dia-de-eliminatorias-do-finkel-termina-sem-indices\/#breadcrumb"},"inLanguage":"pt-BR","potentialAction":[{"@type":"ReadAction","target":["https:\/\/swimchannel.net\/br\/2o-dia-de-eliminatorias-do-finkel-termina-sem-indices\/"]}]},{"@type":"ImageObject","inLanguage":"pt-BR","@id":"https:\/\/swimchannel.net\/br\/2o-dia-de-eliminatorias-do-finkel-termina-sem-indices\/#primaryimage","url":"https:\/\/swimchannel.net\/br\/wp-content\/uploads\/2026\/08\/55500304434_7e5fa28343_k.jpg","contentUrl":"https:\/\/swimchannel.net\/br\/wp-content\/uploads\/2026\/08\/55500304434_7e5fa28343_k.jpg","width":1056,"height":630,"caption":"Caio Pumputis - Foto: Satiro Sodr\u00e9"},{"@type":"BreadcrumbList","@id":"https:\/\/swimchannel.net\/br\/2o-dia-de-eliminatorias-do-finkel-termina-sem-indices\/#breadcrumb","itemListElement":[{"@type":"ListItem","position":1,"name":"Home","item":"https:\/\/swimchannel.net\/br\/"},{"@type":"ListItem","position":2,"name":"2\u00ba dia de eliminat\u00f3rias do Finkel termina sem \u00edndices"}]},{"@type":"WebSite","@id":"https:\/\/swimchannel.net\/br\/#website","url":"https:\/\/swimchannel.net\/br\/","name":"Swimchannel","description":"Maior portal de nata\u00e7\u00e3o da america latina","publisher":{"@id":"https:\/\/swimchannel.net\/br\/#organization"},"potentialAction":[{"@type":"SearchAction","target":{"@type":"EntryPoint","urlTemplate":"https:\/\/swimchannel.net\/br\/?s={search_term_string}"},"query-input":{"@type":"PropertyValueSpecification","valueRequired":true,"valueName":"search_term_string"}}],"inLanguage":"pt-BR"},{"@type":"Organization","@id":"https:\/\/swimchannel.net\/br\/#organization","name":"Swimchannel - Conectando voc\u00ea a Nata\u00e7\u00e3o","url":"https:\/\/swimchannel.net\/br\/","logo":{"@type":"ImageObject","inLanguage":"pt-BR","@id":"https:\/\/swimchannel.net\/br\/#\/schema\/logo\/image\/","url":"https:\/\/swimchannel.net\/br\/wp-content\/uploads\/2026\/02\/SWIM-CHANNEL.png","contentUrl":"https:\/\/swimchannel.net\/br\/wp-content\/uploads\/2026\/02\/SWIM-CHANNEL.png","width":1120,"height":630,"caption":"Swimchannel - Conectando voc\u00ea a Nata\u00e7\u00e3o"},"image":{"@id":"https:\/\/swimchannel.net\/br\/#\/schema\/logo\/image\/"},"sameAs":["https:\/\/www.facebook.com\/swimchannel","https:\/\/www.instagram.com\/swimchannel"]},{"@type":"Person","@id":"https:\/\/swimchannel.net\/br\/#\/schema\/person\/aa2a63bab3275f53749a83276b213c48","name":"Guilherme Freitas","image":{"@type":"ImageObject","inLanguage":"pt-BR","@id":"https:\/\/swimchannel.net\/br\/wp-content\/uploads\/2025\/10\/gui22-193x180.png","url":"https:\/\/swimchannel.net\/br\/wp-content\/uploads\/2025\/10\/gui22-193x180.png","contentUrl":"https:\/\/swimchannel.net\/br\/wp-content\/uploads\/2025\/10\/gui22-193x180.png","caption":"Guilherme Freitas"},"description":"Jornalista s\u00eanior da SWIM CHANNEL, ex-correspondente da FINA no Brasil e pesquisador acad\u00eamico.","sameAs":["instagram.com\/guifreitas86"],"url":"https:\/\/swimchannel.net\/br\/author\/guilherme-freitas\/"}]}},"_links":{"self":[{"href":"https:\/\/swimchannel.net\/br\/wp-json\/wp\/v2\/posts\/84272","targetHints":{"allow":["GET"]}}],"collection":[{"href":"https:\/\/swimchannel.net\/br\/wp-json\/wp\/v2\/posts"}],"about":[{"href":"https:\/\/swimchannel.net\/br\/wp-json\/wp\/v2\/types\/post"}],"author":[{"embeddable":true,"href":"https:\/\/swimchannel.net\/br\/wp-json\/wp\/v2\/users\/3"}],"replies":[{"embeddable":true,"href":"https:\/\/swimchannel.net\/br\/wp-json\/wp\/v2\/comments?post=84272"}],"version-history":[{"count":3,"href":"https:\/\/swimchannel.net\/br\/wp-json\/wp\/v2\/posts\/84272\/revisions"}],"predecessor-version":[{"id":84286,"href":"https:\/\/swimchannel.net\/br\/wp-json\/wp\/v2\/posts\/84272\/revisions\/84286"}],"wp:featuredmedia":[{"embeddable":true,"href":"https:\/\/swimchannel.net\/br\/wp-json\/wp\/v2\/media\/84264"}],"wp:attachment":[{"href":"https:\/\/swimchannel.net\/br\/wp-json\/wp\/v2\/media?parent=84272"}],"wp:term":[{"taxonomy":"category","embeddable":true,"href":"https:\/\/swimchannel.net\/br\/wp-json\/wp\/v2\/categories?post=84272"},{"taxonomy":"post_tag","embeddable":true,"href":"https:\/\/swimchannel.net\/br\/wp-json\/wp\/v2\/tags?post=84272"}],"curies":[{"name":"wp","href":"https:\/\/api.w.org\/{rel}","templated":true}]}}