{"id":84274,"date":"2026-09-01T09:46:25","date_gmt":"2026-09-01T12:46:25","guid":{"rendered":"https:\/\/swimchannel.net\/br\/?p=84274"},"modified":"2026-09-01T11:11:15","modified_gmt":"2026-09-01T14:11:15","slug":"8-indices-para-o-mundial-no-primeiro-dia-do-mundial","status":"publish","type":"post","link":"https:\/\/swimchannel.net\/br\/8-indices-para-o-mundial-no-primeiro-dia-do-mundial\/","title":{"rendered":"8 \u00edndices para o Mundial no primeiro dia do Finkel"},"content":{"rendered":"<p>A Sele\u00e7\u00e3o Brasileira ter\u00e1 apenas 15 nadadores no Campeonato Mundial de Piscina Curta, todos os atletas a serem convocados precisam alcan\u00e7ar as marcas A da World Aquatics, limite de dois nadadores por prova, e relacionados pela ordem do Ranking Mundial de 2024, considerando apenas dois nadadores por pa\u00eds.<\/p>\n<p>Ao final do primeiro dia do Trof\u00e9u Jos\u00e9 Finkel, seletiva \u00fanica de forma\u00e7\u00e3o da equipe, j\u00e1 foram oito \u00edndices alcan\u00e7ados aqui relacionados pela ordem deste ranking:<\/p>\n<p>8o lugar \u2013 Leonardo Alcantara do Minas 400m livre 3:47.46<br \/>\n8o lugar \u2013 Caio Pumputis do Pinheiros 200m peito 2:02.60<br \/>\n11o lugar \u2013 Giulia Carvalho do Minas 100m borboleta 56.06<br \/>\n11o lugar \u2013 Maria Fernanda Costa da Unisanta 400m livre 3:59.88<br \/>\n13o lugar \u2013 Eduardo Moraes do Minas 400m livre 3:38.97<br \/>\n16o lugar \u2013 Pedro Busch do Minas 100m borboleta 49.69<br \/>\n21o lugar \u2013 Beatriz Bezerra do Pinheiros 100m borboleta 57.02<br \/>\n24o lugar \u2013 Maria Paula Heitmann do SESC RJ 400m livre 4:04.99<\/p>\n<p>&nbsp;<\/p>\n<p>Gostaria de receber as not\u00edcias de nata\u00e7\u00e3o e \u00e1guas abertas no seu email?<\/p>\n<p><a href=\"https:\/\/lpa.nitro.news\/n-GNe\/ultimas-noticias-swim-channel\">Cadastre-se aqui<\/a><\/p>\n","protected":false},"excerpt":{"rendered":"<p>A Sele\u00e7\u00e3o Brasileira ter\u00e1 apenas 15 nadadores no Campeonato Mundial de Piscina Curta, todos os atletas a serem convocados precisam alcan\u00e7ar as marcas A da World Aquatics, limite de dois nadadores por prova, e relacionados pela ordem do Ranking Mundial de 2024, considerando apenas dois nadadores por pa\u00eds. Ao final do primeiro dia do Trof\u00e9u [&hellip;]<\/p>\n","protected":false},"author":12,"featured_media":84275,"comment_status":"open","ping_status":"open","sticky":false,"template":"","format":"standard","meta":{"footnotes":""},"categories":[241],"tags":[1581,5,130],"class_list":["post-84274","post","type-post","status-publish","format-standard","has-post-thumbnail","hentry","category-trofeu-jose-finkel","tag-campeonato-mundial-de-piscina-curta","tag-natacao","tag-trofeu-jose-finkel"],"yoast_head":"<!-- This site is optimized with the Yoast SEO plugin v28.3 - https:\/\/yoast.com\/product\/yoast-seo-wordpress\/ -->\n<title>8 \u00edndices para o Mundial no primeiro dia do Finkel - Swimchannel<\/title>\n<meta name=\"robots\" content=\"index, follow, max-snippet:-1, max-image-preview:large, max-video-preview:-1\" \/>\n<link rel=\"canonical\" href=\"https:\/\/swimchannel.net\/br\/8-indices-para-o-mundial-no-primeiro-dia-do-mundial\/\" \/>\n<meta property=\"og:locale\" content=\"pt_BR\" \/>\n<meta property=\"og:type\" content=\"article\" \/>\n<meta property=\"og:title\" content=\"8 \u00edndices para o Mundial no primeiro dia do Finkel - Swimchannel\" \/>\n<meta property=\"og:description\" content=\"A Sele\u00e7\u00e3o Brasileira ter\u00e1 apenas 15 nadadores no Campeonato Mundial de Piscina Curta, todos os atletas a serem convocados precisam alcan\u00e7ar as marcas A da World Aquatics, limite de dois nadadores por prova, e relacionados pela ordem do Ranking Mundial de 2024, considerando apenas dois nadadores por pa\u00eds. Ao final do primeiro dia do Trof\u00e9u [&hellip;]\" \/>\n<meta property=\"og:url\" content=\"https:\/\/swimchannel.net\/br\/8-indices-para-o-mundial-no-primeiro-dia-do-mundial\/\" \/>\n<meta property=\"og:site_name\" content=\"Swimchannel\" \/>\n<meta property=\"article:publisher\" content=\"https:\/\/www.facebook.com\/swimchannel\" \/>\n<meta property=\"article:published_time\" content=\"2026-09-01T12:46:25+00:00\" \/>\n<meta property=\"article:modified_time\" content=\"2026-09-01T14:11:15+00:00\" \/>\n<meta property=\"og:image\" content=\"https:\/\/swimchannel.net\/br\/wp-content\/uploads\/2026\/09\/55501102936_ba40f6c5d1_k.jpg\" \/>\n\t<meta property=\"og:image:width\" content=\"1055\" \/>\n\t<meta property=\"og:image:height\" content=\"630\" \/>\n\t<meta property=\"og:image:type\" content=\"image\/jpeg\" \/>\n<meta name=\"author\" content=\"Alex Pussieldi\" \/>\n<meta name=\"twitter:card\" content=\"summary_large_image\" \/>\n<meta name=\"twitter:label1\" content=\"Escrito por\" \/>\n\t<meta name=\"twitter:data1\" content=\"Alex Pussieldi\" \/>\n\t<meta name=\"twitter:label2\" content=\"Est. tempo de leitura\" \/>\n\t<meta name=\"twitter:data2\" content=\"2 minutos\" \/>\n<script type=\"application\/ld+json\" class=\"yoast-schema-graph\">{\"@context\":\"https:\\\/\\\/schema.org\",\"@graph\":[{\"@type\":\"Article\",\"@id\":\"https:\\\/\\\/swimchannel.net\\\/br\\\/8-indices-para-o-mundial-no-primeiro-dia-do-mundial\\\/#article\",\"isPartOf\":{\"@id\":\"https:\\\/\\\/swimchannel.net\\\/br\\\/8-indices-para-o-mundial-no-primeiro-dia-do-mundial\\\/\"},\"author\":{\"name\":\"Alex Pussieldi\",\"@id\":\"https:\\\/\\\/swimchannel.net\\\/br\\\/#\\\/schema\\\/person\\\/cf549cb99cf75592fcf7c76213385e63\"},\"headline\":\"8 \u00edndices para o Mundial no primeiro dia do Finkel\",\"datePublished\":\"2026-09-01T12:46:25+00:00\",\"dateModified\":\"2026-09-01T14:11:15+00:00\",\"mainEntityOfPage\":{\"@id\":\"https:\\\/\\\/swimchannel.net\\\/br\\\/8-indices-para-o-mundial-no-primeiro-dia-do-mundial\\\/\"},\"wordCount\":172,\"commentCount\":0,\"publisher\":{\"@id\":\"https:\\\/\\\/swimchannel.net\\\/br\\\/#organization\"},\"image\":{\"@id\":\"https:\\\/\\\/swimchannel.net\\\/br\\\/8-indices-para-o-mundial-no-primeiro-dia-do-mundial\\\/#primaryimage\"},\"thumbnailUrl\":\"https:\\\/\\\/swimchannel.net\\\/br\\\/wp-content\\\/uploads\\\/2026\\\/09\\\/55501102936_ba40f6c5d1_k.jpg\",\"keywords\":[\"Campeonato Mundial de piscina curta\",\"natacao\",\"Trof\u00e9u Jos\u00e9 Finkel\"],\"articleSection\":[\"Trof\u00e9u Jos\u00e9 Finkel\"],\"inLanguage\":\"pt-BR\",\"potentialAction\":[{\"@type\":\"CommentAction\",\"name\":\"Comment\",\"target\":[\"https:\\\/\\\/swimchannel.net\\\/br\\\/8-indices-para-o-mundial-no-primeiro-dia-do-mundial\\\/#respond\"]}]},{\"@type\":\"WebPage\",\"@id\":\"https:\\\/\\\/swimchannel.net\\\/br\\\/8-indices-para-o-mundial-no-primeiro-dia-do-mundial\\\/\",\"url\":\"https:\\\/\\\/swimchannel.net\\\/br\\\/8-indices-para-o-mundial-no-primeiro-dia-do-mundial\\\/\",\"name\":\"8 \u00edndices para o Mundial no primeiro dia do Finkel - Swimchannel\",\"isPartOf\":{\"@id\":\"https:\\\/\\\/swimchannel.net\\\/br\\\/#website\"},\"primaryImageOfPage\":{\"@id\":\"https:\\\/\\\/swimchannel.net\\\/br\\\/8-indices-para-o-mundial-no-primeiro-dia-do-mundial\\\/#primaryimage\"},\"image\":{\"@id\":\"https:\\\/\\\/swimchannel.net\\\/br\\\/8-indices-para-o-mundial-no-primeiro-dia-do-mundial\\\/#primaryimage\"},\"thumbnailUrl\":\"https:\\\/\\\/swimchannel.net\\\/br\\\/wp-content\\\/uploads\\\/2026\\\/09\\\/55501102936_ba40f6c5d1_k.jpg\",\"datePublished\":\"2026-09-01T12:46:25+00:00\",\"dateModified\":\"2026-09-01T14:11:15+00:00\",\"breadcrumb\":{\"@id\":\"https:\\\/\\\/swimchannel.net\\\/br\\\/8-indices-para-o-mundial-no-primeiro-dia-do-mundial\\\/#breadcrumb\"},\"inLanguage\":\"pt-BR\",\"potentialAction\":[{\"@type\":\"ReadAction\",\"target\":[\"https:\\\/\\\/swimchannel.net\\\/br\\\/8-indices-para-o-mundial-no-primeiro-dia-do-mundial\\\/\"]}]},{\"@type\":\"ImageObject\",\"inLanguage\":\"pt-BR\",\"@id\":\"https:\\\/\\\/swimchannel.net\\\/br\\\/8-indices-para-o-mundial-no-primeiro-dia-do-mundial\\\/#primaryimage\",\"url\":\"https:\\\/\\\/swimchannel.net\\\/br\\\/wp-content\\\/uploads\\\/2026\\\/09\\\/55501102936_ba40f6c5d1_k.jpg\",\"contentUrl\":\"https:\\\/\\\/swimchannel.net\\\/br\\\/wp-content\\\/uploads\\\/2026\\\/09\\\/55501102936_ba40f6c5d1_k.jpg\",\"width\":1055,\"height\":630,\"caption\":\"Eduardo Moraes e Leonardo Alc\u00e2ntara - Foto: Satiro Sodr\u00e9\"},{\"@type\":\"BreadcrumbList\",\"@id\":\"https:\\\/\\\/swimchannel.net\\\/br\\\/8-indices-para-o-mundial-no-primeiro-dia-do-mundial\\\/#breadcrumb\",\"itemListElement\":[{\"@type\":\"ListItem\",\"position\":1,\"name\":\"Home\",\"item\":\"https:\\\/\\\/swimchannel.net\\\/br\\\/\"},{\"@type\":\"ListItem\",\"position\":2,\"name\":\"8 \u00edndices para o Mundial no primeiro dia do Finkel\"}]},{\"@type\":\"WebSite\",\"@id\":\"https:\\\/\\\/swimchannel.net\\\/br\\\/#website\",\"url\":\"https:\\\/\\\/swimchannel.net\\\/br\\\/\",\"name\":\"Swimchannel\",\"description\":\"Maior portal de nata\u00e7\u00e3o da america latina\",\"publisher\":{\"@id\":\"https:\\\/\\\/swimchannel.net\\\/br\\\/#organization\"},\"potentialAction\":[{\"@type\":\"SearchAction\",\"target\":{\"@type\":\"EntryPoint\",\"urlTemplate\":\"https:\\\/\\\/swimchannel.net\\\/br\\\/?s={search_term_string}\"},\"query-input\":{\"@type\":\"PropertyValueSpecification\",\"valueRequired\":true,\"valueName\":\"search_term_string\"}}],\"inLanguage\":\"pt-BR\"},{\"@type\":\"Organization\",\"@id\":\"https:\\\/\\\/swimchannel.net\\\/br\\\/#organization\",\"name\":\"Swimchannel - Conectando voc\u00ea a Nata\u00e7\u00e3o\",\"url\":\"https:\\\/\\\/swimchannel.net\\\/br\\\/\",\"logo\":{\"@type\":\"ImageObject\",\"inLanguage\":\"pt-BR\",\"@id\":\"https:\\\/\\\/swimchannel.net\\\/br\\\/#\\\/schema\\\/logo\\\/image\\\/\",\"url\":\"https:\\\/\\\/swimchannel.net\\\/br\\\/wp-content\\\/uploads\\\/2026\\\/02\\\/SWIM-CHANNEL.png\",\"contentUrl\":\"https:\\\/\\\/swimchannel.net\\\/br\\\/wp-content\\\/uploads\\\/2026\\\/02\\\/SWIM-CHANNEL.png\",\"width\":1120,\"height\":630,\"caption\":\"Swimchannel - Conectando voc\u00ea a Nata\u00e7\u00e3o\"},\"image\":{\"@id\":\"https:\\\/\\\/swimchannel.net\\\/br\\\/#\\\/schema\\\/logo\\\/image\\\/\"},\"sameAs\":[\"https:\\\/\\\/www.facebook.com\\\/swimchannel\",\"https:\\\/\\\/www.instagram.com\\\/swimchannel\"]},{\"@type\":\"Person\",\"@id\":\"https:\\\/\\\/swimchannel.net\\\/br\\\/#\\\/schema\\\/person\\\/cf549cb99cf75592fcf7c76213385e63\",\"name\":\"Alex Pussieldi\",\"image\":{\"@type\":\"ImageObject\",\"inLanguage\":\"pt-BR\",\"@id\":\"https:\\\/\\\/swimchannel.net\\\/br\\\/wp-content\\\/uploads\\\/2021\\\/02\\\/9b1c252d-a4bd-4eda-b399-24565cac4114-100x100.jpg\",\"url\":\"https:\\\/\\\/swimchannel.net\\\/br\\\/wp-content\\\/uploads\\\/2021\\\/02\\\/9b1c252d-a4bd-4eda-b399-24565cac4114-100x100.jpg\",\"contentUrl\":\"https:\\\/\\\/swimchannel.net\\\/br\\\/wp-content\\\/uploads\\\/2021\\\/02\\\/9b1c252d-a4bd-4eda-b399-24565cac4114-100x100.jpg\",\"caption\":\"Alex Pussieldi\"},\"description\":\"Alexandre Pussieldi, apelidado de \u201ccoach\u201d, Foi t\u00e9cnico da sele\u00e7\u00e3o verde e amarela nas Olimp\u00edadas de Pequim-2008 e Londres-2012. O treinador ainda comandou outros quatro pa\u00edses: Kuwait, Paraguai, Aruba e Antilhas Holandesas, al\u00e9m da sele\u00e7\u00e3o americana de \u00e1guas abertas. Pussieldi tem passagens como comentarista de nata\u00e7\u00e3o do Grupo Globo e Swim Channel.\",\"url\":\"https:\\\/\\\/swimchannel.net\\\/br\\\/author\\\/alexpussieldi\\\/\"}]}<\/script>\n<!-- \/ Yoast SEO plugin. -->","yoast_head_json":{"title":"8 \u00edndices para o Mundial no primeiro dia do Finkel - Swimchannel","robots":{"index":"index","follow":"follow","max-snippet":"max-snippet:-1","max-image-preview":"max-image-preview:large","max-video-preview":"max-video-preview:-1"},"canonical":"https:\/\/swimchannel.net\/br\/8-indices-para-o-mundial-no-primeiro-dia-do-mundial\/","og_locale":"pt_BR","og_type":"article","og_title":"8 \u00edndices para o Mundial no primeiro dia do Finkel - Swimchannel","og_description":"A Sele\u00e7\u00e3o Brasileira ter\u00e1 apenas 15 nadadores no Campeonato Mundial de Piscina Curta, todos os atletas a serem convocados precisam alcan\u00e7ar as marcas A da World Aquatics, limite de dois nadadores por prova, e relacionados pela ordem do Ranking Mundial de 2024, considerando apenas dois nadadores por pa\u00eds. Ao final do primeiro dia do Trof\u00e9u [&hellip;]","og_url":"https:\/\/swimchannel.net\/br\/8-indices-para-o-mundial-no-primeiro-dia-do-mundial\/","og_site_name":"Swimchannel","article_publisher":"https:\/\/www.facebook.com\/swimchannel","article_published_time":"2026-09-01T12:46:25+00:00","article_modified_time":"2026-09-01T14:11:15+00:00","og_image":[{"width":1055,"height":630,"url":"https:\/\/swimchannel.net\/br\/wp-content\/uploads\/2026\/09\/55501102936_ba40f6c5d1_k.jpg","type":"image\/jpeg"}],"author":"Alex Pussieldi","twitter_card":"summary_large_image","twitter_misc":{"Escrito por":"Alex Pussieldi","Est. tempo de leitura":"2 minutos"},"schema":{"@context":"https:\/\/schema.org","@graph":[{"@type":"Article","@id":"https:\/\/swimchannel.net\/br\/8-indices-para-o-mundial-no-primeiro-dia-do-mundial\/#article","isPartOf":{"@id":"https:\/\/swimchannel.net\/br\/8-indices-para-o-mundial-no-primeiro-dia-do-mundial\/"},"author":{"name":"Alex Pussieldi","@id":"https:\/\/swimchannel.net\/br\/#\/schema\/person\/cf549cb99cf75592fcf7c76213385e63"},"headline":"8 \u00edndices para o Mundial no primeiro dia do Finkel","datePublished":"2026-09-01T12:46:25+00:00","dateModified":"2026-09-01T14:11:15+00:00","mainEntityOfPage":{"@id":"https:\/\/swimchannel.net\/br\/8-indices-para-o-mundial-no-primeiro-dia-do-mundial\/"},"wordCount":172,"commentCount":0,"publisher":{"@id":"https:\/\/swimchannel.net\/br\/#organization"},"image":{"@id":"https:\/\/swimchannel.net\/br\/8-indices-para-o-mundial-no-primeiro-dia-do-mundial\/#primaryimage"},"thumbnailUrl":"https:\/\/swimchannel.net\/br\/wp-content\/uploads\/2026\/09\/55501102936_ba40f6c5d1_k.jpg","keywords":["Campeonato Mundial de piscina curta","natacao","Trof\u00e9u Jos\u00e9 Finkel"],"articleSection":["Trof\u00e9u Jos\u00e9 Finkel"],"inLanguage":"pt-BR","potentialAction":[{"@type":"CommentAction","name":"Comment","target":["https:\/\/swimchannel.net\/br\/8-indices-para-o-mundial-no-primeiro-dia-do-mundial\/#respond"]}]},{"@type":"WebPage","@id":"https:\/\/swimchannel.net\/br\/8-indices-para-o-mundial-no-primeiro-dia-do-mundial\/","url":"https:\/\/swimchannel.net\/br\/8-indices-para-o-mundial-no-primeiro-dia-do-mundial\/","name":"8 \u00edndices para o Mundial no primeiro dia do Finkel - Swimchannel","isPartOf":{"@id":"https:\/\/swimchannel.net\/br\/#website"},"primaryImageOfPage":{"@id":"https:\/\/swimchannel.net\/br\/8-indices-para-o-mundial-no-primeiro-dia-do-mundial\/#primaryimage"},"image":{"@id":"https:\/\/swimchannel.net\/br\/8-indices-para-o-mundial-no-primeiro-dia-do-mundial\/#primaryimage"},"thumbnailUrl":"https:\/\/swimchannel.net\/br\/wp-content\/uploads\/2026\/09\/55501102936_ba40f6c5d1_k.jpg","datePublished":"2026-09-01T12:46:25+00:00","dateModified":"2026-09-01T14:11:15+00:00","breadcrumb":{"@id":"https:\/\/swimchannel.net\/br\/8-indices-para-o-mundial-no-primeiro-dia-do-mundial\/#breadcrumb"},"inLanguage":"pt-BR","potentialAction":[{"@type":"ReadAction","target":["https:\/\/swimchannel.net\/br\/8-indices-para-o-mundial-no-primeiro-dia-do-mundial\/"]}]},{"@type":"ImageObject","inLanguage":"pt-BR","@id":"https:\/\/swimchannel.net\/br\/8-indices-para-o-mundial-no-primeiro-dia-do-mundial\/#primaryimage","url":"https:\/\/swimchannel.net\/br\/wp-content\/uploads\/2026\/09\/55501102936_ba40f6c5d1_k.jpg","contentUrl":"https:\/\/swimchannel.net\/br\/wp-content\/uploads\/2026\/09\/55501102936_ba40f6c5d1_k.jpg","width":1055,"height":630,"caption":"Eduardo Moraes e Leonardo Alc\u00e2ntara - Foto: Satiro Sodr\u00e9"},{"@type":"BreadcrumbList","@id":"https:\/\/swimchannel.net\/br\/8-indices-para-o-mundial-no-primeiro-dia-do-mundial\/#breadcrumb","itemListElement":[{"@type":"ListItem","position":1,"name":"Home","item":"https:\/\/swimchannel.net\/br\/"},{"@type":"ListItem","position":2,"name":"8 \u00edndices para o Mundial no primeiro dia do Finkel"}]},{"@type":"WebSite","@id":"https:\/\/swimchannel.net\/br\/#website","url":"https:\/\/swimchannel.net\/br\/","name":"Swimchannel","description":"Maior portal de nata\u00e7\u00e3o da america latina","publisher":{"@id":"https:\/\/swimchannel.net\/br\/#organization"},"potentialAction":[{"@type":"SearchAction","target":{"@type":"EntryPoint","urlTemplate":"https:\/\/swimchannel.net\/br\/?s={search_term_string}"},"query-input":{"@type":"PropertyValueSpecification","valueRequired":true,"valueName":"search_term_string"}}],"inLanguage":"pt-BR"},{"@type":"Organization","@id":"https:\/\/swimchannel.net\/br\/#organization","name":"Swimchannel - Conectando voc\u00ea a Nata\u00e7\u00e3o","url":"https:\/\/swimchannel.net\/br\/","logo":{"@type":"ImageObject","inLanguage":"pt-BR","@id":"https:\/\/swimchannel.net\/br\/#\/schema\/logo\/image\/","url":"https:\/\/swimchannel.net\/br\/wp-content\/uploads\/2026\/02\/SWIM-CHANNEL.png","contentUrl":"https:\/\/swimchannel.net\/br\/wp-content\/uploads\/2026\/02\/SWIM-CHANNEL.png","width":1120,"height":630,"caption":"Swimchannel - Conectando voc\u00ea a Nata\u00e7\u00e3o"},"image":{"@id":"https:\/\/swimchannel.net\/br\/#\/schema\/logo\/image\/"},"sameAs":["https:\/\/www.facebook.com\/swimchannel","https:\/\/www.instagram.com\/swimchannel"]},{"@type":"Person","@id":"https:\/\/swimchannel.net\/br\/#\/schema\/person\/cf549cb99cf75592fcf7c76213385e63","name":"Alex Pussieldi","image":{"@type":"ImageObject","inLanguage":"pt-BR","@id":"https:\/\/swimchannel.net\/br\/wp-content\/uploads\/2021\/02\/9b1c252d-a4bd-4eda-b399-24565cac4114-100x100.jpg","url":"https:\/\/swimchannel.net\/br\/wp-content\/uploads\/2021\/02\/9b1c252d-a4bd-4eda-b399-24565cac4114-100x100.jpg","contentUrl":"https:\/\/swimchannel.net\/br\/wp-content\/uploads\/2021\/02\/9b1c252d-a4bd-4eda-b399-24565cac4114-100x100.jpg","caption":"Alex Pussieldi"},"description":"Alexandre Pussieldi, apelidado de \u201ccoach\u201d, Foi t\u00e9cnico da sele\u00e7\u00e3o verde e amarela nas Olimp\u00edadas de Pequim-2008 e Londres-2012. O treinador ainda comandou outros quatro pa\u00edses: Kuwait, Paraguai, Aruba e Antilhas Holandesas, al\u00e9m da sele\u00e7\u00e3o americana de \u00e1guas abertas. Pussieldi tem passagens como comentarista de nata\u00e7\u00e3o do Grupo Globo e Swim Channel.","url":"https:\/\/swimchannel.net\/br\/author\/alexpussieldi\/"}]}},"_links":{"self":[{"href":"https:\/\/swimchannel.net\/br\/wp-json\/wp\/v2\/posts\/84274","targetHints":{"allow":["GET"]}}],"collection":[{"href":"https:\/\/swimchannel.net\/br\/wp-json\/wp\/v2\/posts"}],"about":[{"href":"https:\/\/swimchannel.net\/br\/wp-json\/wp\/v2\/types\/post"}],"author":[{"embeddable":true,"href":"https:\/\/swimchannel.net\/br\/wp-json\/wp\/v2\/users\/12"}],"replies":[{"embeddable":true,"href":"https:\/\/swimchannel.net\/br\/wp-json\/wp\/v2\/comments?post=84274"}],"version-history":[{"count":2,"href":"https:\/\/swimchannel.net\/br\/wp-json\/wp\/v2\/posts\/84274\/revisions"}],"predecessor-version":[{"id":84287,"href":"https:\/\/swimchannel.net\/br\/wp-json\/wp\/v2\/posts\/84274\/revisions\/84287"}],"wp:featuredmedia":[{"embeddable":true,"href":"https:\/\/swimchannel.net\/br\/wp-json\/wp\/v2\/media\/84275"}],"wp:attachment":[{"href":"https:\/\/swimchannel.net\/br\/wp-json\/wp\/v2\/media?parent=84274"}],"wp:term":[{"taxonomy":"category","embeddable":true,"href":"https:\/\/swimchannel.net\/br\/wp-json\/wp\/v2\/categories?post=84274"},{"taxonomy":"post_tag","embeddable":true,"href":"https:\/\/swimchannel.net\/br\/wp-json\/wp\/v2\/tags?post=84274"}],"curies":[{"name":"wp","href":"https:\/\/api.w.org\/{rel}","templated":true}]}}