{"id":84288,"date":"2026-09-01T10:20:12","date_gmt":"2026-09-01T13:20:12","guid":{"rendered":"https:\/\/swimchannel.net\/br\/?p=84288"},"modified":"2026-09-01T11:48:54","modified_gmt":"2026-09-01T14:48:54","slug":"brasil-conquista-16-medalhas-no-parapan-pacifico-de-natacao","status":"publish","type":"post","link":"https:\/\/swimchannel.net\/br\/brasil-conquista-16-medalhas-no-parapan-pacifico-de-natacao\/","title":{"rendered":"Brasil conquista 16 medalhas no Parapan-Pac\u00edfico de Nata\u00e7\u00e3o"},"content":{"rendered":"<p>A sele\u00e7\u00e3o brasileira paral\u00edmpica conquistou 16 medalhas no Campeonato Parapan-Pac\u00edfico de Nata\u00e7\u00e3o, disputado na semana passada em Walnut, nos Estados Unidos. O Brasil participou do evento com uma forte equipe de 16 nadadores, todos medalhistas no \u00faltimo Mundial da modalidade, disputado em Singapura.<\/p>\n<p>Gabriel Bandeira foi o principal destaque da equipe com tr\u00eas medalhas de ouro conquistadas e Alessandra Oliveira que bateu o recorde mundial nos 100m peito classe S4. O Parapan-Pac\u00edfico \u00e9 disputado desde 2011 e assim como na vers\u00e3o convencional, o Brasil \u00e9 um dos pa\u00edses convidados. Veja as medalhas conquistadas pelos brasileiros na competi\u00e7\u00e3o:<\/p>\n<p>&nbsp;<\/p>\n<figure id=\"attachment_68810\" aria-describedby=\"caption-attachment-68810\" style=\"width: 1200px\" class=\"wp-caption alignnone\"><img loading=\"lazy\" decoding=\"async\" class=\"size-full wp-image-68810\" src=\"https:\/\/swimchannel.net\/br\/wp-content\/uploads\/2024\/08\/gabriel-bandeira-natacao-paralimpiadas-de-paris-2024.jpg\" alt=\"\" width=\"1200\" height=\"675\" srcset=\"https:\/\/swimchannel.net\/br\/wp-content\/uploads\/2024\/08\/gabriel-bandeira-natacao-paralimpiadas-de-paris-2024.jpg 1200w, https:\/\/swimchannel.net\/br\/wp-content\/uploads\/2024\/08\/gabriel-bandeira-natacao-paralimpiadas-de-paris-2024-320x180.jpg 320w, https:\/\/swimchannel.net\/br\/wp-content\/uploads\/2024\/08\/gabriel-bandeira-natacao-paralimpiadas-de-paris-2024-768x432.jpg 768w, https:\/\/swimchannel.net\/br\/wp-content\/uploads\/2024\/08\/gabriel-bandeira-natacao-paralimpiadas-de-paris-2024-750x422.jpg 750w, https:\/\/swimchannel.net\/br\/wp-content\/uploads\/2024\/08\/gabriel-bandeira-natacao-paralimpiadas-de-paris-2024-1140x641.jpg 1140w\" sizes=\"auto, (max-width: 1200px) 100vw, 1200px\" \/><figcaption id=\"caption-attachment-68810\" class=\"wp-caption-text\">Gabriel Bandeira &#8211; Foto Wander Roberto\/CPB<\/figcaption><\/figure>\n<p>Ouro: Gabriel Bandeira &#8211; 200m medley S14 com 2min06s94<br \/>\nOuro: Gabriel Bandeira &#8211; 100m borboleta S14 com 55s78<br \/>\nOuro: Gabriel Bandeira &#8211; 200m livre S14 com 1min53s21<br \/>\nOuro: Beatriz Flausino &#8211; 100m peito S4 com 1min12s43<br \/>\nOuro: Samuel Oliveira &#8211; 50m costas S5 com 35s00<br \/>\nOuro: Patr\u00edcia Pereira &#8211; 50m peito S3 com 56s43<br \/>\nOuro: L\u00eddia Cruz &#8211; 150m medley S4 em 2min56s31<\/p>\n<p>&nbsp;<\/p>\n<figure id=\"attachment_77629\" aria-describedby=\"caption-attachment-77629\" style=\"width: 1201px\" class=\"wp-caption alignnone\"><img loading=\"lazy\" decoding=\"async\" class=\"size-large wp-image-77629\" src=\"https:\/\/swimchannel.net\/br\/wp-content\/uploads\/2025\/12\/WhatsApp-Image-2025-09-22-at-13.05.21-1201x800.webp\" alt=\"\" width=\"1201\" height=\"800\" srcset=\"https:\/\/swimchannel.net\/br\/wp-content\/uploads\/2025\/12\/WhatsApp-Image-2025-09-22-at-13.05.21-1201x800.webp 1201w, https:\/\/swimchannel.net\/br\/wp-content\/uploads\/2025\/12\/WhatsApp-Image-2025-09-22-at-13.05.21-1013x675.webp 1013w, https:\/\/swimchannel.net\/br\/wp-content\/uploads\/2025\/12\/WhatsApp-Image-2025-09-22-at-13.05.21-270x180.webp 270w, https:\/\/swimchannel.net\/br\/wp-content\/uploads\/2025\/12\/WhatsApp-Image-2025-09-22-at-13.05.21-768x512.webp 768w, https:\/\/swimchannel.net\/br\/wp-content\/uploads\/2025\/12\/WhatsApp-Image-2025-09-22-at-13.05.21-1536x1023.webp 1536w, https:\/\/swimchannel.net\/br\/wp-content\/uploads\/2025\/12\/WhatsApp-Image-2025-09-22-at-13.05.21-750x500.webp 750w, https:\/\/swimchannel.net\/br\/wp-content\/uploads\/2025\/12\/WhatsApp-Image-2025-09-22-at-13.05.21-1140x760.webp 1140w, https:\/\/swimchannel.net\/br\/wp-content\/uploads\/2025\/12\/WhatsApp-Image-2025-09-22-at-13.05.21.webp 1600w\" sizes=\"auto, (max-width: 1201px) 100vw, 1201px\" \/><figcaption id=\"caption-attachment-77629\" class=\"wp-caption-text\">Alessandra Oliveira &#8211; Foto: Wander Roberto\/CPB<\/figcaption><\/figure>\n<p>Prata: Maria Carolina Santiago &#8211; 50m livre S12 com 26s93<br \/>\nPrata: Alessandra Oliveira &#8211; 100m peito S4 com 1min40s63<br \/>\nPrata: L\u00eddia Cruz &#8211; 50m costas S3 com 49s61<br \/>\nPrata: Patr\u00edcia Pereira &#8211; 150m medley S4 com 2min57s33<br \/>\nPrata: Samuel Oliveira &#8211; 50m borboleta S5 com 33s68<\/p>\n<p>&nbsp;<\/p>\n<figure id=\"attachment_82018\" aria-describedby=\"caption-attachment-82018\" style=\"width: 652px\" class=\"wp-caption alignnone\"><img loading=\"lazy\" decoding=\"async\" class=\"size-full wp-image-82018\" src=\"https:\/\/swimchannel.net\/br\/wp-content\/uploads\/2026\/05\/beatriz.jpg\" alt=\"\" width=\"652\" height=\"630\" srcset=\"https:\/\/swimchannel.net\/br\/wp-content\/uploads\/2026\/05\/beatriz.jpg 652w, https:\/\/swimchannel.net\/br\/wp-content\/uploads\/2026\/05\/beatriz-186x180.jpg 186w\" sizes=\"auto, (max-width: 652px) 100vw, 652px\" \/><figcaption id=\"caption-attachment-82018\" class=\"wp-caption-text\">Beatriz Flausino &#8211; Foto: Simone Castrovilari\/World Paraswimming<\/figcaption><\/figure>\n<p>Bronze: Mariana Gesteira &#8211; 50m livre S10 com 28s42<br \/>\nBronze: Beatriz Flausino &#8211; 200m medley S14 com 2min51s33<br \/>\nBronze: Gabriel Ara\u00fajo &#8211; 50m costas S2 com 54s65<br \/>\nBronze: L\u00eddia Cruz &#8211; 50m peito S3 com 1min01s96<\/p>\n<p>&nbsp;<\/p>\n<p>Gostaria de receber as not\u00edcias de nata\u00e7\u00e3o e \u00e1guas abertas no seu email?<\/p>\n<p><a href=\"https:\/\/lpa.nitro.news\/n-GNe\/ultimas-noticias-swim-channel\">Cadastre-se aqui<\/a><\/p>\n","protected":false},"excerpt":{"rendered":"<p>A sele\u00e7\u00e3o brasileira paral\u00edmpica conquistou 16 medalhas no Campeonato Parapan-Pac\u00edfico de Nata\u00e7\u00e3o, disputado na semana passada em Walnut, nos Estados Unidos. O Brasil participou do evento com uma forte equipe de 16 nadadores, todos medalhistas no \u00faltimo Mundial da modalidade, disputado em Singapura. Gabriel Bandeira foi o principal destaque da equipe com tr\u00eas medalhas de [&hellip;]<\/p>\n","protected":false},"author":3,"featured_media":68925,"comment_status":"open","ping_status":"open","sticky":false,"template":"","format":"standard","meta":{"footnotes":""},"categories":[56],"tags":[6712,7154,1866,4330,5,127],"class_list":["post-84288","post","type-post","status-publish","format-standard","has-post-thumbnail","hentry","category-natacao-paralimpica","tag-alessandra-oliveira","tag-campeonato-parapan-pacifico","tag-cpb","tag-gabriel-bandeira","tag-natacao","tag-natacao-paralimpica"],"yoast_head":"<!-- This site is optimized with the Yoast SEO plugin v28.3 - https:\/\/yoast.com\/product\/yoast-seo-wordpress\/ -->\n<title>Brasil conquista 16 medalhas no Parapan-Pac\u00edfico de Nata\u00e7\u00e3o - Swimchannel<\/title>\n<meta name=\"robots\" content=\"index, follow, max-snippet:-1, max-image-preview:large, max-video-preview:-1\" \/>\n<link rel=\"canonical\" href=\"https:\/\/swimchannel.net\/br\/brasil-conquista-16-medalhas-no-parapan-pacifico-de-natacao\/\" \/>\n<meta property=\"og:locale\" content=\"pt_BR\" \/>\n<meta property=\"og:type\" content=\"article\" \/>\n<meta property=\"og:title\" content=\"Brasil conquista 16 medalhas no Parapan-Pac\u00edfico de Nata\u00e7\u00e3o - Swimchannel\" \/>\n<meta property=\"og:description\" content=\"A sele\u00e7\u00e3o brasileira paral\u00edmpica conquistou 16 medalhas no Campeonato Parapan-Pac\u00edfico de Nata\u00e7\u00e3o, disputado na semana passada em Walnut, nos Estados Unidos. O Brasil participou do evento com uma forte equipe de 16 nadadores, todos medalhistas no \u00faltimo Mundial da modalidade, disputado em Singapura. Gabriel Bandeira foi o principal destaque da equipe com tr\u00eas medalhas de [&hellip;]\" \/>\n<meta property=\"og:url\" content=\"https:\/\/swimchannel.net\/br\/brasil-conquista-16-medalhas-no-parapan-pacifico-de-natacao\/\" \/>\n<meta property=\"og:site_name\" content=\"Swimchannel\" \/>\n<meta property=\"article:publisher\" content=\"https:\/\/www.facebook.com\/swimchannel\" \/>\n<meta property=\"article:published_time\" content=\"2026-09-01T13:20:12+00:00\" \/>\n<meta property=\"article:modified_time\" content=\"2026-09-01T14:48:54+00:00\" \/>\n<meta property=\"og:image\" content=\"https:\/\/swimchannel.net\/br\/wp-content\/uploads\/2024\/09\/WhatsApp-Image-2024-09-06-at-14.22.59-aspect-ratio-512-320.jpeg\" \/>\n\t<meta property=\"og:image:width\" content=\"2560\" \/>\n\t<meta property=\"og:image:height\" content=\"1600\" \/>\n\t<meta property=\"og:image:type\" content=\"image\/jpeg\" \/>\n<meta name=\"author\" content=\"Guilherme Freitas\" \/>\n<meta name=\"twitter:card\" content=\"summary_large_image\" \/>\n<meta name=\"twitter:label1\" content=\"Escrito por\" \/>\n\t<meta name=\"twitter:data1\" content=\"Guilherme Freitas\" \/>\n\t<meta name=\"twitter:label2\" content=\"Est. tempo de leitura\" \/>\n\t<meta name=\"twitter:data2\" content=\"3 minutos\" \/>\n<script type=\"application\/ld+json\" class=\"yoast-schema-graph\">{\"@context\":\"https:\\\/\\\/schema.org\",\"@graph\":[{\"@type\":\"Article\",\"@id\":\"https:\\\/\\\/swimchannel.net\\\/br\\\/brasil-conquista-16-medalhas-no-parapan-pacifico-de-natacao\\\/#article\",\"isPartOf\":{\"@id\":\"https:\\\/\\\/swimchannel.net\\\/br\\\/brasil-conquista-16-medalhas-no-parapan-pacifico-de-natacao\\\/\"},\"author\":{\"name\":\"Guilherme Freitas\",\"@id\":\"https:\\\/\\\/swimchannel.net\\\/br\\\/#\\\/schema\\\/person\\\/aa2a63bab3275f53749a83276b213c48\"},\"headline\":\"Brasil conquista 16 medalhas no Parapan-Pac\u00edfico de Nata\u00e7\u00e3o\",\"datePublished\":\"2026-09-01T13:20:12+00:00\",\"dateModified\":\"2026-09-01T14:48:54+00:00\",\"mainEntityOfPage\":{\"@id\":\"https:\\\/\\\/swimchannel.net\\\/br\\\/brasil-conquista-16-medalhas-no-parapan-pacifico-de-natacao\\\/\"},\"wordCount\":333,\"commentCount\":0,\"publisher\":{\"@id\":\"https:\\\/\\\/swimchannel.net\\\/br\\\/#organization\"},\"image\":{\"@id\":\"https:\\\/\\\/swimchannel.net\\\/br\\\/brasil-conquista-16-medalhas-no-parapan-pacifico-de-natacao\\\/#primaryimage\"},\"thumbnailUrl\":\"https:\\\/\\\/swimchannel.net\\\/br\\\/wp-content\\\/uploads\\\/2024\\\/09\\\/WhatsApp-Image-2024-09-06-at-14.22.59-aspect-ratio-512-320.jpeg\",\"keywords\":[\"Alessandra Oliveira\",\"Campeonato Parapan-Pac\u00edfico\",\"CPB\",\"Gabriel Bandeira\",\"natacao\",\"nata\u00e7\u00e3o paral\u00edmpica\"],\"articleSection\":[\"Nata\u00e7\u00e3o Paral\u00edmpica\"],\"inLanguage\":\"pt-BR\",\"potentialAction\":[{\"@type\":\"CommentAction\",\"name\":\"Comment\",\"target\":[\"https:\\\/\\\/swimchannel.net\\\/br\\\/brasil-conquista-16-medalhas-no-parapan-pacifico-de-natacao\\\/#respond\"]}]},{\"@type\":\"WebPage\",\"@id\":\"https:\\\/\\\/swimchannel.net\\\/br\\\/brasil-conquista-16-medalhas-no-parapan-pacifico-de-natacao\\\/\",\"url\":\"https:\\\/\\\/swimchannel.net\\\/br\\\/brasil-conquista-16-medalhas-no-parapan-pacifico-de-natacao\\\/\",\"name\":\"Brasil conquista 16 medalhas no Parapan-Pac\u00edfico de Nata\u00e7\u00e3o - Swimchannel\",\"isPartOf\":{\"@id\":\"https:\\\/\\\/swimchannel.net\\\/br\\\/#website\"},\"primaryImageOfPage\":{\"@id\":\"https:\\\/\\\/swimchannel.net\\\/br\\\/brasil-conquista-16-medalhas-no-parapan-pacifico-de-natacao\\\/#primaryimage\"},\"image\":{\"@id\":\"https:\\\/\\\/swimchannel.net\\\/br\\\/brasil-conquista-16-medalhas-no-parapan-pacifico-de-natacao\\\/#primaryimage\"},\"thumbnailUrl\":\"https:\\\/\\\/swimchannel.net\\\/br\\\/wp-content\\\/uploads\\\/2024\\\/09\\\/WhatsApp-Image-2024-09-06-at-14.22.59-aspect-ratio-512-320.jpeg\",\"datePublished\":\"2026-09-01T13:20:12+00:00\",\"dateModified\":\"2026-09-01T14:48:54+00:00\",\"breadcrumb\":{\"@id\":\"https:\\\/\\\/swimchannel.net\\\/br\\\/brasil-conquista-16-medalhas-no-parapan-pacifico-de-natacao\\\/#breadcrumb\"},\"inLanguage\":\"pt-BR\",\"potentialAction\":[{\"@type\":\"ReadAction\",\"target\":[\"https:\\\/\\\/swimchannel.net\\\/br\\\/brasil-conquista-16-medalhas-no-parapan-pacifico-de-natacao\\\/\"]}]},{\"@type\":\"ImageObject\",\"inLanguage\":\"pt-BR\",\"@id\":\"https:\\\/\\\/swimchannel.net\\\/br\\\/brasil-conquista-16-medalhas-no-parapan-pacifico-de-natacao\\\/#primaryimage\",\"url\":\"https:\\\/\\\/swimchannel.net\\\/br\\\/wp-content\\\/uploads\\\/2024\\\/09\\\/WhatsApp-Image-2024-09-06-at-14.22.59-aspect-ratio-512-320.jpeg\",\"contentUrl\":\"https:\\\/\\\/swimchannel.net\\\/br\\\/wp-content\\\/uploads\\\/2024\\\/09\\\/WhatsApp-Image-2024-09-06-at-14.22.59-aspect-ratio-512-320.jpeg\",\"width\":2560,\"height\":1600,\"caption\":\"Gabriel Bandeira - Foto: Marcello Zambrana\\\/CPB\"},{\"@type\":\"BreadcrumbList\",\"@id\":\"https:\\\/\\\/swimchannel.net\\\/br\\\/brasil-conquista-16-medalhas-no-parapan-pacifico-de-natacao\\\/#breadcrumb\",\"itemListElement\":[{\"@type\":\"ListItem\",\"position\":1,\"name\":\"Home\",\"item\":\"https:\\\/\\\/swimchannel.net\\\/br\\\/\"},{\"@type\":\"ListItem\",\"position\":2,\"name\":\"Brasil conquista 16 medalhas no Parapan-Pac\u00edfico de Nata\u00e7\u00e3o\"}]},{\"@type\":\"WebSite\",\"@id\":\"https:\\\/\\\/swimchannel.net\\\/br\\\/#website\",\"url\":\"https:\\\/\\\/swimchannel.net\\\/br\\\/\",\"name\":\"Swimchannel\",\"description\":\"Maior portal de nata\u00e7\u00e3o da america latina\",\"publisher\":{\"@id\":\"https:\\\/\\\/swimchannel.net\\\/br\\\/#organization\"},\"potentialAction\":[{\"@type\":\"SearchAction\",\"target\":{\"@type\":\"EntryPoint\",\"urlTemplate\":\"https:\\\/\\\/swimchannel.net\\\/br\\\/?s={search_term_string}\"},\"query-input\":{\"@type\":\"PropertyValueSpecification\",\"valueRequired\":true,\"valueName\":\"search_term_string\"}}],\"inLanguage\":\"pt-BR\"},{\"@type\":\"Organization\",\"@id\":\"https:\\\/\\\/swimchannel.net\\\/br\\\/#organization\",\"name\":\"Swimchannel - Conectando voc\u00ea a Nata\u00e7\u00e3o\",\"url\":\"https:\\\/\\\/swimchannel.net\\\/br\\\/\",\"logo\":{\"@type\":\"ImageObject\",\"inLanguage\":\"pt-BR\",\"@id\":\"https:\\\/\\\/swimchannel.net\\\/br\\\/#\\\/schema\\\/logo\\\/image\\\/\",\"url\":\"https:\\\/\\\/swimchannel.net\\\/br\\\/wp-content\\\/uploads\\\/2026\\\/02\\\/SWIM-CHANNEL.png\",\"contentUrl\":\"https:\\\/\\\/swimchannel.net\\\/br\\\/wp-content\\\/uploads\\\/2026\\\/02\\\/SWIM-CHANNEL.png\",\"width\":1120,\"height\":630,\"caption\":\"Swimchannel - Conectando voc\u00ea a Nata\u00e7\u00e3o\"},\"image\":{\"@id\":\"https:\\\/\\\/swimchannel.net\\\/br\\\/#\\\/schema\\\/logo\\\/image\\\/\"},\"sameAs\":[\"https:\\\/\\\/www.facebook.com\\\/swimchannel\",\"https:\\\/\\\/www.instagram.com\\\/swimchannel\"]},{\"@type\":\"Person\",\"@id\":\"https:\\\/\\\/swimchannel.net\\\/br\\\/#\\\/schema\\\/person\\\/aa2a63bab3275f53749a83276b213c48\",\"name\":\"Guilherme Freitas\",\"image\":{\"@type\":\"ImageObject\",\"inLanguage\":\"pt-BR\",\"@id\":\"https:\\\/\\\/swimchannel.net\\\/br\\\/wp-content\\\/uploads\\\/2025\\\/10\\\/gui22-193x180.png\",\"url\":\"https:\\\/\\\/swimchannel.net\\\/br\\\/wp-content\\\/uploads\\\/2025\\\/10\\\/gui22-193x180.png\",\"contentUrl\":\"https:\\\/\\\/swimchannel.net\\\/br\\\/wp-content\\\/uploads\\\/2025\\\/10\\\/gui22-193x180.png\",\"caption\":\"Guilherme Freitas\"},\"description\":\"Jornalista s\u00eanior da SWIM CHANNEL, ex-correspondente da FINA no Brasil e pesquisador acad\u00eamico.\",\"sameAs\":[\"instagram.com\\\/guifreitas86\"],\"url\":\"https:\\\/\\\/swimchannel.net\\\/br\\\/author\\\/guilherme-freitas\\\/\"}]}<\/script>\n<!-- \/ Yoast SEO plugin. -->","yoast_head_json":{"title":"Brasil conquista 16 medalhas no Parapan-Pac\u00edfico de Nata\u00e7\u00e3o - Swimchannel","robots":{"index":"index","follow":"follow","max-snippet":"max-snippet:-1","max-image-preview":"max-image-preview:large","max-video-preview":"max-video-preview:-1"},"canonical":"https:\/\/swimchannel.net\/br\/brasil-conquista-16-medalhas-no-parapan-pacifico-de-natacao\/","og_locale":"pt_BR","og_type":"article","og_title":"Brasil conquista 16 medalhas no Parapan-Pac\u00edfico de Nata\u00e7\u00e3o - Swimchannel","og_description":"A sele\u00e7\u00e3o brasileira paral\u00edmpica conquistou 16 medalhas no Campeonato Parapan-Pac\u00edfico de Nata\u00e7\u00e3o, disputado na semana passada em Walnut, nos Estados Unidos. O Brasil participou do evento com uma forte equipe de 16 nadadores, todos medalhistas no \u00faltimo Mundial da modalidade, disputado em Singapura. Gabriel Bandeira foi o principal destaque da equipe com tr\u00eas medalhas de [&hellip;]","og_url":"https:\/\/swimchannel.net\/br\/brasil-conquista-16-medalhas-no-parapan-pacifico-de-natacao\/","og_site_name":"Swimchannel","article_publisher":"https:\/\/www.facebook.com\/swimchannel","article_published_time":"2026-09-01T13:20:12+00:00","article_modified_time":"2026-09-01T14:48:54+00:00","og_image":[{"width":2560,"height":1600,"url":"https:\/\/swimchannel.net\/br\/wp-content\/uploads\/2024\/09\/WhatsApp-Image-2024-09-06-at-14.22.59-aspect-ratio-512-320.jpeg","type":"image\/jpeg"}],"author":"Guilherme Freitas","twitter_card":"summary_large_image","twitter_misc":{"Escrito por":"Guilherme Freitas","Est. tempo de leitura":"3 minutos"},"schema":{"@context":"https:\/\/schema.org","@graph":[{"@type":"Article","@id":"https:\/\/swimchannel.net\/br\/brasil-conquista-16-medalhas-no-parapan-pacifico-de-natacao\/#article","isPartOf":{"@id":"https:\/\/swimchannel.net\/br\/brasil-conquista-16-medalhas-no-parapan-pacifico-de-natacao\/"},"author":{"name":"Guilherme Freitas","@id":"https:\/\/swimchannel.net\/br\/#\/schema\/person\/aa2a63bab3275f53749a83276b213c48"},"headline":"Brasil conquista 16 medalhas no Parapan-Pac\u00edfico de Nata\u00e7\u00e3o","datePublished":"2026-09-01T13:20:12+00:00","dateModified":"2026-09-01T14:48:54+00:00","mainEntityOfPage":{"@id":"https:\/\/swimchannel.net\/br\/brasil-conquista-16-medalhas-no-parapan-pacifico-de-natacao\/"},"wordCount":333,"commentCount":0,"publisher":{"@id":"https:\/\/swimchannel.net\/br\/#organization"},"image":{"@id":"https:\/\/swimchannel.net\/br\/brasil-conquista-16-medalhas-no-parapan-pacifico-de-natacao\/#primaryimage"},"thumbnailUrl":"https:\/\/swimchannel.net\/br\/wp-content\/uploads\/2024\/09\/WhatsApp-Image-2024-09-06-at-14.22.59-aspect-ratio-512-320.jpeg","keywords":["Alessandra Oliveira","Campeonato Parapan-Pac\u00edfico","CPB","Gabriel Bandeira","natacao","nata\u00e7\u00e3o paral\u00edmpica"],"articleSection":["Nata\u00e7\u00e3o Paral\u00edmpica"],"inLanguage":"pt-BR","potentialAction":[{"@type":"CommentAction","name":"Comment","target":["https:\/\/swimchannel.net\/br\/brasil-conquista-16-medalhas-no-parapan-pacifico-de-natacao\/#respond"]}]},{"@type":"WebPage","@id":"https:\/\/swimchannel.net\/br\/brasil-conquista-16-medalhas-no-parapan-pacifico-de-natacao\/","url":"https:\/\/swimchannel.net\/br\/brasil-conquista-16-medalhas-no-parapan-pacifico-de-natacao\/","name":"Brasil conquista 16 medalhas no Parapan-Pac\u00edfico de Nata\u00e7\u00e3o - Swimchannel","isPartOf":{"@id":"https:\/\/swimchannel.net\/br\/#website"},"primaryImageOfPage":{"@id":"https:\/\/swimchannel.net\/br\/brasil-conquista-16-medalhas-no-parapan-pacifico-de-natacao\/#primaryimage"},"image":{"@id":"https:\/\/swimchannel.net\/br\/brasil-conquista-16-medalhas-no-parapan-pacifico-de-natacao\/#primaryimage"},"thumbnailUrl":"https:\/\/swimchannel.net\/br\/wp-content\/uploads\/2024\/09\/WhatsApp-Image-2024-09-06-at-14.22.59-aspect-ratio-512-320.jpeg","datePublished":"2026-09-01T13:20:12+00:00","dateModified":"2026-09-01T14:48:54+00:00","breadcrumb":{"@id":"https:\/\/swimchannel.net\/br\/brasil-conquista-16-medalhas-no-parapan-pacifico-de-natacao\/#breadcrumb"},"inLanguage":"pt-BR","potentialAction":[{"@type":"ReadAction","target":["https:\/\/swimchannel.net\/br\/brasil-conquista-16-medalhas-no-parapan-pacifico-de-natacao\/"]}]},{"@type":"ImageObject","inLanguage":"pt-BR","@id":"https:\/\/swimchannel.net\/br\/brasil-conquista-16-medalhas-no-parapan-pacifico-de-natacao\/#primaryimage","url":"https:\/\/swimchannel.net\/br\/wp-content\/uploads\/2024\/09\/WhatsApp-Image-2024-09-06-at-14.22.59-aspect-ratio-512-320.jpeg","contentUrl":"https:\/\/swimchannel.net\/br\/wp-content\/uploads\/2024\/09\/WhatsApp-Image-2024-09-06-at-14.22.59-aspect-ratio-512-320.jpeg","width":2560,"height":1600,"caption":"Gabriel Bandeira - Foto: Marcello Zambrana\/CPB"},{"@type":"BreadcrumbList","@id":"https:\/\/swimchannel.net\/br\/brasil-conquista-16-medalhas-no-parapan-pacifico-de-natacao\/#breadcrumb","itemListElement":[{"@type":"ListItem","position":1,"name":"Home","item":"https:\/\/swimchannel.net\/br\/"},{"@type":"ListItem","position":2,"name":"Brasil conquista 16 medalhas no Parapan-Pac\u00edfico de Nata\u00e7\u00e3o"}]},{"@type":"WebSite","@id":"https:\/\/swimchannel.net\/br\/#website","url":"https:\/\/swimchannel.net\/br\/","name":"Swimchannel","description":"Maior portal de nata\u00e7\u00e3o da america latina","publisher":{"@id":"https:\/\/swimchannel.net\/br\/#organization"},"potentialAction":[{"@type":"SearchAction","target":{"@type":"EntryPoint","urlTemplate":"https:\/\/swimchannel.net\/br\/?s={search_term_string}"},"query-input":{"@type":"PropertyValueSpecification","valueRequired":true,"valueName":"search_term_string"}}],"inLanguage":"pt-BR"},{"@type":"Organization","@id":"https:\/\/swimchannel.net\/br\/#organization","name":"Swimchannel - Conectando voc\u00ea a Nata\u00e7\u00e3o","url":"https:\/\/swimchannel.net\/br\/","logo":{"@type":"ImageObject","inLanguage":"pt-BR","@id":"https:\/\/swimchannel.net\/br\/#\/schema\/logo\/image\/","url":"https:\/\/swimchannel.net\/br\/wp-content\/uploads\/2026\/02\/SWIM-CHANNEL.png","contentUrl":"https:\/\/swimchannel.net\/br\/wp-content\/uploads\/2026\/02\/SWIM-CHANNEL.png","width":1120,"height":630,"caption":"Swimchannel - Conectando voc\u00ea a Nata\u00e7\u00e3o"},"image":{"@id":"https:\/\/swimchannel.net\/br\/#\/schema\/logo\/image\/"},"sameAs":["https:\/\/www.facebook.com\/swimchannel","https:\/\/www.instagram.com\/swimchannel"]},{"@type":"Person","@id":"https:\/\/swimchannel.net\/br\/#\/schema\/person\/aa2a63bab3275f53749a83276b213c48","name":"Guilherme Freitas","image":{"@type":"ImageObject","inLanguage":"pt-BR","@id":"https:\/\/swimchannel.net\/br\/wp-content\/uploads\/2025\/10\/gui22-193x180.png","url":"https:\/\/swimchannel.net\/br\/wp-content\/uploads\/2025\/10\/gui22-193x180.png","contentUrl":"https:\/\/swimchannel.net\/br\/wp-content\/uploads\/2025\/10\/gui22-193x180.png","caption":"Guilherme Freitas"},"description":"Jornalista s\u00eanior da SWIM CHANNEL, ex-correspondente da FINA no Brasil e pesquisador acad\u00eamico.","sameAs":["instagram.com\/guifreitas86"],"url":"https:\/\/swimchannel.net\/br\/author\/guilherme-freitas\/"}]}},"_links":{"self":[{"href":"https:\/\/swimchannel.net\/br\/wp-json\/wp\/v2\/posts\/84288","targetHints":{"allow":["GET"]}}],"collection":[{"href":"https:\/\/swimchannel.net\/br\/wp-json\/wp\/v2\/posts"}],"about":[{"href":"https:\/\/swimchannel.net\/br\/wp-json\/wp\/v2\/types\/post"}],"author":[{"embeddable":true,"href":"https:\/\/swimchannel.net\/br\/wp-json\/wp\/v2\/users\/3"}],"replies":[{"embeddable":true,"href":"https:\/\/swimchannel.net\/br\/wp-json\/wp\/v2\/comments?post=84288"}],"version-history":[{"count":1,"href":"https:\/\/swimchannel.net\/br\/wp-json\/wp\/v2\/posts\/84288\/revisions"}],"predecessor-version":[{"id":84289,"href":"https:\/\/swimchannel.net\/br\/wp-json\/wp\/v2\/posts\/84288\/revisions\/84289"}],"wp:featuredmedia":[{"embeddable":true,"href":"https:\/\/swimchannel.net\/br\/wp-json\/wp\/v2\/media\/68925"}],"wp:attachment":[{"href":"https:\/\/swimchannel.net\/br\/wp-json\/wp\/v2\/media?parent=84288"}],"wp:term":[{"taxonomy":"category","embeddable":true,"href":"https:\/\/swimchannel.net\/br\/wp-json\/wp\/v2\/categories?post=84288"},{"taxonomy":"post_tag","embeddable":true,"href":"https:\/\/swimchannel.net\/br\/wp-json\/wp\/v2\/tags?post=84288"}],"curies":[{"name":"wp","href":"https:\/\/api.w.org\/{rel}","templated":true}]}}