{"id":84292,"date":"2026-09-01T20:30:45","date_gmt":"2026-09-01T23:30:45","guid":{"rendered":"https:\/\/swimchannel.net\/br\/?p=84292"},"modified":"2026-09-01T21:30:50","modified_gmt":"2026-09-02T00:30:50","slug":"finkel-segundo-dia-com-mais-tres-indices-para-o-mundial-de-piscina-curta","status":"publish","type":"post","link":"https:\/\/swimchannel.net\/br\/finkel-segundo-dia-com-mais-tres-indices-para-o-mundial-de-piscina-curta\/","title":{"rendered":"Finkel: Segundo dia com mais tr\u00eas \u00edndices para o Mundial de Piscina Curta"},"content":{"rendered":"<p class=\"isSelectedEnd\">O segundo dia do Trof\u00e9u Jos\u00e9 Finkel 2026 teve mais tr\u00eas \u00cdndices A para o Mundial de Piscina Curta. Os \u00edndices foram conquistados por Pedro Souza, Caio Pumputis e Leonardo Santos alcan\u00e7aram\u00a0 nesta ter\u00e7a-feira (01\/09), no Esporte Clube Pinheiros, em S\u00e3o Paulo. Pedro Souza foi um dos destaques do dia ao garantir mais um \u00cdndice A, desta vez nos 200m costas, com o tempo de 1min50s97.<\/p>\n<p><strong>200m costas masculino<\/strong><\/p>\n<p>Vi\u00f3ria do espanhol\/brasileiro Hugo Gonzalez do Minas TC com 1min49s84. A vit\u00f3ria brasileira da prova ficou com Pedro Souza do Minas, com direito \u00e0 recorde brasileiro e \u00edndice A, com o tempo de 1min50s97. Ricardo Balduccini, do Pinheiros, com 1min53s78, ficou na segunda coloca\u00e7\u00e3o e Davi Vallim Carvalho, do Minas T\u00eanis Clube, completou os tr\u00eas primeiros brasileiros, com 1min53s96<\/p>\n<figure id=\"attachment_84308\" aria-describedby=\"caption-attachment-84308\" style=\"width: 799px\" class=\"wp-caption alignnone\"><img loading=\"lazy\" decoding=\"async\" class=\"size-full wp-image-84308\" src=\"https:\/\/swimchannel.net\/br\/wp-content\/uploads\/2026\/09\/55503175444_f32b9f8cb6_c.jpg\" alt=\"\" width=\"799\" height=\"533\" srcset=\"https:\/\/swimchannel.net\/br\/wp-content\/uploads\/2026\/09\/55503175444_f32b9f8cb6_c.jpg 799w, https:\/\/swimchannel.net\/br\/wp-content\/uploads\/2026\/09\/55503175444_f32b9f8cb6_c-270x180.jpg 270w, https:\/\/swimchannel.net\/br\/wp-content\/uploads\/2026\/09\/55503175444_f32b9f8cb6_c-768x512.jpg 768w, https:\/\/swimchannel.net\/br\/wp-content\/uploads\/2026\/09\/55503175444_f32b9f8cb6_c-750x500.jpg 750w\" sizes=\"auto, (max-width: 799px) 100vw, 799px\" \/><figcaption id=\"caption-attachment-84308\" class=\"wp-caption-text\">Foto: Satiro Sodr\u00e9\/SSPress\/CBDA<\/figcaption><\/figure>\n<p><strong>200m costas feminino<\/strong><\/p>\n<p>Na final feminina, Fernanda Goeij, do Minas T\u00eanis Clube, foi a vencedora da prova, com o tempo de 2min071s40. Alexia Tavares Assun\u00e7\u00e3o, tamb\u00e9m do Minas, terminou na segunda coloca\u00e7\u00e3o, com 2min08s18, enquanto Maria Luiza Pessanha, do Pinheiros, completou o p\u00f3dio em terceiro, com 2min09s68. A disputa foi equilibrada entre as principais nadadoras, com diferen\u00e7a de apenas dois cent\u00e9simos entre as duas primeiras colocadas.<\/p>\n<figure id=\"attachment_84294\" aria-describedby=\"caption-attachment-84294\" style=\"width: 945px\" class=\"wp-caption alignnone\"><img loading=\"lazy\" decoding=\"async\" class=\"size-full wp-image-84294\" src=\"https:\/\/swimchannel.net\/br\/wp-content\/uploads\/2026\/09\/S__6557.jpg\" alt=\"\" width=\"945\" height=\"630\" srcset=\"https:\/\/swimchannel.net\/br\/wp-content\/uploads\/2026\/09\/S__6557.jpg 945w, https:\/\/swimchannel.net\/br\/wp-content\/uploads\/2026\/09\/S__6557-270x180.jpg 270w, https:\/\/swimchannel.net\/br\/wp-content\/uploads\/2026\/09\/S__6557-768x512.jpg 768w, https:\/\/swimchannel.net\/br\/wp-content\/uploads\/2026\/09\/S__6557-750x500.jpg 750w\" sizes=\"auto, (max-width: 945px) 100vw, 945px\" \/><figcaption id=\"caption-attachment-84294\" class=\"wp-caption-text\">Foto: Satiro Sodr\u00e9\/SSPress\/CBDA<\/figcaption><\/figure>\n<p><strong>50m peito masculino<\/strong><\/p>\n<p>Na final masculina, Caio Pumputis, do Pinheiros, conquistou a vit\u00f3ria com o tempo de 26s33, ficando a apenas oito cent\u00e9simos do \u00cdndice A da prova. A segunda coloca\u00e7\u00e3o ficou com Jo\u00e3o Luiz Gomes Junior, tamb\u00e9m do Pinheiros, com 26s59, enquanto Kaique Kauan de Morais Alves, igualmente representante do clube, terminou na terceira posi\u00e7\u00e3o, com 26s59.<\/p>\n<figure id=\"attachment_84306\" aria-describedby=\"caption-attachment-84306\" style=\"width: 799px\" class=\"wp-caption alignnone\"><img loading=\"lazy\" decoding=\"async\" class=\"wp-image-84306 size-full\" src=\"https:\/\/swimchannel.net\/br\/wp-content\/uploads\/2026\/09\/55501261509_1c0505edc9_c.jpg\" alt=\"\" width=\"799\" height=\"533\" srcset=\"https:\/\/swimchannel.net\/br\/wp-content\/uploads\/2026\/09\/55501261509_1c0505edc9_c.jpg 799w, https:\/\/swimchannel.net\/br\/wp-content\/uploads\/2026\/09\/55501261509_1c0505edc9_c-270x180.jpg 270w, https:\/\/swimchannel.net\/br\/wp-content\/uploads\/2026\/09\/55501261509_1c0505edc9_c-768x512.jpg 768w, https:\/\/swimchannel.net\/br\/wp-content\/uploads\/2026\/09\/55501261509_1c0505edc9_c-750x500.jpg 750w\" sizes=\"auto, (max-width: 799px) 100vw, 799px\" \/><figcaption id=\"caption-attachment-84306\" class=\"wp-caption-text\">Foto: Satiro Sodr\u00e9\/SSPress\/CBDA<\/figcaption><\/figure>\n<p><strong>50m peito feminino<\/strong><\/p>\n<div class=\"flex max-w-full flex-col gap-4 grow\">\n<div class=\"min-h-8 text-message relative flex w-full flex-col items-end gap-2 text-start break-words whitespace-normal outline-none keyboard-focused:focus-ring [.text-message+&amp;]:mt-1\" dir=\"auto\" tabindex=\"0\" data-message-author-role=\"assistant\" data-message-id=\"45b2fadc-f7cd-4165-92b7-a14e040fe478\" data-message-model-slug=\"gpt-5-6-mini\" data-turn-start-message=\"true\">\n<div class=\"flex w-full flex-col gap-1 empty:hidden\">\n<div class=\"fbskMG_root markdown prose dark:prose-invert wrap-break-word w-full light markdown-new-styling\">\n<p class=\"PDq2pG_selectionAnchorContainer\" data-start=\"0\" data-end=\"465\" data-is-last-node=\"\" data-is-only-node=\"\">Na final feminina, Mercedes Carolina Salazar, do Pinheiros, garantiu o t\u00edtulo da prova com 30s78. Giulia\u00a0 Carvalho, do Minas T\u00eanis Clube, ficou com a segunda coloca\u00e7\u00e3o e melhor brasilieira da prova, com 31s08, seguida por Andressa Carla Simiao Sango, da ADI\/Prefeitura de Indaiatuba, que marcou 31s44 e completou o p\u00f3dio. Isabel Soares Fagundes, do Flamengo\/RJ, terminou na terceiea posi\u00e7\u00e3o entre as brasileiras, com 31s72.<\/p>\n<\/div>\n<\/div>\n<\/div>\n<\/div>\n<figure id=\"attachment_84298\" aria-describedby=\"caption-attachment-84298\" style=\"width: 945px\" class=\"wp-caption alignnone\"><img loading=\"lazy\" decoding=\"async\" class=\"size-full wp-image-84298\" src=\"https:\/\/swimchannel.net\/br\/wp-content\/uploads\/2026\/09\/S__6562.jpg\" alt=\"\" width=\"945\" height=\"630\" srcset=\"https:\/\/swimchannel.net\/br\/wp-content\/uploads\/2026\/09\/S__6562.jpg 945w, https:\/\/swimchannel.net\/br\/wp-content\/uploads\/2026\/09\/S__6562-270x180.jpg 270w, https:\/\/swimchannel.net\/br\/wp-content\/uploads\/2026\/09\/S__6562-768x512.jpg 768w, https:\/\/swimchannel.net\/br\/wp-content\/uploads\/2026\/09\/S__6562-750x500.jpg 750w\" sizes=\"auto, (max-width: 945px) 100vw, 945px\" \/><figcaption id=\"caption-attachment-84298\" class=\"wp-caption-text\">Foto: Satiro Sodr\u00e9\/SSPress\/CBDA<\/figcaption><\/figure>\n<p><strong>200m medley masculino<\/strong><\/p>\n<p>Hugo Gonzalez, do Minas T\u00eanis Clube, venceu mais uma com 1min52s75. Leonardo Coelho Santos, do Pinheiros, ficou com a primeira coloca\u00e7\u00e3o entre os brasileiros, com 1min53s91,\u00a0 alcan\u00e7ando o \u00cdndice A para o Mundial, assim como seu companheiro de clube,\u00a0 Caio Pumputis, que garantiu o segundo lugar, com 1min54s97 e \u00edndice pro Mundial. Gabriel Nunes Machuco, do SESI-SP, completou o p\u00f3dio, com 1min55s20.<\/p>\n<p><strong>200m medley feminino<\/strong><\/p>\n<div class=\"qMYqUG_convSearchResultHighlightRoot\">\n<div class=\"\" data-turn-id-container=\"request-WEB:45c020aa-79b4-46de-a754-7a52c153439d-7\" data-is-intersecting=\"true\">\n<section class=\"text-token-text-primary w-full focus:outline-none has-data-writing-block:pointer-events-none [&amp;:has([data-writing-block])&gt;*]:pointer-events-auto R6Vx5W_threadScrollVars scroll-mb-[calc(var(--scroll-root-safe-area-inset-bottom,0px)+var(--thread-response-height))] scroll-mt-[calc(var(--header-height)+min(200px,max(70px,20svh)))]\" dir=\"auto\" data-turn-id=\"request-WEB:45c020aa-79b4-46de-a754-7a52c153439d-7\" data-turn-id-container=\"request-WEB:45c020aa-79b4-46de-a754-7a52c153439d-7\" data-testid=\"conversation-turn-14\" data-turn=\"assistant\">\n<div class=\"text-base my-auto mx-auto pb-8 [--thread-content-margin:var(--thread-content-margin-xs,calc(var(--spacing)*4))] @w-sm\/main:[--thread-content-margin:var(--thread-content-margin-sm,calc(var(--spacing)*6))] @w-lg\/main:[--thread-content-margin:var(--thread-content-margin-lg,calc(var(--spacing)*16))] px-(--thread-content-margin)\">\n<div class=\"[--thread-content-max-width:40rem] @w-lg\/main:[--thread-content-max-width:48rem] mx-auto max-w-(--thread-content-max-width) flex-1 group\/turn-messages focus-visible:outline-hidden relative flex w-full min-w-0 flex-col agent-turn\" data-conversation-screenshot-content=\"\">\n<div class=\"flex max-w-full flex-col gap-4 grow\">\n<div class=\"min-h-8 text-message relative flex w-full flex-col items-end gap-2 text-start break-words whitespace-normal outline-none keyboard-focused:focus-ring [.text-message+&amp;]:mt-1\" dir=\"auto\" tabindex=\"0\" data-message-author-role=\"assistant\" data-message-id=\"4d4320d0-f28e-4db2-8f12-10ccafa0a2c4\" data-message-model-slug=\"gpt-5-6-mini\" data-turn-start-message=\"true\">\n<div class=\"flex w-full flex-col gap-1 empty:hidden\">\n<div class=\"fbskMG_root markdown prose dark:prose-invert wrap-break-word w-full light markdown-new-styling\">\n<p data-start=\"0\" data-end=\"446\" data-is-last-node=\"\" data-is-only-node=\"\">Na final feminina, Manuela Astori, do Fluminense FC\/RJ, conquistou a primeira coloca\u00e7\u00e3o com o tempo de 2min12s50. Gabrielle Roncatto, da Unisanta, ficou com a medalha de prata, com 2min12s77, enquanto Carolina Leit\u00e3o Daher, do Pinheiros, completou o p\u00f3dio na terceira posi\u00e7\u00e3o, com 2min12s84.<\/p>\n<figure id=\"attachment_84310\" aria-describedby=\"caption-attachment-84310\" style=\"width: 799px\" class=\"wp-caption alignnone\"><img loading=\"lazy\" decoding=\"async\" class=\"size-full wp-image-84310\" src=\"https:\/\/swimchannel.net\/br\/wp-content\/uploads\/2026\/09\/55503121848_4f953faace_c.jpg\" alt=\"\" width=\"799\" height=\"533\" srcset=\"https:\/\/swimchannel.net\/br\/wp-content\/uploads\/2026\/09\/55503121848_4f953faace_c.jpg 799w, https:\/\/swimchannel.net\/br\/wp-content\/uploads\/2026\/09\/55503121848_4f953faace_c-270x180.jpg 270w, https:\/\/swimchannel.net\/br\/wp-content\/uploads\/2026\/09\/55503121848_4f953faace_c-768x512.jpg 768w, https:\/\/swimchannel.net\/br\/wp-content\/uploads\/2026\/09\/55503121848_4f953faace_c-750x500.jpg 750w\" sizes=\"auto, (max-width: 799px) 100vw, 799px\" \/><figcaption id=\"caption-attachment-84310\" class=\"wp-caption-text\">Foto: Satiro Sodr\u00e9\/SSPress\/CBDA<\/figcaption><\/figure>\n<\/div>\n<\/div>\n<\/div>\n<\/div>\n<\/div>\n<\/div>\n<\/section>\n<\/div>\n<\/div>\n<p><strong>Revezamento 4x200m livre masculino<\/strong><\/p>\n<p>O Pinheiros conquistou a medalha de ouro ao completar a prova em 6min54s15, com recorde do Campeonato. O Minas T\u00eanis Clube \u00a0ficou com a prata, com 6min57s69, enquanto o Flamengo garantiu o bronze, com 7min04s94.<\/p>\n<p><strong>Revezamento 4x200m livre feminino<\/strong><\/p>\n<p>Em disputa acirrada no revezamento feminino,\u00a0o Minas T\u00eanis Clube \u00a0conquistou a medalha de ouro ao completar a prova em 7min55s94. O Pinheiros \u00a0ficou com a prata, com 7min56s51, enquanto a Unisanta \u00a0garantiu o bronze, com 7min56s78.<\/p>\n<p><strong>\u00cdndices A no Finkel<\/strong><\/p>\n<p><strong>Primeiro dia \u2014 31\/8<\/strong><\/p>\n<p class=\"isSelectedEnd\">\u2022 Leonardo Alc\u00e2ntara \u2014 400m livre: 3min37s46 \u2014 recorde sul-americano<br \/>\n\u2022 Giulia Carvalho \u2014 100m borboleta: 56s06 \u2014 recorde sul-americano<br \/>\n\u2022 Maria Fernanda Costa \u2014 400m livre: 3min59s88<br \/>\n\u2022 Maria Paula Heitmann \u2014 400m livre: 4min04s99<br \/>\n\u2022 Beatriz Bezerra \u2014 100m borboleta: 57s02<br \/>\n\u2022 Pedro Busch \u2014 100m borboleta: 49s69<br \/>\n\u2022 Caio Pumputis \u2014 200m peito: 2min02s60<\/p>\n<p><strong>Segundo dia \u2014 1\/9<\/strong><\/p>\n<p>\u2022 Pedro Souza \u2014 200m costas: 1min50s97<br \/>\n\u2022 Caio Pumputis \u2014 200m medley: 1min54s97<br \/>\n\u2022 Leonardo Santos \u2014 200m medley: 1min53s91<\/p>\n<p>&nbsp;<\/p>\n<p>Confira aqui os resultados completos da primeira etapa do Finkel: <a href=\"https:\/\/www.cbda.org.br\/evento\/natacao\/v1_VnBMjXlzMR4rz0OG9R12asFllkWM-C_Fua6ceqI9QUk.PDEzyfAn_26kfHs2pYLOKmjxhIvZXC5FqE_Rs8z6ayc\/campeonato-brasileiro-de-natacao-jose-finkel?tab=informacoes\" target=\"_blank\" rel=\"noopener\">https:\/\/www.cbda.org.br\/evento\/natacao\/v1_VnBMjXlzMR4rz0OG9R12asFllkWM-C_Fua6ceqI9QUk.PDEzyfAn_26kfHs2pYLOKmjxhIvZXC5FqE_Rs8z6ayc\/campeonato-brasileiro-de-natacao-jose-finkel?tab=informacoes<\/a><\/p>\n<p>&nbsp;<\/p>\n<p>Gostaria de receber as not\u00edcias de nata\u00e7\u00e3o e \u00e1guas abertas no seu email?<\/p>\n<p><a href=\"https:\/\/lpa.nitro.news\/n-GNe\/ultimas-noticias-swim-channel\">Cadastre-se aqui<\/a><\/p>\n","protected":false},"excerpt":{"rendered":"<p>O segundo dia do Trof\u00e9u Jos\u00e9 Finkel 2026 teve mais tr\u00eas \u00cdndices A para o Mundial de Piscina Curta. Os \u00edndices foram conquistados por Pedro Souza, Caio Pumputis e Leonardo Santos alcan\u00e7aram\u00a0 nesta ter\u00e7a-feira (01\/09), no Esporte Clube Pinheiros, em S\u00e3o Paulo. Pedro Souza foi um dos destaques do dia ao garantir mais um \u00cdndice [&hellip;]<\/p>\n","protected":false},"author":9,"featured_media":84293,"comment_status":"open","ping_status":"open","sticky":false,"template":"","format":"standard","meta":{"footnotes":""},"categories":[137,2576],"tags":[7164,5,130],"class_list":["post-84292","post","type-post","status-publish","format-standard","has-post-thumbnail","hentry","category-natacao","category-ultimas-noticias","tag-finkel","tag-natacao","tag-trofeu-jose-finkel"],"yoast_head":"<!-- This site is optimized with the Yoast SEO plugin v28.3 - https:\/\/yoast.com\/product\/yoast-seo-wordpress\/ -->\n<title>Finkel: Segundo dia com mais tr\u00eas \u00edndices para o Mundial de Piscina Curta - Swimchannel<\/title>\n<meta name=\"robots\" content=\"index, follow, max-snippet:-1, max-image-preview:large, max-video-preview:-1\" \/>\n<link rel=\"canonical\" href=\"https:\/\/swimchannel.net\/br\/finkel-segundo-dia-com-mais-tres-indices-para-o-mundial-de-piscina-curta\/\" \/>\n<meta property=\"og:locale\" content=\"pt_BR\" \/>\n<meta property=\"og:type\" content=\"article\" \/>\n<meta property=\"og:title\" content=\"Finkel: Segundo dia com mais tr\u00eas \u00edndices para o Mundial de Piscina Curta - Swimchannel\" \/>\n<meta property=\"og:description\" content=\"O segundo dia do Trof\u00e9u Jos\u00e9 Finkel 2026 teve mais tr\u00eas \u00cdndices A para o Mundial de Piscina Curta. Os \u00edndices foram conquistados por Pedro Souza, Caio Pumputis e Leonardo Santos alcan\u00e7aram\u00a0 nesta ter\u00e7a-feira (01\/09), no Esporte Clube Pinheiros, em S\u00e3o Paulo. Pedro Souza foi um dos destaques do dia ao garantir mais um \u00cdndice [&hellip;]\" \/>\n<meta property=\"og:url\" content=\"https:\/\/swimchannel.net\/br\/finkel-segundo-dia-com-mais-tres-indices-para-o-mundial-de-piscina-curta\/\" \/>\n<meta property=\"og:site_name\" content=\"Swimchannel\" \/>\n<meta property=\"article:publisher\" content=\"https:\/\/www.facebook.com\/swimchannel\" \/>\n<meta property=\"article:published_time\" content=\"2026-09-01T23:30:45+00:00\" \/>\n<meta property=\"article:modified_time\" content=\"2026-09-02T00:30:50+00:00\" \/>\n<meta property=\"og:image\" content=\"https:\/\/swimchannel.net\/br\/wp-content\/uploads\/2026\/09\/ntc_1788301417.jpeg\" \/>\n\t<meta property=\"og:image:width\" content=\"944\" \/>\n\t<meta property=\"og:image:height\" content=\"630\" \/>\n\t<meta property=\"og:image:type\" content=\"image\/jpeg\" \/>\n<meta name=\"author\" content=\"Katarine Monteiro\" \/>\n<meta name=\"twitter:card\" content=\"summary_large_image\" \/>\n<meta name=\"twitter:creator\" content=\"@https:\/\/twitter.com\/Katarinem\" \/>\n<meta name=\"twitter:label1\" content=\"Escrito por\" \/>\n\t<meta name=\"twitter:data1\" content=\"Katarine Monteiro\" \/>\n\t<meta name=\"twitter:label2\" content=\"Est. tempo de leitura\" \/>\n\t<meta name=\"twitter:data2\" content=\"5 minutos\" \/>\n<script type=\"application\/ld+json\" class=\"yoast-schema-graph\">{\"@context\":\"https:\\\/\\\/schema.org\",\"@graph\":[{\"@type\":\"Article\",\"@id\":\"https:\\\/\\\/swimchannel.net\\\/br\\\/finkel-segundo-dia-com-mais-tres-indices-para-o-mundial-de-piscina-curta\\\/#article\",\"isPartOf\":{\"@id\":\"https:\\\/\\\/swimchannel.net\\\/br\\\/finkel-segundo-dia-com-mais-tres-indices-para-o-mundial-de-piscina-curta\\\/\"},\"author\":{\"name\":\"Katarine Monteiro\",\"@id\":\"https:\\\/\\\/swimchannel.net\\\/br\\\/#\\\/schema\\\/person\\\/73ae9cec62249968bca1f0a8098ef002\"},\"headline\":\"Finkel: Segundo dia com mais tr\u00eas \u00edndices para o Mundial de Piscina Curta\",\"datePublished\":\"2026-09-01T23:30:45+00:00\",\"dateModified\":\"2026-09-02T00:30:50+00:00\",\"mainEntityOfPage\":{\"@id\":\"https:\\\/\\\/swimchannel.net\\\/br\\\/finkel-segundo-dia-com-mais-tres-indices-para-o-mundial-de-piscina-curta\\\/\"},\"wordCount\":773,\"commentCount\":0,\"publisher\":{\"@id\":\"https:\\\/\\\/swimchannel.net\\\/br\\\/#organization\"},\"image\":{\"@id\":\"https:\\\/\\\/swimchannel.net\\\/br\\\/finkel-segundo-dia-com-mais-tres-indices-para-o-mundial-de-piscina-curta\\\/#primaryimage\"},\"thumbnailUrl\":\"https:\\\/\\\/swimchannel.net\\\/br\\\/wp-content\\\/uploads\\\/2026\\\/09\\\/ntc_1788301417.jpeg\",\"keywords\":[\"Finkel\",\"natacao\",\"Trof\u00e9u Jos\u00e9 Finkel\"],\"articleSection\":[\"Nata\u00e7\u00e3o\",\"\u00daltimas Not\u00edcias\"],\"inLanguage\":\"pt-BR\",\"potentialAction\":[{\"@type\":\"CommentAction\",\"name\":\"Comment\",\"target\":[\"https:\\\/\\\/swimchannel.net\\\/br\\\/finkel-segundo-dia-com-mais-tres-indices-para-o-mundial-de-piscina-curta\\\/#respond\"]}]},{\"@type\":\"WebPage\",\"@id\":\"https:\\\/\\\/swimchannel.net\\\/br\\\/finkel-segundo-dia-com-mais-tres-indices-para-o-mundial-de-piscina-curta\\\/\",\"url\":\"https:\\\/\\\/swimchannel.net\\\/br\\\/finkel-segundo-dia-com-mais-tres-indices-para-o-mundial-de-piscina-curta\\\/\",\"name\":\"Finkel: Segundo dia com mais tr\u00eas \u00edndices para o Mundial de Piscina Curta - Swimchannel\",\"isPartOf\":{\"@id\":\"https:\\\/\\\/swimchannel.net\\\/br\\\/#website\"},\"primaryImageOfPage\":{\"@id\":\"https:\\\/\\\/swimchannel.net\\\/br\\\/finkel-segundo-dia-com-mais-tres-indices-para-o-mundial-de-piscina-curta\\\/#primaryimage\"},\"image\":{\"@id\":\"https:\\\/\\\/swimchannel.net\\\/br\\\/finkel-segundo-dia-com-mais-tres-indices-para-o-mundial-de-piscina-curta\\\/#primaryimage\"},\"thumbnailUrl\":\"https:\\\/\\\/swimchannel.net\\\/br\\\/wp-content\\\/uploads\\\/2026\\\/09\\\/ntc_1788301417.jpeg\",\"datePublished\":\"2026-09-01T23:30:45+00:00\",\"dateModified\":\"2026-09-02T00:30:50+00:00\",\"breadcrumb\":{\"@id\":\"https:\\\/\\\/swimchannel.net\\\/br\\\/finkel-segundo-dia-com-mais-tres-indices-para-o-mundial-de-piscina-curta\\\/#breadcrumb\"},\"inLanguage\":\"pt-BR\",\"potentialAction\":[{\"@type\":\"ReadAction\",\"target\":[\"https:\\\/\\\/swimchannel.net\\\/br\\\/finkel-segundo-dia-com-mais-tres-indices-para-o-mundial-de-piscina-curta\\\/\"]}]},{\"@type\":\"ImageObject\",\"inLanguage\":\"pt-BR\",\"@id\":\"https:\\\/\\\/swimchannel.net\\\/br\\\/finkel-segundo-dia-com-mais-tres-indices-para-o-mundial-de-piscina-curta\\\/#primaryimage\",\"url\":\"https:\\\/\\\/swimchannel.net\\\/br\\\/wp-content\\\/uploads\\\/2026\\\/09\\\/ntc_1788301417.jpeg\",\"contentUrl\":\"https:\\\/\\\/swimchannel.net\\\/br\\\/wp-content\\\/uploads\\\/2026\\\/09\\\/ntc_1788301417.jpeg\",\"width\":944,\"height\":630,\"caption\":\"Foto: Satiro Sodr\u00e9\\\/SSPress\\\/CBDA\"},{\"@type\":\"BreadcrumbList\",\"@id\":\"https:\\\/\\\/swimchannel.net\\\/br\\\/finkel-segundo-dia-com-mais-tres-indices-para-o-mundial-de-piscina-curta\\\/#breadcrumb\",\"itemListElement\":[{\"@type\":\"ListItem\",\"position\":1,\"name\":\"Home\",\"item\":\"https:\\\/\\\/swimchannel.net\\\/br\\\/\"},{\"@type\":\"ListItem\",\"position\":2,\"name\":\"Finkel: Segundo dia com mais tr\u00eas \u00edndices para o Mundial de Piscina Curta\"}]},{\"@type\":\"WebSite\",\"@id\":\"https:\\\/\\\/swimchannel.net\\\/br\\\/#website\",\"url\":\"https:\\\/\\\/swimchannel.net\\\/br\\\/\",\"name\":\"Swimchannel\",\"description\":\"Maior portal de nata\u00e7\u00e3o da america latina\",\"publisher\":{\"@id\":\"https:\\\/\\\/swimchannel.net\\\/br\\\/#organization\"},\"potentialAction\":[{\"@type\":\"SearchAction\",\"target\":{\"@type\":\"EntryPoint\",\"urlTemplate\":\"https:\\\/\\\/swimchannel.net\\\/br\\\/?s={search_term_string}\"},\"query-input\":{\"@type\":\"PropertyValueSpecification\",\"valueRequired\":true,\"valueName\":\"search_term_string\"}}],\"inLanguage\":\"pt-BR\"},{\"@type\":\"Organization\",\"@id\":\"https:\\\/\\\/swimchannel.net\\\/br\\\/#organization\",\"name\":\"Swimchannel - Conectando voc\u00ea a Nata\u00e7\u00e3o\",\"url\":\"https:\\\/\\\/swimchannel.net\\\/br\\\/\",\"logo\":{\"@type\":\"ImageObject\",\"inLanguage\":\"pt-BR\",\"@id\":\"https:\\\/\\\/swimchannel.net\\\/br\\\/#\\\/schema\\\/logo\\\/image\\\/\",\"url\":\"https:\\\/\\\/swimchannel.net\\\/br\\\/wp-content\\\/uploads\\\/2026\\\/02\\\/SWIM-CHANNEL.png\",\"contentUrl\":\"https:\\\/\\\/swimchannel.net\\\/br\\\/wp-content\\\/uploads\\\/2026\\\/02\\\/SWIM-CHANNEL.png\",\"width\":1120,\"height\":630,\"caption\":\"Swimchannel - Conectando voc\u00ea a Nata\u00e7\u00e3o\"},\"image\":{\"@id\":\"https:\\\/\\\/swimchannel.net\\\/br\\\/#\\\/schema\\\/logo\\\/image\\\/\"},\"sameAs\":[\"https:\\\/\\\/www.facebook.com\\\/swimchannel\",\"https:\\\/\\\/www.instagram.com\\\/swimchannel\"]},{\"@type\":\"Person\",\"@id\":\"https:\\\/\\\/swimchannel.net\\\/br\\\/#\\\/schema\\\/person\\\/73ae9cec62249968bca1f0a8098ef002\",\"name\":\"Katarine Monteiro\",\"image\":{\"@type\":\"ImageObject\",\"inLanguage\":\"pt-BR\",\"@id\":\"https:\\\/\\\/swimchannel.net\\\/br\\\/wp-content\\\/uploads\\\/2022\\\/01\\\/Katarine-Monteiro-100x100.jpg\",\"url\":\"https:\\\/\\\/swimchannel.net\\\/br\\\/wp-content\\\/uploads\\\/2022\\\/01\\\/Katarine-Monteiro-100x100.jpg\",\"contentUrl\":\"https:\\\/\\\/swimchannel.net\\\/br\\\/wp-content\\\/uploads\\\/2022\\\/01\\\/Katarine-Monteiro-100x100.jpg\",\"caption\":\"Katarine Monteiro\"},\"description\":\"Jornalista SWIM CHANNEL especializada em esportes ol\u00edmpicos e em sa\u00fade. Com cobertura de grandes eventos internacionais, como Jogos Ol\u00edmpicos Rio 2016, Jogos Pan-Americanos em Lima 2019, Qatar Total Open 2020, Qatar ExxonMobil Open 2019 - t\u00eanis em Doha (QT), Semana Internacional de Vela de Ilhabela, Transat Jacques Vabre 2019 (Fran\u00e7a-Brasil), L'\u00c9tape Brasil by Tour de France, j\u00e1 fez in\u00fameras coberturas de nata\u00e7\u00e3o, maratona aqu\u00e1tica e polo aqu\u00e1tico. Formada tamb\u00e9m em Letras, a jornalista atua como assessora de imprensa, rela\u00e7\u00f5es p\u00fablicas e social media, com especializa\u00e7\u00e3o em marketing esportivo. Nadadora amadora de \u00e1guas abertas, j\u00e1 trabalhou com grandes nomes da nata\u00e7\u00e3o e do polo aqu\u00e1tico brasileiro.\",\"sameAs\":[\"https:\\\/\\\/www.instagram.com\\\/_katarinemonteiro\\\/\",\"https:\\\/\\\/www.linkedin.com\\\/in\\\/katarine-monteiro-19385297\\\/\",\"https:\\\/\\\/x.com\\\/https:\\\/\\\/twitter.com\\\/Katarinem\"],\"url\":\"https:\\\/\\\/swimchannel.net\\\/br\\\/author\\\/katarine-monteiro\\\/\"}]}<\/script>\n<!-- \/ Yoast SEO plugin. -->","yoast_head_json":{"title":"Finkel: Segundo dia com mais tr\u00eas \u00edndices para o Mundial de Piscina Curta - Swimchannel","robots":{"index":"index","follow":"follow","max-snippet":"max-snippet:-1","max-image-preview":"max-image-preview:large","max-video-preview":"max-video-preview:-1"},"canonical":"https:\/\/swimchannel.net\/br\/finkel-segundo-dia-com-mais-tres-indices-para-o-mundial-de-piscina-curta\/","og_locale":"pt_BR","og_type":"article","og_title":"Finkel: Segundo dia com mais tr\u00eas \u00edndices para o Mundial de Piscina Curta - Swimchannel","og_description":"O segundo dia do Trof\u00e9u Jos\u00e9 Finkel 2026 teve mais tr\u00eas \u00cdndices A para o Mundial de Piscina Curta. Os \u00edndices foram conquistados por Pedro Souza, Caio Pumputis e Leonardo Santos alcan\u00e7aram\u00a0 nesta ter\u00e7a-feira (01\/09), no Esporte Clube Pinheiros, em S\u00e3o Paulo. Pedro Souza foi um dos destaques do dia ao garantir mais um \u00cdndice [&hellip;]","og_url":"https:\/\/swimchannel.net\/br\/finkel-segundo-dia-com-mais-tres-indices-para-o-mundial-de-piscina-curta\/","og_site_name":"Swimchannel","article_publisher":"https:\/\/www.facebook.com\/swimchannel","article_published_time":"2026-09-01T23:30:45+00:00","article_modified_time":"2026-09-02T00:30:50+00:00","og_image":[{"width":944,"height":630,"url":"https:\/\/swimchannel.net\/br\/wp-content\/uploads\/2026\/09\/ntc_1788301417.jpeg","type":"image\/jpeg"}],"author":"Katarine Monteiro","twitter_card":"summary_large_image","twitter_creator":"@https:\/\/twitter.com\/Katarinem","twitter_misc":{"Escrito por":"Katarine Monteiro","Est. tempo de leitura":"5 minutos"},"schema":{"@context":"https:\/\/schema.org","@graph":[{"@type":"Article","@id":"https:\/\/swimchannel.net\/br\/finkel-segundo-dia-com-mais-tres-indices-para-o-mundial-de-piscina-curta\/#article","isPartOf":{"@id":"https:\/\/swimchannel.net\/br\/finkel-segundo-dia-com-mais-tres-indices-para-o-mundial-de-piscina-curta\/"},"author":{"name":"Katarine Monteiro","@id":"https:\/\/swimchannel.net\/br\/#\/schema\/person\/73ae9cec62249968bca1f0a8098ef002"},"headline":"Finkel: Segundo dia com mais tr\u00eas \u00edndices para o Mundial de Piscina Curta","datePublished":"2026-09-01T23:30:45+00:00","dateModified":"2026-09-02T00:30:50+00:00","mainEntityOfPage":{"@id":"https:\/\/swimchannel.net\/br\/finkel-segundo-dia-com-mais-tres-indices-para-o-mundial-de-piscina-curta\/"},"wordCount":773,"commentCount":0,"publisher":{"@id":"https:\/\/swimchannel.net\/br\/#organization"},"image":{"@id":"https:\/\/swimchannel.net\/br\/finkel-segundo-dia-com-mais-tres-indices-para-o-mundial-de-piscina-curta\/#primaryimage"},"thumbnailUrl":"https:\/\/swimchannel.net\/br\/wp-content\/uploads\/2026\/09\/ntc_1788301417.jpeg","keywords":["Finkel","natacao","Trof\u00e9u Jos\u00e9 Finkel"],"articleSection":["Nata\u00e7\u00e3o","\u00daltimas Not\u00edcias"],"inLanguage":"pt-BR","potentialAction":[{"@type":"CommentAction","name":"Comment","target":["https:\/\/swimchannel.net\/br\/finkel-segundo-dia-com-mais-tres-indices-para-o-mundial-de-piscina-curta\/#respond"]}]},{"@type":"WebPage","@id":"https:\/\/swimchannel.net\/br\/finkel-segundo-dia-com-mais-tres-indices-para-o-mundial-de-piscina-curta\/","url":"https:\/\/swimchannel.net\/br\/finkel-segundo-dia-com-mais-tres-indices-para-o-mundial-de-piscina-curta\/","name":"Finkel: Segundo dia com mais tr\u00eas \u00edndices para o Mundial de Piscina Curta - Swimchannel","isPartOf":{"@id":"https:\/\/swimchannel.net\/br\/#website"},"primaryImageOfPage":{"@id":"https:\/\/swimchannel.net\/br\/finkel-segundo-dia-com-mais-tres-indices-para-o-mundial-de-piscina-curta\/#primaryimage"},"image":{"@id":"https:\/\/swimchannel.net\/br\/finkel-segundo-dia-com-mais-tres-indices-para-o-mundial-de-piscina-curta\/#primaryimage"},"thumbnailUrl":"https:\/\/swimchannel.net\/br\/wp-content\/uploads\/2026\/09\/ntc_1788301417.jpeg","datePublished":"2026-09-01T23:30:45+00:00","dateModified":"2026-09-02T00:30:50+00:00","breadcrumb":{"@id":"https:\/\/swimchannel.net\/br\/finkel-segundo-dia-com-mais-tres-indices-para-o-mundial-de-piscina-curta\/#breadcrumb"},"inLanguage":"pt-BR","potentialAction":[{"@type":"ReadAction","target":["https:\/\/swimchannel.net\/br\/finkel-segundo-dia-com-mais-tres-indices-para-o-mundial-de-piscina-curta\/"]}]},{"@type":"ImageObject","inLanguage":"pt-BR","@id":"https:\/\/swimchannel.net\/br\/finkel-segundo-dia-com-mais-tres-indices-para-o-mundial-de-piscina-curta\/#primaryimage","url":"https:\/\/swimchannel.net\/br\/wp-content\/uploads\/2026\/09\/ntc_1788301417.jpeg","contentUrl":"https:\/\/swimchannel.net\/br\/wp-content\/uploads\/2026\/09\/ntc_1788301417.jpeg","width":944,"height":630,"caption":"Foto: Satiro Sodr\u00e9\/SSPress\/CBDA"},{"@type":"BreadcrumbList","@id":"https:\/\/swimchannel.net\/br\/finkel-segundo-dia-com-mais-tres-indices-para-o-mundial-de-piscina-curta\/#breadcrumb","itemListElement":[{"@type":"ListItem","position":1,"name":"Home","item":"https:\/\/swimchannel.net\/br\/"},{"@type":"ListItem","position":2,"name":"Finkel: Segundo dia com mais tr\u00eas \u00edndices para o Mundial de Piscina Curta"}]},{"@type":"WebSite","@id":"https:\/\/swimchannel.net\/br\/#website","url":"https:\/\/swimchannel.net\/br\/","name":"Swimchannel","description":"Maior portal de nata\u00e7\u00e3o da america latina","publisher":{"@id":"https:\/\/swimchannel.net\/br\/#organization"},"potentialAction":[{"@type":"SearchAction","target":{"@type":"EntryPoint","urlTemplate":"https:\/\/swimchannel.net\/br\/?s={search_term_string}"},"query-input":{"@type":"PropertyValueSpecification","valueRequired":true,"valueName":"search_term_string"}}],"inLanguage":"pt-BR"},{"@type":"Organization","@id":"https:\/\/swimchannel.net\/br\/#organization","name":"Swimchannel - Conectando voc\u00ea a Nata\u00e7\u00e3o","url":"https:\/\/swimchannel.net\/br\/","logo":{"@type":"ImageObject","inLanguage":"pt-BR","@id":"https:\/\/swimchannel.net\/br\/#\/schema\/logo\/image\/","url":"https:\/\/swimchannel.net\/br\/wp-content\/uploads\/2026\/02\/SWIM-CHANNEL.png","contentUrl":"https:\/\/swimchannel.net\/br\/wp-content\/uploads\/2026\/02\/SWIM-CHANNEL.png","width":1120,"height":630,"caption":"Swimchannel - Conectando voc\u00ea a Nata\u00e7\u00e3o"},"image":{"@id":"https:\/\/swimchannel.net\/br\/#\/schema\/logo\/image\/"},"sameAs":["https:\/\/www.facebook.com\/swimchannel","https:\/\/www.instagram.com\/swimchannel"]},{"@type":"Person","@id":"https:\/\/swimchannel.net\/br\/#\/schema\/person\/73ae9cec62249968bca1f0a8098ef002","name":"Katarine Monteiro","image":{"@type":"ImageObject","inLanguage":"pt-BR","@id":"https:\/\/swimchannel.net\/br\/wp-content\/uploads\/2022\/01\/Katarine-Monteiro-100x100.jpg","url":"https:\/\/swimchannel.net\/br\/wp-content\/uploads\/2022\/01\/Katarine-Monteiro-100x100.jpg","contentUrl":"https:\/\/swimchannel.net\/br\/wp-content\/uploads\/2022\/01\/Katarine-Monteiro-100x100.jpg","caption":"Katarine Monteiro"},"description":"Jornalista SWIM CHANNEL especializada em esportes ol\u00edmpicos e em sa\u00fade. Com cobertura de grandes eventos internacionais, como Jogos Ol\u00edmpicos Rio 2016, Jogos Pan-Americanos em Lima 2019, Qatar Total Open 2020, Qatar ExxonMobil Open 2019 - t\u00eanis em Doha (QT), Semana Internacional de Vela de Ilhabela, Transat Jacques Vabre 2019 (Fran\u00e7a-Brasil), L'\u00c9tape Brasil by Tour de France, j\u00e1 fez in\u00fameras coberturas de nata\u00e7\u00e3o, maratona aqu\u00e1tica e polo aqu\u00e1tico. Formada tamb\u00e9m em Letras, a jornalista atua como assessora de imprensa, rela\u00e7\u00f5es p\u00fablicas e social media, com especializa\u00e7\u00e3o em marketing esportivo. Nadadora amadora de \u00e1guas abertas, j\u00e1 trabalhou com grandes nomes da nata\u00e7\u00e3o e do polo aqu\u00e1tico brasileiro.","sameAs":["https:\/\/www.instagram.com\/_katarinemonteiro\/","https:\/\/www.linkedin.com\/in\/katarine-monteiro-19385297\/","https:\/\/x.com\/https:\/\/twitter.com\/Katarinem"],"url":"https:\/\/swimchannel.net\/br\/author\/katarine-monteiro\/"}]}},"_links":{"self":[{"href":"https:\/\/swimchannel.net\/br\/wp-json\/wp\/v2\/posts\/84292","targetHints":{"allow":["GET"]}}],"collection":[{"href":"https:\/\/swimchannel.net\/br\/wp-json\/wp\/v2\/posts"}],"about":[{"href":"https:\/\/swimchannel.net\/br\/wp-json\/wp\/v2\/types\/post"}],"author":[{"embeddable":true,"href":"https:\/\/swimchannel.net\/br\/wp-json\/wp\/v2\/users\/9"}],"replies":[{"embeddable":true,"href":"https:\/\/swimchannel.net\/br\/wp-json\/wp\/v2\/comments?post=84292"}],"version-history":[{"count":15,"href":"https:\/\/swimchannel.net\/br\/wp-json\/wp\/v2\/posts\/84292\/revisions"}],"predecessor-version":[{"id":84313,"href":"https:\/\/swimchannel.net\/br\/wp-json\/wp\/v2\/posts\/84292\/revisions\/84313"}],"wp:featuredmedia":[{"embeddable":true,"href":"https:\/\/swimchannel.net\/br\/wp-json\/wp\/v2\/media\/84293"}],"wp:attachment":[{"href":"https:\/\/swimchannel.net\/br\/wp-json\/wp\/v2\/media?parent=84292"}],"wp:term":[{"taxonomy":"category","embeddable":true,"href":"https:\/\/swimchannel.net\/br\/wp-json\/wp\/v2\/categories?post=84292"},{"taxonomy":"post_tag","embeddable":true,"href":"https:\/\/swimchannel.net\/br\/wp-json\/wp\/v2\/tags?post=84292"}],"curies":[{"name":"wp","href":"https:\/\/api.w.org\/{rel}","templated":true}]}}