{"id":84314,"date":"2026-09-02T11:11:39","date_gmt":"2026-09-02T14:11:39","guid":{"rendered":"https:\/\/swimchannel.net\/br\/?p=84314"},"modified":"2026-09-02T11:11:39","modified_gmt":"2026-09-02T14:11:39","slug":"caribe-e-basseto-fazem-indice-para-o-mundial-de-curta","status":"publish","type":"post","link":"https:\/\/swimchannel.net\/br\/caribe-e-basseto-fazem-indice-para-o-mundial-de-curta\/","title":{"rendered":"Carib\u00e9 e Basseto fazem \u00edndice para o Mundial de curta"},"content":{"rendered":"<p>Manh\u00e3 de dois \u00edndices para o Campeonato Mundial de piscina curta e conquistados por dois Guilhermes. Primeiro com Guilherme Carib\u00e9, que sobrou na prova dos 100m livre sendo o \u00fanico abaixo dos 47 segundos nesta manh\u00e3. Carib\u00e9 marcou 45s96 sendo muito mais veloz que o segundo colocado, Breno Correia com 47s11. A expectativa \u00e9 que o nadador do Recreio da Juventude possa superar a tarde, seu pr\u00f3prio recorde sul-americano que \u00e9 de 45s47.<\/p>\n<p>Minutos depois foi a vez de Guilherme Basseto conseguir o \u00edndice nos 50m costas. O atleta da Unisanta sobrou na prova e marcou 23s16, sendo o \u00fanico a nadar abaixo do \u00edndice exigido pela CBDA. Basseto agora mira o recorde sul-americano de Guilherme Guido, que \u00e9 22s55 em vigor desde 2019. O segundo mais r\u00e1pido da prova nas eliminat\u00f3rias foi o espanhol\/brasileiro Hugo Gonzalez com 24s02.<\/p>\n<figure id=\"attachment_75161\" aria-describedby=\"caption-attachment-75161\" style=\"width: 1200px\" class=\"wp-caption alignnone\"><img loading=\"lazy\" decoding=\"async\" class=\"size-large wp-image-75161\" src=\"https:\/\/swimchannel.net\/br\/wp-content\/uploads\/2025\/07\/54683429461_081d09b197_k-1200x800.jpg\" alt=\"\" width=\"1200\" height=\"800\" srcset=\"https:\/\/swimchannel.net\/br\/wp-content\/uploads\/2025\/07\/54683429461_081d09b197_k-1200x800.jpg 1200w, https:\/\/swimchannel.net\/br\/wp-content\/uploads\/2025\/07\/54683429461_081d09b197_k-1013x675.jpg 1013w, https:\/\/swimchannel.net\/br\/wp-content\/uploads\/2025\/07\/54683429461_081d09b197_k-270x180.jpg 270w, https:\/\/swimchannel.net\/br\/wp-content\/uploads\/2025\/07\/54683429461_081d09b197_k-768x512.jpg 768w, https:\/\/swimchannel.net\/br\/wp-content\/uploads\/2025\/07\/54683429461_081d09b197_k-1536x1024.jpg 1536w, https:\/\/swimchannel.net\/br\/wp-content\/uploads\/2025\/07\/54683429461_081d09b197_k-750x500.jpg 750w, https:\/\/swimchannel.net\/br\/wp-content\/uploads\/2025\/07\/54683429461_081d09b197_k-1140x760.jpg 1140w, https:\/\/swimchannel.net\/br\/wp-content\/uploads\/2025\/07\/54683429461_081d09b197_k.jpg 2048w\" sizes=\"auto, (max-width: 1200px) 100vw, 1200px\" \/><figcaption id=\"caption-attachment-75161\" class=\"wp-caption-text\">Guilheme Basseto &#8211; Foto: Satiro Sodr\u00e9<\/figcaption><\/figure>\n<p>Nas vers\u00f5es femininas destas provas, Stephanie Balduccini foi a mais r\u00e1pida dos 100m livre com 53s77. Al\u00e9m dela, apenas Luanna Oliveira com 53s91 e Beatriz Bezerra 53s95 nadaram abaixo dos 54 segundos. Nos 50m costas, quem nadar\u00e1 na raia 4 logo mais \u00e9 Julia Goes que nadou para 26s70. Etiene Medeiros foi outra atleta que nadou abaixo dos 27 segundos, marcando 26s98 esta manh\u00e3.<\/p>\n<p>Nos 200m costas os mais velozes nas eliminat\u00f3rias foram Maria Luiza Pessanha no feminino com 2min10s60 e Pedro Busch no masculino com 1min54s55. Tivemos ainda as s\u00e9ries mais lentas dos 800m livre feminino e 1500m livre masculino, com as s\u00e9ries mais fortes sendo disputadas a noite.<\/p>\n<figure id=\"attachment_84315\" aria-describedby=\"caption-attachment-84315\" style=\"width: 1055px\" class=\"wp-caption alignnone\"><img loading=\"lazy\" decoding=\"async\" class=\"size-full wp-image-84315\" src=\"https:\/\/swimchannel.net\/br\/wp-content\/uploads\/2026\/09\/55501200542_694e96c397_k.jpg\" alt=\"\" width=\"1055\" height=\"630\" srcset=\"https:\/\/swimchannel.net\/br\/wp-content\/uploads\/2026\/09\/55501200542_694e96c397_k.jpg 1055w, https:\/\/swimchannel.net\/br\/wp-content\/uploads\/2026\/09\/55501200542_694e96c397_k-301x180.jpg 301w, https:\/\/swimchannel.net\/br\/wp-content\/uploads\/2026\/09\/55501200542_694e96c397_k-768x459.jpg 768w, https:\/\/swimchannel.net\/br\/wp-content\/uploads\/2026\/09\/55501200542_694e96c397_k-750x448.jpg 750w\" sizes=\"auto, (max-width: 1055px) 100vw, 1055px\" \/><figcaption id=\"caption-attachment-84315\" class=\"wp-caption-text\">Maria Luiza Pessanha &#8211; Foto: Satiro Sodr\u00e9<\/figcaption><\/figure>\n<p>Nas finais de hoje teremos ainda as provas do revezamento 4x50m medley misto. Os resultados completos da manh\u00e3 podem ser conferidos no site oficil da CBDA (<a href=\"https:\/\/www.cbda.org.br\/evento\/natacao\/v1_VnBMjXlzMR4rz0OG9R12asFllkWM-C_Fua6ceqI9QUk.PDEzyfAn_26kfHs2pYLOKmjxhIvZXC5FqE_Rs8z6ayc\/campeonato-brasileiro-de-natacao-jose-finkel\" target=\"_blank\" rel=\"noopener\">clique aqui<\/a>). E para assistir na \u00edntegra a etapa acesse o app da Swim Channel TV (<a href=\"https:\/\/tv.swimchannel.net\/\" target=\"_blank\" rel=\"noopener\">https:\/\/tv.swimchannel.net\/<\/a>) ou nosso canal do Youtube (<a href=\"https:\/\/www.youtube.com\/@SwimChanneltv\" target=\"_blank\" rel=\"noopener\">https:\/\/www.youtube.com\/@SwimChanneltv<\/a>).<\/p>\n<p>&nbsp;<\/p>\n<p>Gostaria de receber as not\u00edcias de nata\u00e7\u00e3o e \u00e1guas abertas no seu email?<\/p>\n<p><a href=\"https:\/\/lpa.nitro.news\/n-GNe\/ultimas-noticias-swim-channel\">Cadastre-se aqui<\/a><\/p>\n","protected":false},"excerpt":{"rendered":"<p>Manh\u00e3 de dois \u00edndices para o Campeonato Mundial de piscina curta e conquistados por dois Guilhermes. Primeiro com Guilherme Carib\u00e9, que sobrou na prova dos 100m livre sendo o \u00fanico abaixo dos 47 segundos nesta manh\u00e3. Carib\u00e9 marcou 45s96 sendo muito mais veloz que o segundo colocado, Breno Correia com 47s11. A expectativa \u00e9 que [&hellip;]<\/p>\n","protected":false},"author":3,"featured_media":82481,"comment_status":"open","ping_status":"open","sticky":false,"template":"","format":"standard","meta":{"footnotes":""},"categories":[241],"tags":[1581,4690,5130,5,130],"class_list":["post-84314","post","type-post","status-publish","format-standard","has-post-thumbnail","hentry","category-trofeu-jose-finkel","tag-campeonato-mundial-de-piscina-curta","tag-guilherme-basseto","tag-guilherme-caribe","tag-natacao","tag-trofeu-jose-finkel"],"yoast_head":"<!-- This site is optimized with the Yoast SEO plugin v28.3 - https:\/\/yoast.com\/product\/yoast-seo-wordpress\/ -->\n<title>Carib\u00e9 e Basseto fazem \u00edndice para o Mundial de curta - Swimchannel<\/title>\n<meta name=\"robots\" content=\"index, follow, max-snippet:-1, max-image-preview:large, max-video-preview:-1\" \/>\n<link rel=\"canonical\" href=\"https:\/\/swimchannel.net\/br\/caribe-e-basseto-fazem-indice-para-o-mundial-de-curta\/\" \/>\n<meta property=\"og:locale\" content=\"pt_BR\" \/>\n<meta property=\"og:type\" content=\"article\" \/>\n<meta property=\"og:title\" content=\"Carib\u00e9 e Basseto fazem \u00edndice para o Mundial de curta - Swimchannel\" \/>\n<meta property=\"og:description\" content=\"Manh\u00e3 de dois \u00edndices para o Campeonato Mundial de piscina curta e conquistados por dois Guilhermes. Primeiro com Guilherme Carib\u00e9, que sobrou na prova dos 100m livre sendo o \u00fanico abaixo dos 47 segundos nesta manh\u00e3. Carib\u00e9 marcou 45s96 sendo muito mais veloz que o segundo colocado, Breno Correia com 47s11. A expectativa \u00e9 que [&hellip;]\" \/>\n<meta property=\"og:url\" content=\"https:\/\/swimchannel.net\/br\/caribe-e-basseto-fazem-indice-para-o-mundial-de-curta\/\" \/>\n<meta property=\"og:site_name\" content=\"Swimchannel\" \/>\n<meta property=\"article:publisher\" content=\"https:\/\/www.facebook.com\/swimchannel\" \/>\n<meta property=\"article:published_time\" content=\"2026-09-02T14:11:39+00:00\" \/>\n<meta property=\"og:image\" content=\"https:\/\/swimchannel.net\/br\/wp-content\/uploads\/2026\/05\/55287411621_371ff546f9_k.jpg\" \/>\n\t<meta property=\"og:image:width\" content=\"945\" \/>\n\t<meta property=\"og:image:height\" content=\"630\" \/>\n\t<meta property=\"og:image:type\" content=\"image\/jpeg\" \/>\n<meta name=\"author\" content=\"Guilherme Freitas\" \/>\n<meta name=\"twitter:card\" content=\"summary_large_image\" \/>\n<meta name=\"twitter:label1\" content=\"Escrito por\" \/>\n\t<meta name=\"twitter:data1\" content=\"Guilherme Freitas\" \/>\n\t<meta name=\"twitter:label2\" content=\"Est. tempo de leitura\" \/>\n\t<meta name=\"twitter:data2\" content=\"3 minutos\" \/>\n<script type=\"application\/ld+json\" class=\"yoast-schema-graph\">{\"@context\":\"https:\\\/\\\/schema.org\",\"@graph\":[{\"@type\":\"Article\",\"@id\":\"https:\\\/\\\/swimchannel.net\\\/br\\\/caribe-e-basseto-fazem-indice-para-o-mundial-de-curta\\\/#article\",\"isPartOf\":{\"@id\":\"https:\\\/\\\/swimchannel.net\\\/br\\\/caribe-e-basseto-fazem-indice-para-o-mundial-de-curta\\\/\"},\"author\":{\"name\":\"Guilherme Freitas\",\"@id\":\"https:\\\/\\\/swimchannel.net\\\/br\\\/#\\\/schema\\\/person\\\/aa2a63bab3275f53749a83276b213c48\"},\"headline\":\"Carib\u00e9 e Basseto fazem \u00edndice para o Mundial de curta\",\"datePublished\":\"2026-09-02T14:11:39+00:00\",\"mainEntityOfPage\":{\"@id\":\"https:\\\/\\\/swimchannel.net\\\/br\\\/caribe-e-basseto-fazem-indice-para-o-mundial-de-curta\\\/\"},\"wordCount\":364,\"commentCount\":0,\"publisher\":{\"@id\":\"https:\\\/\\\/swimchannel.net\\\/br\\\/#organization\"},\"image\":{\"@id\":\"https:\\\/\\\/swimchannel.net\\\/br\\\/caribe-e-basseto-fazem-indice-para-o-mundial-de-curta\\\/#primaryimage\"},\"thumbnailUrl\":\"https:\\\/\\\/swimchannel.net\\\/br\\\/wp-content\\\/uploads\\\/2026\\\/05\\\/55287411621_371ff546f9_k.jpg\",\"keywords\":[\"Campeonato Mundial de piscina curta\",\"Guilherme Basseto\",\"Guilherme Carib\u00e9\",\"natacao\",\"Trof\u00e9u Jos\u00e9 Finkel\"],\"articleSection\":[\"Trof\u00e9u Jos\u00e9 Finkel\"],\"inLanguage\":\"pt-BR\",\"potentialAction\":[{\"@type\":\"CommentAction\",\"name\":\"Comment\",\"target\":[\"https:\\\/\\\/swimchannel.net\\\/br\\\/caribe-e-basseto-fazem-indice-para-o-mundial-de-curta\\\/#respond\"]}]},{\"@type\":\"WebPage\",\"@id\":\"https:\\\/\\\/swimchannel.net\\\/br\\\/caribe-e-basseto-fazem-indice-para-o-mundial-de-curta\\\/\",\"url\":\"https:\\\/\\\/swimchannel.net\\\/br\\\/caribe-e-basseto-fazem-indice-para-o-mundial-de-curta\\\/\",\"name\":\"Carib\u00e9 e Basseto fazem \u00edndice para o Mundial de curta - Swimchannel\",\"isPartOf\":{\"@id\":\"https:\\\/\\\/swimchannel.net\\\/br\\\/#website\"},\"primaryImageOfPage\":{\"@id\":\"https:\\\/\\\/swimchannel.net\\\/br\\\/caribe-e-basseto-fazem-indice-para-o-mundial-de-curta\\\/#primaryimage\"},\"image\":{\"@id\":\"https:\\\/\\\/swimchannel.net\\\/br\\\/caribe-e-basseto-fazem-indice-para-o-mundial-de-curta\\\/#primaryimage\"},\"thumbnailUrl\":\"https:\\\/\\\/swimchannel.net\\\/br\\\/wp-content\\\/uploads\\\/2026\\\/05\\\/55287411621_371ff546f9_k.jpg\",\"datePublished\":\"2026-09-02T14:11:39+00:00\",\"breadcrumb\":{\"@id\":\"https:\\\/\\\/swimchannel.net\\\/br\\\/caribe-e-basseto-fazem-indice-para-o-mundial-de-curta\\\/#breadcrumb\"},\"inLanguage\":\"pt-BR\",\"potentialAction\":[{\"@type\":\"ReadAction\",\"target\":[\"https:\\\/\\\/swimchannel.net\\\/br\\\/caribe-e-basseto-fazem-indice-para-o-mundial-de-curta\\\/\"]}]},{\"@type\":\"ImageObject\",\"inLanguage\":\"pt-BR\",\"@id\":\"https:\\\/\\\/swimchannel.net\\\/br\\\/caribe-e-basseto-fazem-indice-para-o-mundial-de-curta\\\/#primaryimage\",\"url\":\"https:\\\/\\\/swimchannel.net\\\/br\\\/wp-content\\\/uploads\\\/2026\\\/05\\\/55287411621_371ff546f9_k.jpg\",\"contentUrl\":\"https:\\\/\\\/swimchannel.net\\\/br\\\/wp-content\\\/uploads\\\/2026\\\/05\\\/55287411621_371ff546f9_k.jpg\",\"width\":945,\"height\":630,\"caption\":\"Guilherme Carib\u00e9 - Foto: Satiro Sodr\u00e9\"},{\"@type\":\"BreadcrumbList\",\"@id\":\"https:\\\/\\\/swimchannel.net\\\/br\\\/caribe-e-basseto-fazem-indice-para-o-mundial-de-curta\\\/#breadcrumb\",\"itemListElement\":[{\"@type\":\"ListItem\",\"position\":1,\"name\":\"Home\",\"item\":\"https:\\\/\\\/swimchannel.net\\\/br\\\/\"},{\"@type\":\"ListItem\",\"position\":2,\"name\":\"Carib\u00e9 e Basseto fazem \u00edndice para o Mundial de curta\"}]},{\"@type\":\"WebSite\",\"@id\":\"https:\\\/\\\/swimchannel.net\\\/br\\\/#website\",\"url\":\"https:\\\/\\\/swimchannel.net\\\/br\\\/\",\"name\":\"Swimchannel\",\"description\":\"Maior portal de nata\u00e7\u00e3o da america latina\",\"publisher\":{\"@id\":\"https:\\\/\\\/swimchannel.net\\\/br\\\/#organization\"},\"potentialAction\":[{\"@type\":\"SearchAction\",\"target\":{\"@type\":\"EntryPoint\",\"urlTemplate\":\"https:\\\/\\\/swimchannel.net\\\/br\\\/?s={search_term_string}\"},\"query-input\":{\"@type\":\"PropertyValueSpecification\",\"valueRequired\":true,\"valueName\":\"search_term_string\"}}],\"inLanguage\":\"pt-BR\"},{\"@type\":\"Organization\",\"@id\":\"https:\\\/\\\/swimchannel.net\\\/br\\\/#organization\",\"name\":\"Swimchannel - Conectando voc\u00ea a Nata\u00e7\u00e3o\",\"url\":\"https:\\\/\\\/swimchannel.net\\\/br\\\/\",\"logo\":{\"@type\":\"ImageObject\",\"inLanguage\":\"pt-BR\",\"@id\":\"https:\\\/\\\/swimchannel.net\\\/br\\\/#\\\/schema\\\/logo\\\/image\\\/\",\"url\":\"https:\\\/\\\/swimchannel.net\\\/br\\\/wp-content\\\/uploads\\\/2026\\\/02\\\/SWIM-CHANNEL.png\",\"contentUrl\":\"https:\\\/\\\/swimchannel.net\\\/br\\\/wp-content\\\/uploads\\\/2026\\\/02\\\/SWIM-CHANNEL.png\",\"width\":1120,\"height\":630,\"caption\":\"Swimchannel - Conectando voc\u00ea a Nata\u00e7\u00e3o\"},\"image\":{\"@id\":\"https:\\\/\\\/swimchannel.net\\\/br\\\/#\\\/schema\\\/logo\\\/image\\\/\"},\"sameAs\":[\"https:\\\/\\\/www.facebook.com\\\/swimchannel\",\"https:\\\/\\\/www.instagram.com\\\/swimchannel\"]},{\"@type\":\"Person\",\"@id\":\"https:\\\/\\\/swimchannel.net\\\/br\\\/#\\\/schema\\\/person\\\/aa2a63bab3275f53749a83276b213c48\",\"name\":\"Guilherme Freitas\",\"image\":{\"@type\":\"ImageObject\",\"inLanguage\":\"pt-BR\",\"@id\":\"https:\\\/\\\/swimchannel.net\\\/br\\\/wp-content\\\/uploads\\\/2025\\\/10\\\/gui22-193x180.png\",\"url\":\"https:\\\/\\\/swimchannel.net\\\/br\\\/wp-content\\\/uploads\\\/2025\\\/10\\\/gui22-193x180.png\",\"contentUrl\":\"https:\\\/\\\/swimchannel.net\\\/br\\\/wp-content\\\/uploads\\\/2025\\\/10\\\/gui22-193x180.png\",\"caption\":\"Guilherme Freitas\"},\"description\":\"Jornalista s\u00eanior da SWIM CHANNEL, ex-correspondente da FINA no Brasil e pesquisador acad\u00eamico.\",\"sameAs\":[\"instagram.com\\\/guifreitas86\"],\"url\":\"https:\\\/\\\/swimchannel.net\\\/br\\\/author\\\/guilherme-freitas\\\/\"}]}<\/script>\n<!-- \/ Yoast SEO plugin. -->","yoast_head_json":{"title":"Carib\u00e9 e Basseto fazem \u00edndice para o Mundial de curta - Swimchannel","robots":{"index":"index","follow":"follow","max-snippet":"max-snippet:-1","max-image-preview":"max-image-preview:large","max-video-preview":"max-video-preview:-1"},"canonical":"https:\/\/swimchannel.net\/br\/caribe-e-basseto-fazem-indice-para-o-mundial-de-curta\/","og_locale":"pt_BR","og_type":"article","og_title":"Carib\u00e9 e Basseto fazem \u00edndice para o Mundial de curta - Swimchannel","og_description":"Manh\u00e3 de dois \u00edndices para o Campeonato Mundial de piscina curta e conquistados por dois Guilhermes. Primeiro com Guilherme Carib\u00e9, que sobrou na prova dos 100m livre sendo o \u00fanico abaixo dos 47 segundos nesta manh\u00e3. Carib\u00e9 marcou 45s96 sendo muito mais veloz que o segundo colocado, Breno Correia com 47s11. A expectativa \u00e9 que [&hellip;]","og_url":"https:\/\/swimchannel.net\/br\/caribe-e-basseto-fazem-indice-para-o-mundial-de-curta\/","og_site_name":"Swimchannel","article_publisher":"https:\/\/www.facebook.com\/swimchannel","article_published_time":"2026-09-02T14:11:39+00:00","og_image":[{"width":945,"height":630,"url":"https:\/\/swimchannel.net\/br\/wp-content\/uploads\/2026\/05\/55287411621_371ff546f9_k.jpg","type":"image\/jpeg"}],"author":"Guilherme Freitas","twitter_card":"summary_large_image","twitter_misc":{"Escrito por":"Guilherme Freitas","Est. tempo de leitura":"3 minutos"},"schema":{"@context":"https:\/\/schema.org","@graph":[{"@type":"Article","@id":"https:\/\/swimchannel.net\/br\/caribe-e-basseto-fazem-indice-para-o-mundial-de-curta\/#article","isPartOf":{"@id":"https:\/\/swimchannel.net\/br\/caribe-e-basseto-fazem-indice-para-o-mundial-de-curta\/"},"author":{"name":"Guilherme Freitas","@id":"https:\/\/swimchannel.net\/br\/#\/schema\/person\/aa2a63bab3275f53749a83276b213c48"},"headline":"Carib\u00e9 e Basseto fazem \u00edndice para o Mundial de curta","datePublished":"2026-09-02T14:11:39+00:00","mainEntityOfPage":{"@id":"https:\/\/swimchannel.net\/br\/caribe-e-basseto-fazem-indice-para-o-mundial-de-curta\/"},"wordCount":364,"commentCount":0,"publisher":{"@id":"https:\/\/swimchannel.net\/br\/#organization"},"image":{"@id":"https:\/\/swimchannel.net\/br\/caribe-e-basseto-fazem-indice-para-o-mundial-de-curta\/#primaryimage"},"thumbnailUrl":"https:\/\/swimchannel.net\/br\/wp-content\/uploads\/2026\/05\/55287411621_371ff546f9_k.jpg","keywords":["Campeonato Mundial de piscina curta","Guilherme Basseto","Guilherme Carib\u00e9","natacao","Trof\u00e9u Jos\u00e9 Finkel"],"articleSection":["Trof\u00e9u Jos\u00e9 Finkel"],"inLanguage":"pt-BR","potentialAction":[{"@type":"CommentAction","name":"Comment","target":["https:\/\/swimchannel.net\/br\/caribe-e-basseto-fazem-indice-para-o-mundial-de-curta\/#respond"]}]},{"@type":"WebPage","@id":"https:\/\/swimchannel.net\/br\/caribe-e-basseto-fazem-indice-para-o-mundial-de-curta\/","url":"https:\/\/swimchannel.net\/br\/caribe-e-basseto-fazem-indice-para-o-mundial-de-curta\/","name":"Carib\u00e9 e Basseto fazem \u00edndice para o Mundial de curta - Swimchannel","isPartOf":{"@id":"https:\/\/swimchannel.net\/br\/#website"},"primaryImageOfPage":{"@id":"https:\/\/swimchannel.net\/br\/caribe-e-basseto-fazem-indice-para-o-mundial-de-curta\/#primaryimage"},"image":{"@id":"https:\/\/swimchannel.net\/br\/caribe-e-basseto-fazem-indice-para-o-mundial-de-curta\/#primaryimage"},"thumbnailUrl":"https:\/\/swimchannel.net\/br\/wp-content\/uploads\/2026\/05\/55287411621_371ff546f9_k.jpg","datePublished":"2026-09-02T14:11:39+00:00","breadcrumb":{"@id":"https:\/\/swimchannel.net\/br\/caribe-e-basseto-fazem-indice-para-o-mundial-de-curta\/#breadcrumb"},"inLanguage":"pt-BR","potentialAction":[{"@type":"ReadAction","target":["https:\/\/swimchannel.net\/br\/caribe-e-basseto-fazem-indice-para-o-mundial-de-curta\/"]}]},{"@type":"ImageObject","inLanguage":"pt-BR","@id":"https:\/\/swimchannel.net\/br\/caribe-e-basseto-fazem-indice-para-o-mundial-de-curta\/#primaryimage","url":"https:\/\/swimchannel.net\/br\/wp-content\/uploads\/2026\/05\/55287411621_371ff546f9_k.jpg","contentUrl":"https:\/\/swimchannel.net\/br\/wp-content\/uploads\/2026\/05\/55287411621_371ff546f9_k.jpg","width":945,"height":630,"caption":"Guilherme Carib\u00e9 - Foto: Satiro Sodr\u00e9"},{"@type":"BreadcrumbList","@id":"https:\/\/swimchannel.net\/br\/caribe-e-basseto-fazem-indice-para-o-mundial-de-curta\/#breadcrumb","itemListElement":[{"@type":"ListItem","position":1,"name":"Home","item":"https:\/\/swimchannel.net\/br\/"},{"@type":"ListItem","position":2,"name":"Carib\u00e9 e Basseto fazem \u00edndice para o Mundial de curta"}]},{"@type":"WebSite","@id":"https:\/\/swimchannel.net\/br\/#website","url":"https:\/\/swimchannel.net\/br\/","name":"Swimchannel","description":"Maior portal de nata\u00e7\u00e3o da america latina","publisher":{"@id":"https:\/\/swimchannel.net\/br\/#organization"},"potentialAction":[{"@type":"SearchAction","target":{"@type":"EntryPoint","urlTemplate":"https:\/\/swimchannel.net\/br\/?s={search_term_string}"},"query-input":{"@type":"PropertyValueSpecification","valueRequired":true,"valueName":"search_term_string"}}],"inLanguage":"pt-BR"},{"@type":"Organization","@id":"https:\/\/swimchannel.net\/br\/#organization","name":"Swimchannel - Conectando voc\u00ea a Nata\u00e7\u00e3o","url":"https:\/\/swimchannel.net\/br\/","logo":{"@type":"ImageObject","inLanguage":"pt-BR","@id":"https:\/\/swimchannel.net\/br\/#\/schema\/logo\/image\/","url":"https:\/\/swimchannel.net\/br\/wp-content\/uploads\/2026\/02\/SWIM-CHANNEL.png","contentUrl":"https:\/\/swimchannel.net\/br\/wp-content\/uploads\/2026\/02\/SWIM-CHANNEL.png","width":1120,"height":630,"caption":"Swimchannel - Conectando voc\u00ea a Nata\u00e7\u00e3o"},"image":{"@id":"https:\/\/swimchannel.net\/br\/#\/schema\/logo\/image\/"},"sameAs":["https:\/\/www.facebook.com\/swimchannel","https:\/\/www.instagram.com\/swimchannel"]},{"@type":"Person","@id":"https:\/\/swimchannel.net\/br\/#\/schema\/person\/aa2a63bab3275f53749a83276b213c48","name":"Guilherme Freitas","image":{"@type":"ImageObject","inLanguage":"pt-BR","@id":"https:\/\/swimchannel.net\/br\/wp-content\/uploads\/2025\/10\/gui22-193x180.png","url":"https:\/\/swimchannel.net\/br\/wp-content\/uploads\/2025\/10\/gui22-193x180.png","contentUrl":"https:\/\/swimchannel.net\/br\/wp-content\/uploads\/2025\/10\/gui22-193x180.png","caption":"Guilherme Freitas"},"description":"Jornalista s\u00eanior da SWIM CHANNEL, ex-correspondente da FINA no Brasil e pesquisador acad\u00eamico.","sameAs":["instagram.com\/guifreitas86"],"url":"https:\/\/swimchannel.net\/br\/author\/guilherme-freitas\/"}]}},"_links":{"self":[{"href":"https:\/\/swimchannel.net\/br\/wp-json\/wp\/v2\/posts\/84314","targetHints":{"allow":["GET"]}}],"collection":[{"href":"https:\/\/swimchannel.net\/br\/wp-json\/wp\/v2\/posts"}],"about":[{"href":"https:\/\/swimchannel.net\/br\/wp-json\/wp\/v2\/types\/post"}],"author":[{"embeddable":true,"href":"https:\/\/swimchannel.net\/br\/wp-json\/wp\/v2\/users\/3"}],"replies":[{"embeddable":true,"href":"https:\/\/swimchannel.net\/br\/wp-json\/wp\/v2\/comments?post=84314"}],"version-history":[{"count":3,"href":"https:\/\/swimchannel.net\/br\/wp-json\/wp\/v2\/posts\/84314\/revisions"}],"predecessor-version":[{"id":84324,"href":"https:\/\/swimchannel.net\/br\/wp-json\/wp\/v2\/posts\/84314\/revisions\/84324"}],"wp:featuredmedia":[{"embeddable":true,"href":"https:\/\/swimchannel.net\/br\/wp-json\/wp\/v2\/media\/82481"}],"wp:attachment":[{"href":"https:\/\/swimchannel.net\/br\/wp-json\/wp\/v2\/media?parent=84314"}],"wp:term":[{"taxonomy":"category","embeddable":true,"href":"https:\/\/swimchannel.net\/br\/wp-json\/wp\/v2\/categories?post=84314"},{"taxonomy":"post_tag","embeddable":true,"href":"https:\/\/swimchannel.net\/br\/wp-json\/wp\/v2\/tags?post=84314"}],"curies":[{"name":"wp","href":"https:\/\/api.w.org\/{rel}","templated":true}]}}