{"id":84325,"date":"2026-09-02T19:37:15","date_gmt":"2026-09-02T22:37:15","guid":{"rendered":"https:\/\/swimchannel.net\/br\/?p=84325"},"modified":"2026-09-02T20:07:49","modified_gmt":"2026-09-02T23:07:49","slug":"3o-dia-do-finkel-termina-com-mais-sete-indices-para-o-mundial-de-curta","status":"publish","type":"post","link":"https:\/\/swimchannel.net\/br\/3o-dia-do-finkel-termina-com-mais-sete-indices-para-o-mundial-de-curta\/","title":{"rendered":"3\u00ba dia do Finkel termina com mais sete \u00edndices para o Mundial de curta"},"content":{"rendered":"<p>Uma noite de muitas boas provas e uma chuva de \u00edndices. Ao todo foram sete nadadores atingindo marcas para o Mundial de curta de Pequim: Guilherme Carib\u00e9 nos 100m livre, Pedro Buch nos 200m borboleta, Guilherme Basseto nos 50m costas, Maria Fernanda Costa e Let\u00edcia Rom\u00e3o nos 800m livre, Guilherme Kanzler e Eduardo Moraes nos 1500m livre. Al\u00e9m deles tivemos tamb\u00e9m Buch batendo o recorde de campeonato, Manuela Astori vencendo sua segunda prova no Finkel e Etiene Medeiros de volta ao topo do p\u00f3dio. Veja abaixo um resumo da etapa.<\/p>\n<p>&nbsp;<\/p>\n<figure id=\"attachment_84329\" aria-describedby=\"caption-attachment-84329\" style=\"width: 1053px\" class=\"wp-caption alignnone\"><img loading=\"lazy\" decoding=\"async\" class=\"size-full wp-image-84329\" src=\"https:\/\/swimchannel.net\/br\/wp-content\/uploads\/2026\/09\/55504463254_1f9c7de030_k.jpg\" alt=\"\" width=\"1053\" height=\"630\" srcset=\"https:\/\/swimchannel.net\/br\/wp-content\/uploads\/2026\/09\/55504463254_1f9c7de030_k.jpg 1053w, https:\/\/swimchannel.net\/br\/wp-content\/uploads\/2026\/09\/55504463254_1f9c7de030_k-301x180.jpg 301w, https:\/\/swimchannel.net\/br\/wp-content\/uploads\/2026\/09\/55504463254_1f9c7de030_k-768x459.jpg 768w, https:\/\/swimchannel.net\/br\/wp-content\/uploads\/2026\/09\/55504463254_1f9c7de030_k-750x449.jpg 750w\" sizes=\"auto, (max-width: 1053px) 100vw, 1053px\" \/><figcaption id=\"caption-attachment-84329\" class=\"wp-caption-text\">Stephanie Balduccini &#8211; Foto: Satiro Sodr\u00e9<\/figcaption><\/figure>\n<p><strong>100m livre feminino<\/strong><br \/>\nVit\u00f3ria emocionante de Stephanie Balduccini, conseguindo recuperar a lideran\u00e7a nos metros finais e vencer Giulia Carvalho na batida de m\u00e3o. Balduccini venceu com 53s11, ficando muito pr\u00f3xima do \u00edndice para o Mundial de curta. Giulia ficou com a prata com 53s17. O p\u00f3dio foi completado por Beatriz Bezerra que terminou em terceeiro lugar com 53s55.<\/p>\n<p>&nbsp;<\/p>\n<figure id=\"attachment_84330\" aria-describedby=\"caption-attachment-84330\" style=\"width: 1053px\" class=\"wp-caption alignnone\"><img loading=\"lazy\" decoding=\"async\" class=\"size-full wp-image-84330\" src=\"https:\/\/swimchannel.net\/br\/wp-content\/uploads\/2026\/09\/55504304546_c22ccfe1d5_k.jpg\" alt=\"\" width=\"1053\" height=\"630\" srcset=\"https:\/\/swimchannel.net\/br\/wp-content\/uploads\/2026\/09\/55504304546_c22ccfe1d5_k.jpg 1053w, https:\/\/swimchannel.net\/br\/wp-content\/uploads\/2026\/09\/55504304546_c22ccfe1d5_k-301x180.jpg 301w, https:\/\/swimchannel.net\/br\/wp-content\/uploads\/2026\/09\/55504304546_c22ccfe1d5_k-768x459.jpg 768w, https:\/\/swimchannel.net\/br\/wp-content\/uploads\/2026\/09\/55504304546_c22ccfe1d5_k-750x449.jpg 750w\" sizes=\"auto, (max-width: 1053px) 100vw, 1053px\" \/><figcaption id=\"caption-attachment-84330\" class=\"wp-caption-text\">Guilherme Carib\u00e9 &#8211; Foto: Satiro Sodr\u00e9<\/figcaption><\/figure>\n<p><strong>100m livre masculino<\/strong><br \/>\nGuilherme Carib\u00e9 liderou de ponta a ponta e venceu os esperados 100m livre, com novo recorde de campeonato: 45s61, apenas seis cent\u00e9simos acima da sua marca sul-americana. O nadador, que venceu a primeira medalha de ouro absoluta para o Recreio da Juventude, n\u00e3o deu chance a concorr\u00eancia. Kaique Alves ficou com a prata ao nadar para 46s92 e o bronze foi para Pedro Sansone com 47s00.<\/p>\n<p>&nbsp;<\/p>\n<figure id=\"attachment_84326\" aria-describedby=\"caption-attachment-84326\" style=\"width: 1053px\" class=\"wp-caption alignnone\"><img loading=\"lazy\" decoding=\"async\" class=\"size-full wp-image-84326\" src=\"https:\/\/swimchannel.net\/br\/wp-content\/uploads\/2026\/09\/55503305237_3a6128fb2e_k.jpg\" alt=\"\" width=\"1053\" height=\"630\" srcset=\"https:\/\/swimchannel.net\/br\/wp-content\/uploads\/2026\/09\/55503305237_3a6128fb2e_k.jpg 1053w, https:\/\/swimchannel.net\/br\/wp-content\/uploads\/2026\/09\/55503305237_3a6128fb2e_k-301x180.jpg 301w, https:\/\/swimchannel.net\/br\/wp-content\/uploads\/2026\/09\/55503305237_3a6128fb2e_k-768x459.jpg 768w, https:\/\/swimchannel.net\/br\/wp-content\/uploads\/2026\/09\/55503305237_3a6128fb2e_k-750x449.jpg 750w\" sizes=\"auto, (max-width: 1053px) 100vw, 1053px\" \/><figcaption id=\"caption-attachment-84326\" class=\"wp-caption-text\">Manuela Astori &#8211; Foto: Satiro Sodr\u00e9<\/figcaption><\/figure>\n<p><strong>200m borboleta feminino<\/strong><br \/>\nFinal de prova eletrizante com vit\u00f3ria de Manuela Astori, ap\u00f3s um fort\u00edssimo sprint nos \u00faltimos metros para superar Joice Rocha que liderou boa parte da prova. Manuela, que conquistou neste Finkel seus primeiros ouros em competi\u00e7\u00e3o absoluta, venceu com 2min10s62. Joice levou a prata com 2min10s91 e o bronze foi para Ana Julia Amaral com 2min12s51, um p\u00f3dio da nova gera\u00e7\u00e3o.<\/p>\n<p>&nbsp;<\/p>\n<figure id=\"attachment_84253\" aria-describedby=\"caption-attachment-84253\" style=\"width: 1056px\" class=\"wp-caption alignnone\"><img loading=\"lazy\" decoding=\"async\" class=\"size-full wp-image-84253\" src=\"https:\/\/swimchannel.net\/br\/wp-content\/uploads\/2026\/08\/55499138422_7bc958fcae_k.jpg\" alt=\"\" width=\"1056\" height=\"630\" srcset=\"https:\/\/swimchannel.net\/br\/wp-content\/uploads\/2026\/08\/55499138422_7bc958fcae_k.jpg 1056w, https:\/\/swimchannel.net\/br\/wp-content\/uploads\/2026\/08\/55499138422_7bc958fcae_k-302x180.jpg 302w, https:\/\/swimchannel.net\/br\/wp-content\/uploads\/2026\/08\/55499138422_7bc958fcae_k-768x458.jpg 768w, https:\/\/swimchannel.net\/br\/wp-content\/uploads\/2026\/08\/55499138422_7bc958fcae_k-750x447.jpg 750w\" sizes=\"auto, (max-width: 1056px) 100vw, 1056px\" \/><figcaption id=\"caption-attachment-84253\" class=\"wp-caption-text\">Pedro Buch &#8211; Foto: Satiro Sodr\u00e9<\/figcaption><\/figure>\n<p><strong>200m borboleta masculino<\/strong><br \/>\nSegundo \u00edndice do dia com Pedro Buch, que vem fazendo uma grande competi\u00e7\u00e3o neste Finkel. O nadador do Minas ficou pr\u00f3ximo do recorde de campeonato ao longo do percurso, mas terminou com o \u00edndice para o Mundial de curta ao nadar para 1min51s18. Em segundo lugar chegou o venezuelano Manuel Bencomo, com tempo total de 1min53s94. Em terceiro veio Luiz Altamir com 1min55s18.<\/p>\n<p>&nbsp;<\/p>\n<figure id=\"attachment_84340\" aria-describedby=\"caption-attachment-84340\" style=\"width: 945px\" class=\"wp-caption alignnone\"><img loading=\"lazy\" decoding=\"async\" class=\"size-full wp-image-84340\" src=\"https:\/\/swimchannel.net\/br\/wp-content\/uploads\/2026\/09\/470090_1218469_igo_8796.jpg.jpeg\" alt=\"\" width=\"945\" height=\"630\" srcset=\"https:\/\/swimchannel.net\/br\/wp-content\/uploads\/2026\/09\/470090_1218469_igo_8796.jpg.jpeg 945w, https:\/\/swimchannel.net\/br\/wp-content\/uploads\/2026\/09\/470090_1218469_igo_8796.jpg-270x180.jpeg 270w, https:\/\/swimchannel.net\/br\/wp-content\/uploads\/2026\/09\/470090_1218469_igo_8796.jpg-768x512.jpeg 768w, https:\/\/swimchannel.net\/br\/wp-content\/uploads\/2026\/09\/470090_1218469_igo_8796.jpg-750x500.jpeg 750w\" sizes=\"auto, (max-width: 945px) 100vw, 945px\" \/><figcaption id=\"caption-attachment-84340\" class=\"wp-caption-text\">Etiene Medeiros &#8211; Foto: Igo Bione<\/figcaption><\/figure>\n<p><strong>50m costas feminino<\/strong><br \/>\nEtiene Medeiros est\u00e1 de volta ao topo do p\u00f3dio. Campe\u00e3 e recordista mundial nesta prova, a nadadora que voltou as piscinas em busca de uma vaga ol\u00edmpica para Los Angeles-2028 venceu ap\u00f3s um duelo muito acirrado contra sua companheira de clube Julia Goes. Etiene venceu com 26s92 contra 26s94 de Julia, em uma dobradinha do SESI-SP. Bronze para Thacyane Lima com 27s25.<\/p>\n<p>&nbsp;<\/p>\n<figure id=\"attachment_84332\" aria-describedby=\"caption-attachment-84332\" style=\"width: 1056px\" class=\"wp-caption alignnone\"><img loading=\"lazy\" decoding=\"async\" class=\"size-full wp-image-84332\" src=\"https:\/\/swimchannel.net\/br\/wp-content\/uploads\/2026\/09\/55504683680_f940704e90_k.jpg\" alt=\"\" width=\"1056\" height=\"630\" srcset=\"https:\/\/swimchannel.net\/br\/wp-content\/uploads\/2026\/09\/55504683680_f940704e90_k.jpg 1056w, https:\/\/swimchannel.net\/br\/wp-content\/uploads\/2026\/09\/55504683680_f940704e90_k-302x180.jpg 302w, https:\/\/swimchannel.net\/br\/wp-content\/uploads\/2026\/09\/55504683680_f940704e90_k-768x458.jpg 768w, https:\/\/swimchannel.net\/br\/wp-content\/uploads\/2026\/09\/55504683680_f940704e90_k-750x447.jpg 750w\" sizes=\"auto, (max-width: 1056px) 100vw, 1056px\" \/><figcaption id=\"caption-attachment-84332\" class=\"wp-caption-text\">Guilherme Basseto &#8211; Foto: Satiro Sodr\u00e9<\/figcaption><\/figure>\n<p><strong>50m costas masculino<\/strong><br \/>\nGuilherme Basseto confirmou seu indice para o Mundial de piscina curta ao vencer com autoridade os 50m costas. Ap\u00f3s conseguir a marca exigida pela manh\u00e3, ele voltou \u00e0s piscinas para encarar a final e foi apenas oito cent\u00e9simos mais lento. Com 23s24 confirmou o \u00edndice para Pequim. Prata para o jovem Caio Carvalho com 23s50 e bronze para o espanhol\/brasileiro Hugo Gonz\u00e1lez com 23s53.<\/p>\n<p>&nbsp;<\/p>\n<figure id=\"attachment_84334\" aria-describedby=\"caption-attachment-84334\" style=\"width: 1055px\" class=\"wp-caption alignnone\"><img loading=\"lazy\" decoding=\"async\" class=\"size-full wp-image-84334\" src=\"https:\/\/swimchannel.net\/br\/wp-content\/uploads\/2026\/09\/55500098727_4089afb92b_k.jpg\" alt=\"\" width=\"1055\" height=\"630\" srcset=\"https:\/\/swimchannel.net\/br\/wp-content\/uploads\/2026\/09\/55500098727_4089afb92b_k.jpg 1055w, https:\/\/swimchannel.net\/br\/wp-content\/uploads\/2026\/09\/55500098727_4089afb92b_k-301x180.jpg 301w, https:\/\/swimchannel.net\/br\/wp-content\/uploads\/2026\/09\/55500098727_4089afb92b_k-768x459.jpg 768w, https:\/\/swimchannel.net\/br\/wp-content\/uploads\/2026\/09\/55500098727_4089afb92b_k-750x448.jpg 750w\" sizes=\"auto, (max-width: 1055px) 100vw, 1055px\" \/><figcaption id=\"caption-attachment-84334\" class=\"wp-caption-text\">Maria Fernanda Costa &#8211; Foto: Satiro Sodr\u00e9<\/figcaption><\/figure>\n<p><strong>800m livre feminino<\/strong><br \/>\nMais dois \u00edndices para o Campeonato Mundial na \u00faltima prova individual feminina do dia. Maria Fernanda Costa, que pela manh\u00e3 havia feito 8min21s19, conquistou o t\u00edtulo nacional na prova e obteve marca para o Mundial. Na prova desta noite, foi a vez de Let\u00edcia Rom\u00e3o marcar 8min25s68 e obter tamb\u00e9m \u00edndice para Pequim. O bronze ficou com Beatriz Dizotti que nadou para 8min31s34.<\/p>\n<p>&nbsp;<\/p>\n<figure id=\"attachment_84337\" aria-describedby=\"caption-attachment-84337\" style=\"width: 691px\" class=\"wp-caption alignnone\"><img loading=\"lazy\" decoding=\"async\" class=\"size-full wp-image-84337\" src=\"https:\/\/swimchannel.net\/br\/wp-content\/uploads\/2026\/09\/kanzler.jpg\" alt=\"\" width=\"691\" height=\"630\" srcset=\"https:\/\/swimchannel.net\/br\/wp-content\/uploads\/2026\/09\/kanzler.jpg 691w, https:\/\/swimchannel.net\/br\/wp-content\/uploads\/2026\/09\/kanzler-197x180.jpg 197w\" sizes=\"auto, (max-width: 691px) 100vw, 691px\" \/><figcaption id=\"caption-attachment-84337\" class=\"wp-caption-text\">Guilherme Kanzler &#8211; Foto: Satiro Sodr\u00e9<\/figcaption><\/figure>\n<p><strong>1500m livre feminino<\/strong><br \/>\nMais dois \u00edndices para o Campeonato Mundial em uma prova de alto n\u00edvel. Guilherme Kanzler venceu a prova e obteve \u00edndice para seu primeiro Mundial com o tempo de 14min41s62. Seu companheiro de Minas TC, Eduardo Moraes tamb\u00e9m conseguiu \u00edndice para a prova, terminando em segundo lugar com 14min46s37. Arthur Mello, o Saradinho, ficou com a medalha de bronze ao nadar pela manh\u00e3 com 14min50s27.<\/p>\n<p>&nbsp;<\/p>\n<p><strong>4x50m medley misto<\/strong><br \/>\nFechando o terceiro dia de finais, vit\u00f3ria do Pinheiros com o time formado por Caio Carvalho, Caio Pumputis, Clarissa Rodrigues e Beatriz Bezerra com 1min39s15. Medalha de prata para o Minas TC com 1min39s74 e bronze para a Unisanta com 1min40s36.<\/p>\n<p>&nbsp;<\/p>\n<p>Confira aqui os resultados completos da primeira etapa do Finkel:\u00a0<a href=\"https:\/\/www.cbda.org.br\/evento\/natacao\/v1_VnBMjXlzMR4rz0OG9R12asFllkWM-C_Fua6ceqI9QUk.PDEzyfAn_26kfHs2pYLOKmjxhIvZXC5FqE_Rs8z6ayc\/campeonato-brasileiro-de-natacao-jose-finkel?tab=informacoes\" target=\"_blank\" rel=\"noopener\">https:\/\/www.cbda.org.br\/evento\/natacao\/v1_VnBMjXlzMR4rz0OG9R12asFllkWM-C_Fua6ceqI9QUk.PDEzyfAn_26kfHs2pYLOKmjxhIvZXC5FqE_Rs8z6ayc\/campeonato-brasileiro-de-natacao-jose-finkel?tab=informacoes<\/a><\/p>\n<p>&nbsp;<\/p>\n<p>Gostaria de receber as not\u00edcias de nata\u00e7\u00e3o e \u00e1guas abertas no seu email?<\/p>\n<p><a href=\"https:\/\/lpa.nitro.news\/n-GNe\/ultimas-noticias-swim-channel\">Cadastre-se aqui<\/a><\/p>\n","protected":false},"excerpt":{"rendered":"<p>Uma noite de muitas boas provas e uma chuva de \u00edndices. Ao todo foram sete nadadores atingindo marcas para o Mundial de curta de Pequim: Guilherme Carib\u00e9 nos 100m livre, Pedro Buch nos 200m borboleta, Guilherme Basseto nos 50m costas, Maria Fernanda Costa e Let\u00edcia Rom\u00e3o nos 800m livre, Guilherme Kanzler e Eduardo Moraes nos [&hellip;]<\/p>\n","protected":false},"author":3,"featured_media":75279,"comment_status":"open","ping_status":"open","sticky":false,"template":"","format":"standard","meta":{"footnotes":""},"categories":[241],"tags":[4687,40,5130,6263,6078,6258,5325,5,7160,2453,130],"class_list":["post-84325","post","type-post","status-publish","format-standard","has-post-thumbnail","hentry","category-trofeu-jose-finkel","tag-eduardo-moraes","tag-etiene-medeiros","tag-guilherme-caribe","tag-guilherme-kanzler","tag-leticia-romao","tag-manuela-astori","tag-maria-fernanda-costa","tag-natacao","tag-pedro-buch","tag-stephanie-balduccini","tag-trofeu-jose-finkel"],"yoast_head":"<!-- This site is optimized with the Yoast SEO plugin v28.3 - https:\/\/yoast.com\/product\/yoast-seo-wordpress\/ -->\n<title>3\u00ba dia do Finkel termina com mais sete \u00edndices para o Mundial de curta - Swimchannel<\/title>\n<meta name=\"robots\" content=\"index, follow, max-snippet:-1, max-image-preview:large, max-video-preview:-1\" \/>\n<link rel=\"canonical\" href=\"https:\/\/swimchannel.net\/br\/3o-dia-do-finkel-termina-com-mais-sete-indices-para-o-mundial-de-curta\/\" \/>\n<meta property=\"og:locale\" content=\"pt_BR\" \/>\n<meta property=\"og:type\" content=\"article\" \/>\n<meta property=\"og:title\" content=\"3\u00ba dia do Finkel termina com mais sete \u00edndices para o Mundial de curta - Swimchannel\" \/>\n<meta property=\"og:description\" content=\"Uma noite de muitas boas provas e uma chuva de \u00edndices. Ao todo foram sete nadadores atingindo marcas para o Mundial de curta de Pequim: Guilherme Carib\u00e9 nos 100m livre, Pedro Buch nos 200m borboleta, Guilherme Basseto nos 50m costas, Maria Fernanda Costa e Let\u00edcia Rom\u00e3o nos 800m livre, Guilherme Kanzler e Eduardo Moraes nos [&hellip;]\" \/>\n<meta property=\"og:url\" content=\"https:\/\/swimchannel.net\/br\/3o-dia-do-finkel-termina-com-mais-sete-indices-para-o-mundial-de-curta\/\" \/>\n<meta property=\"og:site_name\" content=\"Swimchannel\" \/>\n<meta property=\"article:publisher\" content=\"https:\/\/www.facebook.com\/swimchannel\" \/>\n<meta property=\"article:published_time\" content=\"2026-09-02T22:37:15+00:00\" \/>\n<meta property=\"article:modified_time\" content=\"2026-09-02T23:07:49+00:00\" \/>\n<meta property=\"og:image\" content=\"https:\/\/swimchannel.net\/br\/wp-content\/uploads\/2025\/07\/54688297103_ab7beff0b8_k.jpg\" \/>\n\t<meta property=\"og:image:width\" content=\"2048\" \/>\n\t<meta property=\"og:image:height\" content=\"1365\" \/>\n\t<meta property=\"og:image:type\" content=\"image\/jpeg\" \/>\n<meta name=\"author\" content=\"Guilherme Freitas\" \/>\n<meta name=\"twitter:card\" content=\"summary_large_image\" \/>\n<meta name=\"twitter:label1\" content=\"Escrito por\" \/>\n\t<meta name=\"twitter:data1\" content=\"Guilherme Freitas\" \/>\n\t<meta name=\"twitter:label2\" content=\"Est. tempo de leitura\" \/>\n\t<meta name=\"twitter:data2\" content=\"6 minutos\" \/>\n<script type=\"application\/ld+json\" class=\"yoast-schema-graph\">{\"@context\":\"https:\\\/\\\/schema.org\",\"@graph\":[{\"@type\":\"Article\",\"@id\":\"https:\\\/\\\/swimchannel.net\\\/br\\\/3o-dia-do-finkel-termina-com-mais-sete-indices-para-o-mundial-de-curta\\\/#article\",\"isPartOf\":{\"@id\":\"https:\\\/\\\/swimchannel.net\\\/br\\\/3o-dia-do-finkel-termina-com-mais-sete-indices-para-o-mundial-de-curta\\\/\"},\"author\":{\"name\":\"Guilherme Freitas\",\"@id\":\"https:\\\/\\\/swimchannel.net\\\/br\\\/#\\\/schema\\\/person\\\/aa2a63bab3275f53749a83276b213c48\"},\"headline\":\"3\u00ba dia do Finkel termina com mais sete \u00edndices para o Mundial de curta\",\"datePublished\":\"2026-09-02T22:37:15+00:00\",\"dateModified\":\"2026-09-02T23:07:49+00:00\",\"mainEntityOfPage\":{\"@id\":\"https:\\\/\\\/swimchannel.net\\\/br\\\/3o-dia-do-finkel-termina-com-mais-sete-indices-para-o-mundial-de-curta\\\/\"},\"wordCount\":890,\"commentCount\":0,\"publisher\":{\"@id\":\"https:\\\/\\\/swimchannel.net\\\/br\\\/#organization\"},\"image\":{\"@id\":\"https:\\\/\\\/swimchannel.net\\\/br\\\/3o-dia-do-finkel-termina-com-mais-sete-indices-para-o-mundial-de-curta\\\/#primaryimage\"},\"thumbnailUrl\":\"https:\\\/\\\/swimchannel.net\\\/br\\\/wp-content\\\/uploads\\\/2025\\\/07\\\/54688297103_ab7beff0b8_k.jpg\",\"keywords\":[\"Eduardo Moraes\",\"Etiene Medeiros\",\"Guilherme Carib\u00e9\",\"Guilherme Kanzler\",\"Leticia Rom\u00e3o\",\"Manuela Astori\",\"Maria Fernanda Costa\",\"natacao\",\"Pedro Buch\",\"Stephanie Balduccini\",\"Trof\u00e9u Jos\u00e9 Finkel\"],\"articleSection\":[\"Trof\u00e9u Jos\u00e9 Finkel\"],\"inLanguage\":\"pt-BR\",\"potentialAction\":[{\"@type\":\"CommentAction\",\"name\":\"Comment\",\"target\":[\"https:\\\/\\\/swimchannel.net\\\/br\\\/3o-dia-do-finkel-termina-com-mais-sete-indices-para-o-mundial-de-curta\\\/#respond\"]}]},{\"@type\":\"WebPage\",\"@id\":\"https:\\\/\\\/swimchannel.net\\\/br\\\/3o-dia-do-finkel-termina-com-mais-sete-indices-para-o-mundial-de-curta\\\/\",\"url\":\"https:\\\/\\\/swimchannel.net\\\/br\\\/3o-dia-do-finkel-termina-com-mais-sete-indices-para-o-mundial-de-curta\\\/\",\"name\":\"3\u00ba dia do Finkel termina com mais sete \u00edndices para o Mundial de curta - Swimchannel\",\"isPartOf\":{\"@id\":\"https:\\\/\\\/swimchannel.net\\\/br\\\/#website\"},\"primaryImageOfPage\":{\"@id\":\"https:\\\/\\\/swimchannel.net\\\/br\\\/3o-dia-do-finkel-termina-com-mais-sete-indices-para-o-mundial-de-curta\\\/#primaryimage\"},\"image\":{\"@id\":\"https:\\\/\\\/swimchannel.net\\\/br\\\/3o-dia-do-finkel-termina-com-mais-sete-indices-para-o-mundial-de-curta\\\/#primaryimage\"},\"thumbnailUrl\":\"https:\\\/\\\/swimchannel.net\\\/br\\\/wp-content\\\/uploads\\\/2025\\\/07\\\/54688297103_ab7beff0b8_k.jpg\",\"datePublished\":\"2026-09-02T22:37:15+00:00\",\"dateModified\":\"2026-09-02T23:07:49+00:00\",\"breadcrumb\":{\"@id\":\"https:\\\/\\\/swimchannel.net\\\/br\\\/3o-dia-do-finkel-termina-com-mais-sete-indices-para-o-mundial-de-curta\\\/#breadcrumb\"},\"inLanguage\":\"pt-BR\",\"potentialAction\":[{\"@type\":\"ReadAction\",\"target\":[\"https:\\\/\\\/swimchannel.net\\\/br\\\/3o-dia-do-finkel-termina-com-mais-sete-indices-para-o-mundial-de-curta\\\/\"]}]},{\"@type\":\"ImageObject\",\"inLanguage\":\"pt-BR\",\"@id\":\"https:\\\/\\\/swimchannel.net\\\/br\\\/3o-dia-do-finkel-termina-com-mais-sete-indices-para-o-mundial-de-curta\\\/#primaryimage\",\"url\":\"https:\\\/\\\/swimchannel.net\\\/br\\\/wp-content\\\/uploads\\\/2025\\\/07\\\/54688297103_ab7beff0b8_k.jpg\",\"contentUrl\":\"https:\\\/\\\/swimchannel.net\\\/br\\\/wp-content\\\/uploads\\\/2025\\\/07\\\/54688297103_ab7beff0b8_k.jpg\",\"width\":2048,\"height\":1365,\"caption\":\"Guilherme Carib\u00e9 - Foto: Satiro Sodr\u00e9\"},{\"@type\":\"BreadcrumbList\",\"@id\":\"https:\\\/\\\/swimchannel.net\\\/br\\\/3o-dia-do-finkel-termina-com-mais-sete-indices-para-o-mundial-de-curta\\\/#breadcrumb\",\"itemListElement\":[{\"@type\":\"ListItem\",\"position\":1,\"name\":\"Home\",\"item\":\"https:\\\/\\\/swimchannel.net\\\/br\\\/\"},{\"@type\":\"ListItem\",\"position\":2,\"name\":\"3\u00ba dia do Finkel termina com mais sete \u00edndices para o Mundial de curta\"}]},{\"@type\":\"WebSite\",\"@id\":\"https:\\\/\\\/swimchannel.net\\\/br\\\/#website\",\"url\":\"https:\\\/\\\/swimchannel.net\\\/br\\\/\",\"name\":\"Swimchannel\",\"description\":\"Maior portal de nata\u00e7\u00e3o da america latina\",\"publisher\":{\"@id\":\"https:\\\/\\\/swimchannel.net\\\/br\\\/#organization\"},\"potentialAction\":[{\"@type\":\"SearchAction\",\"target\":{\"@type\":\"EntryPoint\",\"urlTemplate\":\"https:\\\/\\\/swimchannel.net\\\/br\\\/?s={search_term_string}\"},\"query-input\":{\"@type\":\"PropertyValueSpecification\",\"valueRequired\":true,\"valueName\":\"search_term_string\"}}],\"inLanguage\":\"pt-BR\"},{\"@type\":\"Organization\",\"@id\":\"https:\\\/\\\/swimchannel.net\\\/br\\\/#organization\",\"name\":\"Swimchannel - Conectando voc\u00ea a Nata\u00e7\u00e3o\",\"url\":\"https:\\\/\\\/swimchannel.net\\\/br\\\/\",\"logo\":{\"@type\":\"ImageObject\",\"inLanguage\":\"pt-BR\",\"@id\":\"https:\\\/\\\/swimchannel.net\\\/br\\\/#\\\/schema\\\/logo\\\/image\\\/\",\"url\":\"https:\\\/\\\/swimchannel.net\\\/br\\\/wp-content\\\/uploads\\\/2026\\\/02\\\/SWIM-CHANNEL.png\",\"contentUrl\":\"https:\\\/\\\/swimchannel.net\\\/br\\\/wp-content\\\/uploads\\\/2026\\\/02\\\/SWIM-CHANNEL.png\",\"width\":1120,\"height\":630,\"caption\":\"Swimchannel - Conectando voc\u00ea a Nata\u00e7\u00e3o\"},\"image\":{\"@id\":\"https:\\\/\\\/swimchannel.net\\\/br\\\/#\\\/schema\\\/logo\\\/image\\\/\"},\"sameAs\":[\"https:\\\/\\\/www.facebook.com\\\/swimchannel\",\"https:\\\/\\\/www.instagram.com\\\/swimchannel\"]},{\"@type\":\"Person\",\"@id\":\"https:\\\/\\\/swimchannel.net\\\/br\\\/#\\\/schema\\\/person\\\/aa2a63bab3275f53749a83276b213c48\",\"name\":\"Guilherme Freitas\",\"image\":{\"@type\":\"ImageObject\",\"inLanguage\":\"pt-BR\",\"@id\":\"https:\\\/\\\/swimchannel.net\\\/br\\\/wp-content\\\/uploads\\\/2025\\\/10\\\/gui22-193x180.png\",\"url\":\"https:\\\/\\\/swimchannel.net\\\/br\\\/wp-content\\\/uploads\\\/2025\\\/10\\\/gui22-193x180.png\",\"contentUrl\":\"https:\\\/\\\/swimchannel.net\\\/br\\\/wp-content\\\/uploads\\\/2025\\\/10\\\/gui22-193x180.png\",\"caption\":\"Guilherme Freitas\"},\"description\":\"Jornalista s\u00eanior da SWIM CHANNEL, ex-correspondente da FINA no Brasil e pesquisador acad\u00eamico.\",\"sameAs\":[\"instagram.com\\\/guifreitas86\"],\"url\":\"https:\\\/\\\/swimchannel.net\\\/br\\\/author\\\/guilherme-freitas\\\/\"}]}<\/script>\n<!-- \/ Yoast SEO plugin. -->","yoast_head_json":{"title":"3\u00ba dia do Finkel termina com mais sete \u00edndices para o Mundial de curta - Swimchannel","robots":{"index":"index","follow":"follow","max-snippet":"max-snippet:-1","max-image-preview":"max-image-preview:large","max-video-preview":"max-video-preview:-1"},"canonical":"https:\/\/swimchannel.net\/br\/3o-dia-do-finkel-termina-com-mais-sete-indices-para-o-mundial-de-curta\/","og_locale":"pt_BR","og_type":"article","og_title":"3\u00ba dia do Finkel termina com mais sete \u00edndices para o Mundial de curta - Swimchannel","og_description":"Uma noite de muitas boas provas e uma chuva de \u00edndices. Ao todo foram sete nadadores atingindo marcas para o Mundial de curta de Pequim: Guilherme Carib\u00e9 nos 100m livre, Pedro Buch nos 200m borboleta, Guilherme Basseto nos 50m costas, Maria Fernanda Costa e Let\u00edcia Rom\u00e3o nos 800m livre, Guilherme Kanzler e Eduardo Moraes nos [&hellip;]","og_url":"https:\/\/swimchannel.net\/br\/3o-dia-do-finkel-termina-com-mais-sete-indices-para-o-mundial-de-curta\/","og_site_name":"Swimchannel","article_publisher":"https:\/\/www.facebook.com\/swimchannel","article_published_time":"2026-09-02T22:37:15+00:00","article_modified_time":"2026-09-02T23:07:49+00:00","og_image":[{"width":2048,"height":1365,"url":"https:\/\/swimchannel.net\/br\/wp-content\/uploads\/2025\/07\/54688297103_ab7beff0b8_k.jpg","type":"image\/jpeg"}],"author":"Guilherme Freitas","twitter_card":"summary_large_image","twitter_misc":{"Escrito por":"Guilherme Freitas","Est. tempo de leitura":"6 minutos"},"schema":{"@context":"https:\/\/schema.org","@graph":[{"@type":"Article","@id":"https:\/\/swimchannel.net\/br\/3o-dia-do-finkel-termina-com-mais-sete-indices-para-o-mundial-de-curta\/#article","isPartOf":{"@id":"https:\/\/swimchannel.net\/br\/3o-dia-do-finkel-termina-com-mais-sete-indices-para-o-mundial-de-curta\/"},"author":{"name":"Guilherme Freitas","@id":"https:\/\/swimchannel.net\/br\/#\/schema\/person\/aa2a63bab3275f53749a83276b213c48"},"headline":"3\u00ba dia do Finkel termina com mais sete \u00edndices para o Mundial de curta","datePublished":"2026-09-02T22:37:15+00:00","dateModified":"2026-09-02T23:07:49+00:00","mainEntityOfPage":{"@id":"https:\/\/swimchannel.net\/br\/3o-dia-do-finkel-termina-com-mais-sete-indices-para-o-mundial-de-curta\/"},"wordCount":890,"commentCount":0,"publisher":{"@id":"https:\/\/swimchannel.net\/br\/#organization"},"image":{"@id":"https:\/\/swimchannel.net\/br\/3o-dia-do-finkel-termina-com-mais-sete-indices-para-o-mundial-de-curta\/#primaryimage"},"thumbnailUrl":"https:\/\/swimchannel.net\/br\/wp-content\/uploads\/2025\/07\/54688297103_ab7beff0b8_k.jpg","keywords":["Eduardo Moraes","Etiene Medeiros","Guilherme Carib\u00e9","Guilherme Kanzler","Leticia Rom\u00e3o","Manuela Astori","Maria Fernanda Costa","natacao","Pedro Buch","Stephanie Balduccini","Trof\u00e9u Jos\u00e9 Finkel"],"articleSection":["Trof\u00e9u Jos\u00e9 Finkel"],"inLanguage":"pt-BR","potentialAction":[{"@type":"CommentAction","name":"Comment","target":["https:\/\/swimchannel.net\/br\/3o-dia-do-finkel-termina-com-mais-sete-indices-para-o-mundial-de-curta\/#respond"]}]},{"@type":"WebPage","@id":"https:\/\/swimchannel.net\/br\/3o-dia-do-finkel-termina-com-mais-sete-indices-para-o-mundial-de-curta\/","url":"https:\/\/swimchannel.net\/br\/3o-dia-do-finkel-termina-com-mais-sete-indices-para-o-mundial-de-curta\/","name":"3\u00ba dia do Finkel termina com mais sete \u00edndices para o Mundial de curta - Swimchannel","isPartOf":{"@id":"https:\/\/swimchannel.net\/br\/#website"},"primaryImageOfPage":{"@id":"https:\/\/swimchannel.net\/br\/3o-dia-do-finkel-termina-com-mais-sete-indices-para-o-mundial-de-curta\/#primaryimage"},"image":{"@id":"https:\/\/swimchannel.net\/br\/3o-dia-do-finkel-termina-com-mais-sete-indices-para-o-mundial-de-curta\/#primaryimage"},"thumbnailUrl":"https:\/\/swimchannel.net\/br\/wp-content\/uploads\/2025\/07\/54688297103_ab7beff0b8_k.jpg","datePublished":"2026-09-02T22:37:15+00:00","dateModified":"2026-09-02T23:07:49+00:00","breadcrumb":{"@id":"https:\/\/swimchannel.net\/br\/3o-dia-do-finkel-termina-com-mais-sete-indices-para-o-mundial-de-curta\/#breadcrumb"},"inLanguage":"pt-BR","potentialAction":[{"@type":"ReadAction","target":["https:\/\/swimchannel.net\/br\/3o-dia-do-finkel-termina-com-mais-sete-indices-para-o-mundial-de-curta\/"]}]},{"@type":"ImageObject","inLanguage":"pt-BR","@id":"https:\/\/swimchannel.net\/br\/3o-dia-do-finkel-termina-com-mais-sete-indices-para-o-mundial-de-curta\/#primaryimage","url":"https:\/\/swimchannel.net\/br\/wp-content\/uploads\/2025\/07\/54688297103_ab7beff0b8_k.jpg","contentUrl":"https:\/\/swimchannel.net\/br\/wp-content\/uploads\/2025\/07\/54688297103_ab7beff0b8_k.jpg","width":2048,"height":1365,"caption":"Guilherme Carib\u00e9 - Foto: Satiro Sodr\u00e9"},{"@type":"BreadcrumbList","@id":"https:\/\/swimchannel.net\/br\/3o-dia-do-finkel-termina-com-mais-sete-indices-para-o-mundial-de-curta\/#breadcrumb","itemListElement":[{"@type":"ListItem","position":1,"name":"Home","item":"https:\/\/swimchannel.net\/br\/"},{"@type":"ListItem","position":2,"name":"3\u00ba dia do Finkel termina com mais sete \u00edndices para o Mundial de curta"}]},{"@type":"WebSite","@id":"https:\/\/swimchannel.net\/br\/#website","url":"https:\/\/swimchannel.net\/br\/","name":"Swimchannel","description":"Maior portal de nata\u00e7\u00e3o da america latina","publisher":{"@id":"https:\/\/swimchannel.net\/br\/#organization"},"potentialAction":[{"@type":"SearchAction","target":{"@type":"EntryPoint","urlTemplate":"https:\/\/swimchannel.net\/br\/?s={search_term_string}"},"query-input":{"@type":"PropertyValueSpecification","valueRequired":true,"valueName":"search_term_string"}}],"inLanguage":"pt-BR"},{"@type":"Organization","@id":"https:\/\/swimchannel.net\/br\/#organization","name":"Swimchannel - Conectando voc\u00ea a Nata\u00e7\u00e3o","url":"https:\/\/swimchannel.net\/br\/","logo":{"@type":"ImageObject","inLanguage":"pt-BR","@id":"https:\/\/swimchannel.net\/br\/#\/schema\/logo\/image\/","url":"https:\/\/swimchannel.net\/br\/wp-content\/uploads\/2026\/02\/SWIM-CHANNEL.png","contentUrl":"https:\/\/swimchannel.net\/br\/wp-content\/uploads\/2026\/02\/SWIM-CHANNEL.png","width":1120,"height":630,"caption":"Swimchannel - Conectando voc\u00ea a Nata\u00e7\u00e3o"},"image":{"@id":"https:\/\/swimchannel.net\/br\/#\/schema\/logo\/image\/"},"sameAs":["https:\/\/www.facebook.com\/swimchannel","https:\/\/www.instagram.com\/swimchannel"]},{"@type":"Person","@id":"https:\/\/swimchannel.net\/br\/#\/schema\/person\/aa2a63bab3275f53749a83276b213c48","name":"Guilherme Freitas","image":{"@type":"ImageObject","inLanguage":"pt-BR","@id":"https:\/\/swimchannel.net\/br\/wp-content\/uploads\/2025\/10\/gui22-193x180.png","url":"https:\/\/swimchannel.net\/br\/wp-content\/uploads\/2025\/10\/gui22-193x180.png","contentUrl":"https:\/\/swimchannel.net\/br\/wp-content\/uploads\/2025\/10\/gui22-193x180.png","caption":"Guilherme Freitas"},"description":"Jornalista s\u00eanior da SWIM CHANNEL, ex-correspondente da FINA no Brasil e pesquisador acad\u00eamico.","sameAs":["instagram.com\/guifreitas86"],"url":"https:\/\/swimchannel.net\/br\/author\/guilherme-freitas\/"}]}},"_links":{"self":[{"href":"https:\/\/swimchannel.net\/br\/wp-json\/wp\/v2\/posts\/84325","targetHints":{"allow":["GET"]}}],"collection":[{"href":"https:\/\/swimchannel.net\/br\/wp-json\/wp\/v2\/posts"}],"about":[{"href":"https:\/\/swimchannel.net\/br\/wp-json\/wp\/v2\/types\/post"}],"author":[{"embeddable":true,"href":"https:\/\/swimchannel.net\/br\/wp-json\/wp\/v2\/users\/3"}],"replies":[{"embeddable":true,"href":"https:\/\/swimchannel.net\/br\/wp-json\/wp\/v2\/comments?post=84325"}],"version-history":[{"count":6,"href":"https:\/\/swimchannel.net\/br\/wp-json\/wp\/v2\/posts\/84325\/revisions"}],"predecessor-version":[{"id":84341,"href":"https:\/\/swimchannel.net\/br\/wp-json\/wp\/v2\/posts\/84325\/revisions\/84341"}],"wp:featuredmedia":[{"embeddable":true,"href":"https:\/\/swimchannel.net\/br\/wp-json\/wp\/v2\/media\/75279"}],"wp:attachment":[{"href":"https:\/\/swimchannel.net\/br\/wp-json\/wp\/v2\/media?parent=84325"}],"wp:term":[{"taxonomy":"category","embeddable":true,"href":"https:\/\/swimchannel.net\/br\/wp-json\/wp\/v2\/categories?post=84325"},{"taxonomy":"post_tag","embeddable":true,"href":"https:\/\/swimchannel.net\/br\/wp-json\/wp\/v2\/tags?post=84325"}],"curies":[{"name":"wp","href":"https:\/\/api.w.org\/{rel}","templated":true}]}}