{"id":84348,"date":"2026-09-03T11:06:01","date_gmt":"2026-09-03T14:06:01","guid":{"rendered":"https:\/\/swimchannel.net\/br\/?p=84348"},"modified":"2026-09-03T11:06:01","modified_gmt":"2026-09-03T14:06:01","slug":"manha-com-mais-tres-indices-para-o-mundial-de-curta","status":"publish","type":"post","link":"https:\/\/swimchannel.net\/br\/manha-com-mais-tres-indices-para-o-mundial-de-curta\/","title":{"rendered":"Manh\u00e3 com mais tr\u00eas \u00edndices para o Mundial de curta"},"content":{"rendered":"<p>Manh\u00e3 de tr\u00eas \u00edndices para o Campeonato Mundial de piscina curta de Pequim durante o quarto dia de eliminat\u00f3rias do Trof\u00e9u Jos\u00e9 Finkel. Dois deles, Giulia Carvalho e Guilherme Carib\u00e9, j\u00e1 tinham \u00edndices para o evento e atingiram novas marcas para o evento. Kaique Alves \u00e9 a novidade na lista dos nadadores que j\u00e1 nadaram abaixo das marcas exigidas pela CBDA.<\/p>\n<p>Giulia e Carib\u00e9 fizeram suas marcas nas provas de 50m borboleta. A nadadora marcou pela manh\u00e3 o tempo de 25s45, obtendo seu \u00edndice para o Mundial. Al\u00e9m dela, a colombiana Sirena Cervantes tamb\u00e9m nadou abaixo dos 26 segundos com 25s98. J\u00e1 Carib\u00e9 fez o \u00edndice com 22s20, sobrando mais uma vez na piscina, sendo 70 cent\u00e9simos mais r\u00e1pido do que Lucio de Paula que foi o segundo mais veloz com 22s90.<\/p>\n<figure id=\"attachment_84357\" aria-describedby=\"caption-attachment-84357\" style=\"width: 1056px\" class=\"wp-caption alignnone\"><img loading=\"lazy\" decoding=\"async\" class=\"size-full wp-image-84357\" src=\"https:\/\/swimchannel.net\/br\/wp-content\/uploads\/2026\/09\/55504873341_1a76397abf_k.jpg\" alt=\"\" width=\"1056\" height=\"630\" srcset=\"https:\/\/swimchannel.net\/br\/wp-content\/uploads\/2026\/09\/55504873341_1a76397abf_k.jpg 1056w, https:\/\/swimchannel.net\/br\/wp-content\/uploads\/2026\/09\/55504873341_1a76397abf_k-302x180.jpg 302w, https:\/\/swimchannel.net\/br\/wp-content\/uploads\/2026\/09\/55504873341_1a76397abf_k-768x458.jpg 768w, https:\/\/swimchannel.net\/br\/wp-content\/uploads\/2026\/09\/55504873341_1a76397abf_k-750x447.jpg 750w\" sizes=\"auto, (max-width: 1056px) 100vw, 1056px\" \/><figcaption id=\"caption-attachment-84357\" class=\"wp-caption-text\">Guilherme Carib\u00e9 &#8211; Foto: Satiro Sodr\u00e9<\/figcaption><\/figure>\n<p>J\u00e1 Kaique Alves \u00e9 o novo nome na rela\u00e7\u00e3o de atletas com \u00edndice para o Mundial, ap\u00f3s marcar 1min42s16 na prova dos 200m livre, o \u00fanico abaixo de 1min43s. O segundo mais veloz das eliminat\u00f3rias foi Breno Correia com 1min43s57. Na prova feminina a mais r\u00e1pida foi Maria Fernanda Costa que nadou para 1min56s26 e tentar\u00e1 a noite mais um \u00edndice. A segunda mais veloz foi Stephanie Balduccini com 1min57s47.<\/p>\n<p>Na prova dos 400m medley feminino a irm\u00e3o de Maf\u00ea, Mariana Costa passou com o melhor tempo de 4min45s79, sendo seguida por Manuela Astori que marcou 4min48s63. Na vers\u00e3o masculina, o mais r\u00e1pido foi Stephan Steverink que marcou 4min12s31 de tempor total. O segundo mais r\u00e1pido da manh\u00e3 foi o espanhol\/brasileiro Hugo Gonz\u00e1lez com 4min14s96.<\/p>\n<figure id=\"attachment_68542\" aria-describedby=\"caption-attachment-68542\" style=\"width: 1200px\" class=\"wp-caption alignnone\"><img loading=\"lazy\" decoding=\"async\" class=\"size-large wp-image-68542\" src=\"https:\/\/swimchannel.net\/br\/wp-content\/uploads\/2024\/08\/01-11-FinalFilnkel_CC-5084-1200x800.jpg\" alt=\"\" width=\"1200\" height=\"800\" srcset=\"https:\/\/swimchannel.net\/br\/wp-content\/uploads\/2024\/08\/01-11-FinalFilnkel_CC-5084-1200x800.jpg 1200w, https:\/\/swimchannel.net\/br\/wp-content\/uploads\/2024\/08\/01-11-FinalFilnkel_CC-5084-1013x675.jpg 1013w, https:\/\/swimchannel.net\/br\/wp-content\/uploads\/2024\/08\/01-11-FinalFilnkel_CC-5084-270x180.jpg 270w, https:\/\/swimchannel.net\/br\/wp-content\/uploads\/2024\/08\/01-11-FinalFilnkel_CC-5084-768x512.jpg 768w, https:\/\/swimchannel.net\/br\/wp-content\/uploads\/2024\/08\/01-11-FinalFilnkel_CC-5084-1536x1024.jpg 1536w, https:\/\/swimchannel.net\/br\/wp-content\/uploads\/2024\/08\/01-11-FinalFilnkel_CC-5084-750x500.jpg 750w, https:\/\/swimchannel.net\/br\/wp-content\/uploads\/2024\/08\/01-11-FinalFilnkel_CC-5084-1140x760.jpg 1140w, https:\/\/swimchannel.net\/br\/wp-content\/uploads\/2024\/08\/01-11-FinalFilnkel_CC-5084.jpg 2048w\" sizes=\"auto, (max-width: 1200px) 100vw, 1200px\" \/><figcaption id=\"caption-attachment-68542\" class=\"wp-caption-text\">Kaique Alves &#8211; Foto: Carol Coelho\/ECP<\/figcaption><\/figure>\n<p>Nos 100m peito tivemos Mercedes Salazar e x como os mais r\u00e1pidos pela manh\u00e3. A nadadora venezuelana tem o melhor tempo das eliminat\u00f3rias com 1min07s49, com Andressa Sim\u00e3o na segunda coloca\u00e7\u00e3o com 1min08s57. No masculino Caio Pumputis foi o mais r\u00e1pido com 57s53, seguido por Kau\u00e3 Carvalho com o tempo de 58s12.<\/p>\n<p>Nas finais de hoje teremos ainda as provas do revezamento 4x50m livre misto. Os resultados completos da manh\u00e3 podem ser conferidos no site oficil da CBDA (<a href=\"https:\/\/www.cbda.org.br\/evento\/natacao\/v1_VnBMjXlzMR4rz0OG9R12asFllkWM-C_Fua6ceqI9QUk.PDEzyfAn_26kfHs2pYLOKmjxhIvZXC5FqE_Rs8z6ayc\/campeonato-brasileiro-de-natacao-jose-finkel\" target=\"_blank\" rel=\"noopener\">clique aqui<\/a>). E para assistir na \u00edntegra a etapa acesse o app da Swim Channel TV (<a href=\"https:\/\/tv.swimchannel.net\/\" target=\"_blank\" rel=\"noopener\">https:\/\/tv.swimchannel.net\/<\/a>) ou nosso canal do Youtube (<a href=\"https:\/\/www.youtube.com\/@SwimChanneltv\" target=\"_blank\" rel=\"noopener\">https:\/\/www.youtube.com\/@SwimChanneltv<\/a>).<\/p>\n<p>&nbsp;<\/p>\n<p>Gostaria de receber as not\u00edcias de nata\u00e7\u00e3o e \u00e1guas abertas no seu email?<\/p>\n<p><a href=\"https:\/\/lpa.nitro.news\/n-GNe\/ultimas-noticias-swim-channel\">Cadastre-se aqui<\/a><\/p>\n","protected":false},"excerpt":{"rendered":"<p>Manh\u00e3 de tr\u00eas \u00edndices para o Campeonato Mundial de piscina curta de Pequim durante o quarto dia de eliminat\u00f3rias do Trof\u00e9u Jos\u00e9 Finkel. Dois deles, Giulia Carvalho e Guilherme Carib\u00e9, j\u00e1 tinham \u00edndices para o evento e atingiram novas marcas para o evento. Kaique Alves \u00e9 a novidade na lista dos nadadores que j\u00e1 nadaram [&hellip;]<\/p>\n","protected":false},"author":3,"featured_media":84358,"comment_status":"open","ping_status":"open","sticky":false,"template":"","format":"standard","meta":{"footnotes":""},"categories":[241],"tags":[5653,5130,5654,5,130],"class_list":["post-84348","post","type-post","status-publish","format-standard","has-post-thumbnail","hentry","category-trofeu-jose-finkel","tag-giulia-carvalho","tag-guilherme-caribe","tag-kaique-alves","tag-natacao","tag-trofeu-jose-finkel"],"yoast_head":"<!-- This site is optimized with the Yoast SEO plugin v28.3 - https:\/\/yoast.com\/product\/yoast-seo-wordpress\/ -->\n<title>Manh\u00e3 com mais tr\u00eas \u00edndices para o Mundial de curta - Swimchannel<\/title>\n<meta name=\"robots\" content=\"index, follow, max-snippet:-1, max-image-preview:large, max-video-preview:-1\" \/>\n<link rel=\"canonical\" href=\"https:\/\/swimchannel.net\/br\/manha-com-mais-tres-indices-para-o-mundial-de-curta\/\" \/>\n<meta property=\"og:locale\" content=\"pt_BR\" \/>\n<meta property=\"og:type\" content=\"article\" \/>\n<meta property=\"og:title\" content=\"Manh\u00e3 com mais tr\u00eas \u00edndices para o Mundial de curta - Swimchannel\" \/>\n<meta property=\"og:description\" content=\"Manh\u00e3 de tr\u00eas \u00edndices para o Campeonato Mundial de piscina curta de Pequim durante o quarto dia de eliminat\u00f3rias do Trof\u00e9u Jos\u00e9 Finkel. Dois deles, Giulia Carvalho e Guilherme Carib\u00e9, j\u00e1 tinham \u00edndices para o evento e atingiram novas marcas para o evento. Kaique Alves \u00e9 a novidade na lista dos nadadores que j\u00e1 nadaram [&hellip;]\" \/>\n<meta property=\"og:url\" content=\"https:\/\/swimchannel.net\/br\/manha-com-mais-tres-indices-para-o-mundial-de-curta\/\" \/>\n<meta property=\"og:site_name\" content=\"Swimchannel\" \/>\n<meta property=\"article:publisher\" content=\"https:\/\/www.facebook.com\/swimchannel\" \/>\n<meta property=\"article:published_time\" content=\"2026-09-03T14:06:01+00:00\" \/>\n<meta property=\"og:image\" content=\"https:\/\/swimchannel.net\/br\/wp-content\/uploads\/2026\/09\/55500305034_67e827f0e2_k.jpg\" \/>\n\t<meta property=\"og:image:width\" content=\"1054\" \/>\n\t<meta property=\"og:image:height\" content=\"630\" \/>\n\t<meta property=\"og:image:type\" content=\"image\/jpeg\" \/>\n<meta name=\"author\" content=\"Guilherme Freitas\" \/>\n<meta name=\"twitter:card\" content=\"summary_large_image\" \/>\n<meta name=\"twitter:label1\" content=\"Escrito por\" \/>\n\t<meta name=\"twitter:data1\" content=\"Guilherme Freitas\" \/>\n\t<meta name=\"twitter:label2\" content=\"Est. tempo de leitura\" \/>\n\t<meta name=\"twitter:data2\" content=\"3 minutos\" \/>\n<script type=\"application\/ld+json\" class=\"yoast-schema-graph\">{\"@context\":\"https:\\\/\\\/schema.org\",\"@graph\":[{\"@type\":\"Article\",\"@id\":\"https:\\\/\\\/swimchannel.net\\\/br\\\/manha-com-mais-tres-indices-para-o-mundial-de-curta\\\/#article\",\"isPartOf\":{\"@id\":\"https:\\\/\\\/swimchannel.net\\\/br\\\/manha-com-mais-tres-indices-para-o-mundial-de-curta\\\/\"},\"author\":{\"name\":\"Guilherme Freitas\",\"@id\":\"https:\\\/\\\/swimchannel.net\\\/br\\\/#\\\/schema\\\/person\\\/aa2a63bab3275f53749a83276b213c48\"},\"headline\":\"Manh\u00e3 com mais tr\u00eas \u00edndices para o Mundial de curta\",\"datePublished\":\"2026-09-03T14:06:01+00:00\",\"mainEntityOfPage\":{\"@id\":\"https:\\\/\\\/swimchannel.net\\\/br\\\/manha-com-mais-tres-indices-para-o-mundial-de-curta\\\/\"},\"wordCount\":451,\"commentCount\":0,\"publisher\":{\"@id\":\"https:\\\/\\\/swimchannel.net\\\/br\\\/#organization\"},\"image\":{\"@id\":\"https:\\\/\\\/swimchannel.net\\\/br\\\/manha-com-mais-tres-indices-para-o-mundial-de-curta\\\/#primaryimage\"},\"thumbnailUrl\":\"https:\\\/\\\/swimchannel.net\\\/br\\\/wp-content\\\/uploads\\\/2026\\\/09\\\/55500305034_67e827f0e2_k.jpg\",\"keywords\":[\"Giulia Carvalho\",\"Guilherme Carib\u00e9\",\"Kaique Alves\",\"natacao\",\"Trof\u00e9u Jos\u00e9 Finkel\"],\"articleSection\":[\"Trof\u00e9u Jos\u00e9 Finkel\"],\"inLanguage\":\"pt-BR\",\"potentialAction\":[{\"@type\":\"CommentAction\",\"name\":\"Comment\",\"target\":[\"https:\\\/\\\/swimchannel.net\\\/br\\\/manha-com-mais-tres-indices-para-o-mundial-de-curta\\\/#respond\"]}]},{\"@type\":\"WebPage\",\"@id\":\"https:\\\/\\\/swimchannel.net\\\/br\\\/manha-com-mais-tres-indices-para-o-mundial-de-curta\\\/\",\"url\":\"https:\\\/\\\/swimchannel.net\\\/br\\\/manha-com-mais-tres-indices-para-o-mundial-de-curta\\\/\",\"name\":\"Manh\u00e3 com mais tr\u00eas \u00edndices para o Mundial de curta - Swimchannel\",\"isPartOf\":{\"@id\":\"https:\\\/\\\/swimchannel.net\\\/br\\\/#website\"},\"primaryImageOfPage\":{\"@id\":\"https:\\\/\\\/swimchannel.net\\\/br\\\/manha-com-mais-tres-indices-para-o-mundial-de-curta\\\/#primaryimage\"},\"image\":{\"@id\":\"https:\\\/\\\/swimchannel.net\\\/br\\\/manha-com-mais-tres-indices-para-o-mundial-de-curta\\\/#primaryimage\"},\"thumbnailUrl\":\"https:\\\/\\\/swimchannel.net\\\/br\\\/wp-content\\\/uploads\\\/2026\\\/09\\\/55500305034_67e827f0e2_k.jpg\",\"datePublished\":\"2026-09-03T14:06:01+00:00\",\"breadcrumb\":{\"@id\":\"https:\\\/\\\/swimchannel.net\\\/br\\\/manha-com-mais-tres-indices-para-o-mundial-de-curta\\\/#breadcrumb\"},\"inLanguage\":\"pt-BR\",\"potentialAction\":[{\"@type\":\"ReadAction\",\"target\":[\"https:\\\/\\\/swimchannel.net\\\/br\\\/manha-com-mais-tres-indices-para-o-mundial-de-curta\\\/\"]}]},{\"@type\":\"ImageObject\",\"inLanguage\":\"pt-BR\",\"@id\":\"https:\\\/\\\/swimchannel.net\\\/br\\\/manha-com-mais-tres-indices-para-o-mundial-de-curta\\\/#primaryimage\",\"url\":\"https:\\\/\\\/swimchannel.net\\\/br\\\/wp-content\\\/uploads\\\/2026\\\/09\\\/55500305034_67e827f0e2_k.jpg\",\"contentUrl\":\"https:\\\/\\\/swimchannel.net\\\/br\\\/wp-content\\\/uploads\\\/2026\\\/09\\\/55500305034_67e827f0e2_k.jpg\",\"width\":1054,\"height\":630,\"caption\":\"Giulia Carvalho - Foto: Satiro Sodr\u00e9\"},{\"@type\":\"BreadcrumbList\",\"@id\":\"https:\\\/\\\/swimchannel.net\\\/br\\\/manha-com-mais-tres-indices-para-o-mundial-de-curta\\\/#breadcrumb\",\"itemListElement\":[{\"@type\":\"ListItem\",\"position\":1,\"name\":\"Home\",\"item\":\"https:\\\/\\\/swimchannel.net\\\/br\\\/\"},{\"@type\":\"ListItem\",\"position\":2,\"name\":\"Manh\u00e3 com mais tr\u00eas \u00edndices para o Mundial de curta\"}]},{\"@type\":\"WebSite\",\"@id\":\"https:\\\/\\\/swimchannel.net\\\/br\\\/#website\",\"url\":\"https:\\\/\\\/swimchannel.net\\\/br\\\/\",\"name\":\"Swimchannel\",\"description\":\"Maior portal de nata\u00e7\u00e3o da america latina\",\"publisher\":{\"@id\":\"https:\\\/\\\/swimchannel.net\\\/br\\\/#organization\"},\"potentialAction\":[{\"@type\":\"SearchAction\",\"target\":{\"@type\":\"EntryPoint\",\"urlTemplate\":\"https:\\\/\\\/swimchannel.net\\\/br\\\/?s={search_term_string}\"},\"query-input\":{\"@type\":\"PropertyValueSpecification\",\"valueRequired\":true,\"valueName\":\"search_term_string\"}}],\"inLanguage\":\"pt-BR\"},{\"@type\":\"Organization\",\"@id\":\"https:\\\/\\\/swimchannel.net\\\/br\\\/#organization\",\"name\":\"Swimchannel - Conectando voc\u00ea a Nata\u00e7\u00e3o\",\"url\":\"https:\\\/\\\/swimchannel.net\\\/br\\\/\",\"logo\":{\"@type\":\"ImageObject\",\"inLanguage\":\"pt-BR\",\"@id\":\"https:\\\/\\\/swimchannel.net\\\/br\\\/#\\\/schema\\\/logo\\\/image\\\/\",\"url\":\"https:\\\/\\\/swimchannel.net\\\/br\\\/wp-content\\\/uploads\\\/2026\\\/02\\\/SWIM-CHANNEL.png\",\"contentUrl\":\"https:\\\/\\\/swimchannel.net\\\/br\\\/wp-content\\\/uploads\\\/2026\\\/02\\\/SWIM-CHANNEL.png\",\"width\":1120,\"height\":630,\"caption\":\"Swimchannel - Conectando voc\u00ea a Nata\u00e7\u00e3o\"},\"image\":{\"@id\":\"https:\\\/\\\/swimchannel.net\\\/br\\\/#\\\/schema\\\/logo\\\/image\\\/\"},\"sameAs\":[\"https:\\\/\\\/www.facebook.com\\\/swimchannel\",\"https:\\\/\\\/www.instagram.com\\\/swimchannel\"]},{\"@type\":\"Person\",\"@id\":\"https:\\\/\\\/swimchannel.net\\\/br\\\/#\\\/schema\\\/person\\\/aa2a63bab3275f53749a83276b213c48\",\"name\":\"Guilherme Freitas\",\"image\":{\"@type\":\"ImageObject\",\"inLanguage\":\"pt-BR\",\"@id\":\"https:\\\/\\\/swimchannel.net\\\/br\\\/wp-content\\\/uploads\\\/2025\\\/10\\\/gui22-193x180.png\",\"url\":\"https:\\\/\\\/swimchannel.net\\\/br\\\/wp-content\\\/uploads\\\/2025\\\/10\\\/gui22-193x180.png\",\"contentUrl\":\"https:\\\/\\\/swimchannel.net\\\/br\\\/wp-content\\\/uploads\\\/2025\\\/10\\\/gui22-193x180.png\",\"caption\":\"Guilherme Freitas\"},\"description\":\"Jornalista s\u00eanior da SWIM CHANNEL, ex-correspondente da FINA no Brasil e pesquisador acad\u00eamico.\",\"sameAs\":[\"instagram.com\\\/guifreitas86\"],\"url\":\"https:\\\/\\\/swimchannel.net\\\/br\\\/author\\\/guilherme-freitas\\\/\"}]}<\/script>\n<!-- \/ Yoast SEO plugin. -->","yoast_head_json":{"title":"Manh\u00e3 com mais tr\u00eas \u00edndices para o Mundial de curta - Swimchannel","robots":{"index":"index","follow":"follow","max-snippet":"max-snippet:-1","max-image-preview":"max-image-preview:large","max-video-preview":"max-video-preview:-1"},"canonical":"https:\/\/swimchannel.net\/br\/manha-com-mais-tres-indices-para-o-mundial-de-curta\/","og_locale":"pt_BR","og_type":"article","og_title":"Manh\u00e3 com mais tr\u00eas \u00edndices para o Mundial de curta - Swimchannel","og_description":"Manh\u00e3 de tr\u00eas \u00edndices para o Campeonato Mundial de piscina curta de Pequim durante o quarto dia de eliminat\u00f3rias do Trof\u00e9u Jos\u00e9 Finkel. Dois deles, Giulia Carvalho e Guilherme Carib\u00e9, j\u00e1 tinham \u00edndices para o evento e atingiram novas marcas para o evento. Kaique Alves \u00e9 a novidade na lista dos nadadores que j\u00e1 nadaram [&hellip;]","og_url":"https:\/\/swimchannel.net\/br\/manha-com-mais-tres-indices-para-o-mundial-de-curta\/","og_site_name":"Swimchannel","article_publisher":"https:\/\/www.facebook.com\/swimchannel","article_published_time":"2026-09-03T14:06:01+00:00","og_image":[{"width":1054,"height":630,"url":"https:\/\/swimchannel.net\/br\/wp-content\/uploads\/2026\/09\/55500305034_67e827f0e2_k.jpg","type":"image\/jpeg"}],"author":"Guilherme Freitas","twitter_card":"summary_large_image","twitter_misc":{"Escrito por":"Guilherme Freitas","Est. tempo de leitura":"3 minutos"},"schema":{"@context":"https:\/\/schema.org","@graph":[{"@type":"Article","@id":"https:\/\/swimchannel.net\/br\/manha-com-mais-tres-indices-para-o-mundial-de-curta\/#article","isPartOf":{"@id":"https:\/\/swimchannel.net\/br\/manha-com-mais-tres-indices-para-o-mundial-de-curta\/"},"author":{"name":"Guilherme Freitas","@id":"https:\/\/swimchannel.net\/br\/#\/schema\/person\/aa2a63bab3275f53749a83276b213c48"},"headline":"Manh\u00e3 com mais tr\u00eas \u00edndices para o Mundial de curta","datePublished":"2026-09-03T14:06:01+00:00","mainEntityOfPage":{"@id":"https:\/\/swimchannel.net\/br\/manha-com-mais-tres-indices-para-o-mundial-de-curta\/"},"wordCount":451,"commentCount":0,"publisher":{"@id":"https:\/\/swimchannel.net\/br\/#organization"},"image":{"@id":"https:\/\/swimchannel.net\/br\/manha-com-mais-tres-indices-para-o-mundial-de-curta\/#primaryimage"},"thumbnailUrl":"https:\/\/swimchannel.net\/br\/wp-content\/uploads\/2026\/09\/55500305034_67e827f0e2_k.jpg","keywords":["Giulia Carvalho","Guilherme Carib\u00e9","Kaique Alves","natacao","Trof\u00e9u Jos\u00e9 Finkel"],"articleSection":["Trof\u00e9u Jos\u00e9 Finkel"],"inLanguage":"pt-BR","potentialAction":[{"@type":"CommentAction","name":"Comment","target":["https:\/\/swimchannel.net\/br\/manha-com-mais-tres-indices-para-o-mundial-de-curta\/#respond"]}]},{"@type":"WebPage","@id":"https:\/\/swimchannel.net\/br\/manha-com-mais-tres-indices-para-o-mundial-de-curta\/","url":"https:\/\/swimchannel.net\/br\/manha-com-mais-tres-indices-para-o-mundial-de-curta\/","name":"Manh\u00e3 com mais tr\u00eas \u00edndices para o Mundial de curta - Swimchannel","isPartOf":{"@id":"https:\/\/swimchannel.net\/br\/#website"},"primaryImageOfPage":{"@id":"https:\/\/swimchannel.net\/br\/manha-com-mais-tres-indices-para-o-mundial-de-curta\/#primaryimage"},"image":{"@id":"https:\/\/swimchannel.net\/br\/manha-com-mais-tres-indices-para-o-mundial-de-curta\/#primaryimage"},"thumbnailUrl":"https:\/\/swimchannel.net\/br\/wp-content\/uploads\/2026\/09\/55500305034_67e827f0e2_k.jpg","datePublished":"2026-09-03T14:06:01+00:00","breadcrumb":{"@id":"https:\/\/swimchannel.net\/br\/manha-com-mais-tres-indices-para-o-mundial-de-curta\/#breadcrumb"},"inLanguage":"pt-BR","potentialAction":[{"@type":"ReadAction","target":["https:\/\/swimchannel.net\/br\/manha-com-mais-tres-indices-para-o-mundial-de-curta\/"]}]},{"@type":"ImageObject","inLanguage":"pt-BR","@id":"https:\/\/swimchannel.net\/br\/manha-com-mais-tres-indices-para-o-mundial-de-curta\/#primaryimage","url":"https:\/\/swimchannel.net\/br\/wp-content\/uploads\/2026\/09\/55500305034_67e827f0e2_k.jpg","contentUrl":"https:\/\/swimchannel.net\/br\/wp-content\/uploads\/2026\/09\/55500305034_67e827f0e2_k.jpg","width":1054,"height":630,"caption":"Giulia Carvalho - Foto: Satiro Sodr\u00e9"},{"@type":"BreadcrumbList","@id":"https:\/\/swimchannel.net\/br\/manha-com-mais-tres-indices-para-o-mundial-de-curta\/#breadcrumb","itemListElement":[{"@type":"ListItem","position":1,"name":"Home","item":"https:\/\/swimchannel.net\/br\/"},{"@type":"ListItem","position":2,"name":"Manh\u00e3 com mais tr\u00eas \u00edndices para o Mundial de curta"}]},{"@type":"WebSite","@id":"https:\/\/swimchannel.net\/br\/#website","url":"https:\/\/swimchannel.net\/br\/","name":"Swimchannel","description":"Maior portal de nata\u00e7\u00e3o da america latina","publisher":{"@id":"https:\/\/swimchannel.net\/br\/#organization"},"potentialAction":[{"@type":"SearchAction","target":{"@type":"EntryPoint","urlTemplate":"https:\/\/swimchannel.net\/br\/?s={search_term_string}"},"query-input":{"@type":"PropertyValueSpecification","valueRequired":true,"valueName":"search_term_string"}}],"inLanguage":"pt-BR"},{"@type":"Organization","@id":"https:\/\/swimchannel.net\/br\/#organization","name":"Swimchannel - Conectando voc\u00ea a Nata\u00e7\u00e3o","url":"https:\/\/swimchannel.net\/br\/","logo":{"@type":"ImageObject","inLanguage":"pt-BR","@id":"https:\/\/swimchannel.net\/br\/#\/schema\/logo\/image\/","url":"https:\/\/swimchannel.net\/br\/wp-content\/uploads\/2026\/02\/SWIM-CHANNEL.png","contentUrl":"https:\/\/swimchannel.net\/br\/wp-content\/uploads\/2026\/02\/SWIM-CHANNEL.png","width":1120,"height":630,"caption":"Swimchannel - Conectando voc\u00ea a Nata\u00e7\u00e3o"},"image":{"@id":"https:\/\/swimchannel.net\/br\/#\/schema\/logo\/image\/"},"sameAs":["https:\/\/www.facebook.com\/swimchannel","https:\/\/www.instagram.com\/swimchannel"]},{"@type":"Person","@id":"https:\/\/swimchannel.net\/br\/#\/schema\/person\/aa2a63bab3275f53749a83276b213c48","name":"Guilherme Freitas","image":{"@type":"ImageObject","inLanguage":"pt-BR","@id":"https:\/\/swimchannel.net\/br\/wp-content\/uploads\/2025\/10\/gui22-193x180.png","url":"https:\/\/swimchannel.net\/br\/wp-content\/uploads\/2025\/10\/gui22-193x180.png","contentUrl":"https:\/\/swimchannel.net\/br\/wp-content\/uploads\/2025\/10\/gui22-193x180.png","caption":"Guilherme Freitas"},"description":"Jornalista s\u00eanior da SWIM CHANNEL, ex-correspondente da FINA no Brasil e pesquisador acad\u00eamico.","sameAs":["instagram.com\/guifreitas86"],"url":"https:\/\/swimchannel.net\/br\/author\/guilherme-freitas\/"}]}},"_links":{"self":[{"href":"https:\/\/swimchannel.net\/br\/wp-json\/wp\/v2\/posts\/84348","targetHints":{"allow":["GET"]}}],"collection":[{"href":"https:\/\/swimchannel.net\/br\/wp-json\/wp\/v2\/posts"}],"about":[{"href":"https:\/\/swimchannel.net\/br\/wp-json\/wp\/v2\/types\/post"}],"author":[{"embeddable":true,"href":"https:\/\/swimchannel.net\/br\/wp-json\/wp\/v2\/users\/3"}],"replies":[{"embeddable":true,"href":"https:\/\/swimchannel.net\/br\/wp-json\/wp\/v2\/comments?post=84348"}],"version-history":[{"count":3,"href":"https:\/\/swimchannel.net\/br\/wp-json\/wp\/v2\/posts\/84348\/revisions"}],"predecessor-version":[{"id":84359,"href":"https:\/\/swimchannel.net\/br\/wp-json\/wp\/v2\/posts\/84348\/revisions\/84359"}],"wp:featuredmedia":[{"embeddable":true,"href":"https:\/\/swimchannel.net\/br\/wp-json\/wp\/v2\/media\/84358"}],"wp:attachment":[{"href":"https:\/\/swimchannel.net\/br\/wp-json\/wp\/v2\/media?parent=84348"}],"wp:term":[{"taxonomy":"category","embeddable":true,"href":"https:\/\/swimchannel.net\/br\/wp-json\/wp\/v2\/categories?post=84348"},{"taxonomy":"post_tag","embeddable":true,"href":"https:\/\/swimchannel.net\/br\/wp-json\/wp\/v2\/tags?post=84348"}],"curies":[{"name":"wp","href":"https:\/\/api.w.org\/{rel}","templated":true}]}}