{"id":84394,"date":"2026-09-03T19:44:51","date_gmt":"2026-09-03T22:44:51","guid":{"rendered":"https:\/\/swimchannel.net\/br\/?p=84394"},"modified":"2026-09-04T11:40:47","modified_gmt":"2026-09-04T14:40:47","slug":"mafe-costa-e-giulia-carvalho-superam-recordes-sul-americanos-no-finkel","status":"publish","type":"post","link":"https:\/\/swimchannel.net\/br\/mafe-costa-e-giulia-carvalho-superam-recordes-sul-americanos-no-finkel\/","title":{"rendered":"Maf\u00ea Costa e Giulia Carvalho superam recordes sul-americanos no Finkel"},"content":{"rendered":"<p>No pen\u00faltimo dia de finais do Trof\u00e9u Jos\u00e9 Finkel, Maria Fernanda Costa e Giulia Carvalho superaram duas marcas sul-americanas em grandes performances. Maf\u00ea obteve o recorde nos 200m livre e Giulia nos 50m borboleta. Obviamente ambas conseguiram o \u00edndice para o Mundial de curta. A etapa teve tamb\u00e9m outros cinco \u00edndices com Stephan Steverink, Stephanie Balduccini, Beatriz Bezerra, Guilherme Carib\u00e9 e Caio Pumputis. Veja abaixo um resum\u00e3o da etapa.<\/p>\n<p>&nbsp;<\/p>\n<figure id=\"attachment_84409\" aria-describedby=\"caption-attachment-84409\" style=\"width: 1056px\" class=\"wp-caption alignnone\"><img loading=\"lazy\" decoding=\"async\" class=\"size-full wp-image-84409\" src=\"https:\/\/swimchannel.net\/br\/wp-content\/uploads\/2026\/09\/55505070897_ff55af5292_k.jpg\" alt=\"\" width=\"1056\" height=\"630\" srcset=\"https:\/\/swimchannel.net\/br\/wp-content\/uploads\/2026\/09\/55505070897_ff55af5292_k.jpg 1056w, https:\/\/swimchannel.net\/br\/wp-content\/uploads\/2026\/09\/55505070897_ff55af5292_k-302x180.jpg 302w, https:\/\/swimchannel.net\/br\/wp-content\/uploads\/2026\/09\/55505070897_ff55af5292_k-768x458.jpg 768w, https:\/\/swimchannel.net\/br\/wp-content\/uploads\/2026\/09\/55505070897_ff55af5292_k-750x447.jpg 750w\" sizes=\"auto, (max-width: 1056px) 100vw, 1056px\" \/><figcaption id=\"caption-attachment-84409\" class=\"wp-caption-text\">Gabrielle Roncatto &#8211; Foto: Satiro Sodr\u00e9<\/figcaption><\/figure>\n<p><strong>400m medley feminino<\/strong><br \/>\nPrimeira vit\u00f3ria de Gabrielle Roncatto neste Finkel 2026. A nadadora Unisanta fez uma grande prova e venceu com autoridade os 400m medley. Gabi triunfou nesta prova com o tempo de 4min40s26. Fernanda de Goeij, que tentou alcan\u00e7ar Gabi, levou a medalha de prata com o tempo de 4min42s73. Vivendo grande fase, Manuela Astori faturou a medalha de bronze com o tempo de 4min43s30.<\/p>\n<p>&nbsp;<\/p>\n<figure id=\"attachment_84408\" aria-describedby=\"caption-attachment-84408\" style=\"width: 1050px\" class=\"wp-caption alignnone\"><img loading=\"lazy\" decoding=\"async\" class=\"size-full wp-image-84408\" src=\"https:\/\/swimchannel.net\/br\/wp-content\/uploads\/2026\/09\/55502360554_e5d4ddfc87_k.jpg\" alt=\"\" width=\"1050\" height=\"630\" srcset=\"https:\/\/swimchannel.net\/br\/wp-content\/uploads\/2026\/09\/55502360554_e5d4ddfc87_k.jpg 1050w, https:\/\/swimchannel.net\/br\/wp-content\/uploads\/2026\/09\/55502360554_e5d4ddfc87_k-300x180.jpg 300w, https:\/\/swimchannel.net\/br\/wp-content\/uploads\/2026\/09\/55502360554_e5d4ddfc87_k-768x461.jpg 768w, https:\/\/swimchannel.net\/br\/wp-content\/uploads\/2026\/09\/55502360554_e5d4ddfc87_k-750x450.jpg 750w\" sizes=\"auto, (max-width: 1050px) 100vw, 1050px\" \/><figcaption id=\"caption-attachment-84408\" class=\"wp-caption-text\">Stephan Steverink &#8211; Foto: Satiro Sodr\u00e9<\/figcaption><\/figure>\n<p><strong>400m medley masculino<\/strong><br \/>\nA vit\u00f3ria nesta prova ficou com o espanhol\/brasileiro Hugo Gonzalez, que dominou as a\u00e7\u00f5es e liderou de ponta a ponta sem ser amea\u00e7ado em momento algum e batendo na frente com 4min03s24. Por\u00e9m, quem tamb\u00e9m comemorou foi o vice-campe\u00e3o da prova, Stephan Steverink que com 4min06s71 obteve \u00edndice para o Campeonato Mundial de piscina curta. Guilherme Kanzler ficou com o bronze ao marcar 4min08s96.<\/p>\n<p>&nbsp;<\/p>\n<figure id=\"attachment_84404\" aria-describedby=\"caption-attachment-84404\" style=\"width: 1053px\" class=\"wp-caption alignnone\"><img loading=\"lazy\" decoding=\"async\" class=\"size-full wp-image-84404\" src=\"https:\/\/swimchannel.net\/br\/wp-content\/uploads\/2026\/09\/55506071581_779b37c724_k.jpg\" alt=\"\" width=\"1053\" height=\"630\" srcset=\"https:\/\/swimchannel.net\/br\/wp-content\/uploads\/2026\/09\/55506071581_779b37c724_k.jpg 1053w, https:\/\/swimchannel.net\/br\/wp-content\/uploads\/2026\/09\/55506071581_779b37c724_k-301x180.jpg 301w, https:\/\/swimchannel.net\/br\/wp-content\/uploads\/2026\/09\/55506071581_779b37c724_k-768x459.jpg 768w, https:\/\/swimchannel.net\/br\/wp-content\/uploads\/2026\/09\/55506071581_779b37c724_k-750x449.jpg 750w\" sizes=\"auto, (max-width: 1053px) 100vw, 1053px\" \/><figcaption id=\"caption-attachment-84404\" class=\"wp-caption-text\">Stephanie Balduccini &#8211; Foto: Satiro Sodr\u00e9<\/figcaption><\/figure>\n<p><strong>200m livre feminino<\/strong><br \/>\nUma prova absurda de Maria Fernanda Costa neste Finkel. A nadadora da Unisanta dominou a prova e com um impressionante fim de prova estabeleceu um novo recorde sul-americano para a prova com 1min53s65 e confirmou mais um \u00edndice para o Campeonato Mundial de piscina curta. A vice-campe\u00e3 da prova, Stephanie Balduccini tamb\u00e9m obteve marca para Pequim ao nadar para 1min55s50. Aline Rodrigues completou o p\u00f3dio em terceiro lugar com 1min57s18.<\/p>\n<p>&nbsp;<\/p>\n<figure id=\"attachment_84405\" aria-describedby=\"caption-attachment-84405\" style=\"width: 1052px\" class=\"wp-caption alignnone\"><img loading=\"lazy\" decoding=\"async\" class=\"size-full wp-image-84405\" src=\"https:\/\/swimchannel.net\/br\/wp-content\/uploads\/2026\/09\/55506176358_9aa4e71fcd_k.jpg\" alt=\"\" width=\"1052\" height=\"630\" srcset=\"https:\/\/swimchannel.net\/br\/wp-content\/uploads\/2026\/09\/55506176358_9aa4e71fcd_k.jpg 1052w, https:\/\/swimchannel.net\/br\/wp-content\/uploads\/2026\/09\/55506176358_9aa4e71fcd_k-301x180.jpg 301w, https:\/\/swimchannel.net\/br\/wp-content\/uploads\/2026\/09\/55506176358_9aa4e71fcd_k-768x460.jpg 768w, https:\/\/swimchannel.net\/br\/wp-content\/uploads\/2026\/09\/55506176358_9aa4e71fcd_k-750x449.jpg 750w\" sizes=\"auto, (max-width: 1052px) 100vw, 1052px\" \/><figcaption id=\"caption-attachment-84405\" class=\"wp-caption-text\">Fernando Scheffer &#8211; Foto: Satiro Sodr\u00e9<\/figcaption><\/figure>\n<p><strong>200m livre masculino<\/strong><br \/>\nOutra grande prova neste Finkel, com v\u00e1rios nadadores se destacando e lutando pela vit\u00f3ria. No fim, deu Murilo Sartori com \u00edndice para o Campeonato Mundial de piscina curta, ao nadar para 1min42s76. O vice-campeonato ficou com Eduardo Moraes que nadou para 1min43s40. Kaique Alves, que tamb\u00e9m havia feito o \u00edndice pela manh\u00e3, ficou com o bronze com 1min44s13. Na \u00faltima prova de sua carreira, Fernando Scheffer terminou na quinta coloca\u00e7\u00e3o com 1min44s99 e foi ovacinado pela piscina.<\/p>\n<p>&nbsp;<\/p>\n<figure id=\"attachment_84402\" aria-describedby=\"caption-attachment-84402\" style=\"width: 1052px\" class=\"wp-caption alignnone\"><img loading=\"lazy\" decoding=\"async\" class=\"size-full wp-image-84402\" src=\"https:\/\/swimchannel.net\/br\/wp-content\/uploads\/2026\/09\/55506224879_4b113e45a4_k.jpg\" alt=\"\" width=\"1052\" height=\"630\" srcset=\"https:\/\/swimchannel.net\/br\/wp-content\/uploads\/2026\/09\/55506224879_4b113e45a4_k.jpg 1052w, https:\/\/swimchannel.net\/br\/wp-content\/uploads\/2026\/09\/55506224879_4b113e45a4_k-301x180.jpg 301w, https:\/\/swimchannel.net\/br\/wp-content\/uploads\/2026\/09\/55506224879_4b113e45a4_k-768x460.jpg 768w, https:\/\/swimchannel.net\/br\/wp-content\/uploads\/2026\/09\/55506224879_4b113e45a4_k-750x449.jpg 750w\" sizes=\"auto, (max-width: 1052px) 100vw, 1052px\" \/><figcaption id=\"caption-attachment-84402\" class=\"wp-caption-text\">Giulia Carvalho &#8211; Foto: Satiro Sodr\u00e9<\/figcaption><\/figure>\n<p><strong>50m borboleta feminino<\/strong><br \/>\nSegundo recorde sul-americano do dia, o segundo da nata\u00e7\u00e3o feminina. Giulia Carvalho, que havia batido a marca esse ano, voltou a super\u00e1-la e consequentemente atinigir o \u00edndice para o Campeonato Mundial com o tempa\u00e7o de 25s15. A vice-campe\u00e3 da prova, Beatriz Bezerra ficou com a medalha de prata e tamb\u00e9m fez \u00edndice com o tempo de 25s68. A medalha de bronze ficou com Luanna Oliveira com 25s84.<\/p>\n<p>&nbsp;<\/p>\n<figure id=\"attachment_84403\" aria-describedby=\"caption-attachment-84403\" style=\"width: 1052px\" class=\"wp-caption alignnone\"><img loading=\"lazy\" decoding=\"async\" class=\"size-full wp-image-84403\" src=\"https:\/\/swimchannel.net\/br\/wp-content\/uploads\/2026\/09\/55505070802_00efa371a3_k.jpg\" alt=\"\" width=\"1052\" height=\"630\" srcset=\"https:\/\/swimchannel.net\/br\/wp-content\/uploads\/2026\/09\/55505070802_00efa371a3_k.jpg 1052w, https:\/\/swimchannel.net\/br\/wp-content\/uploads\/2026\/09\/55505070802_00efa371a3_k-301x180.jpg 301w, https:\/\/swimchannel.net\/br\/wp-content\/uploads\/2026\/09\/55505070802_00efa371a3_k-768x460.jpg 768w, https:\/\/swimchannel.net\/br\/wp-content\/uploads\/2026\/09\/55505070802_00efa371a3_k-750x449.jpg 750w\" sizes=\"auto, (max-width: 1052px) 100vw, 1052px\" \/><figcaption id=\"caption-attachment-84403\" class=\"wp-caption-text\">Guilherme Carib\u00e9 &#8211; Foto: Satiro Sodr\u00e9<\/figcaption><\/figure>\n<p><strong>50m borboleta masculino<\/strong><br \/>\nProva\u00e7a de Guilherme Carib\u00e9 dominando as a\u00e7\u00f5es e estabelecendo um novo recorde de campeonato com o tempo de 21s86, ficando apenas a 11 cent\u00e9simos do recorde sul-americano de Nicholas dos Santos. E pela marca, Carib\u00e9 tamb\u00e9m fez \u00edndice para o Mundial de curta. Medalha de prata para Guilheme Rosolen com 22s68 e bronze para Lucio de Paula que nadou para 22s70.<\/p>\n<p>&nbsp;<\/p>\n<figure id=\"attachment_84439\" aria-describedby=\"caption-attachment-84439\" style=\"width: 1055px\" class=\"wp-caption alignnone\"><img loading=\"lazy\" decoding=\"async\" class=\"size-full wp-image-84439\" src=\"https:\/\/swimchannel.net\/br\/wp-content\/uploads\/2026\/09\/55506835039_520464efb7_k.jpg\" alt=\"\" width=\"1055\" height=\"630\" srcset=\"https:\/\/swimchannel.net\/br\/wp-content\/uploads\/2026\/09\/55506835039_520464efb7_k.jpg 1055w, https:\/\/swimchannel.net\/br\/wp-content\/uploads\/2026\/09\/55506835039_520464efb7_k-301x180.jpg 301w, https:\/\/swimchannel.net\/br\/wp-content\/uploads\/2026\/09\/55506835039_520464efb7_k-768x459.jpg 768w, https:\/\/swimchannel.net\/br\/wp-content\/uploads\/2026\/09\/55506835039_520464efb7_k-750x448.jpg 750w\" sizes=\"auto, (max-width: 1055px) 100vw, 1055px\" \/><figcaption id=\"caption-attachment-84439\" class=\"wp-caption-text\">Mercedes Salazar &#8211; Foto: Satiro Sodr\u00e9<\/figcaption><\/figure>\n<p><strong>100m peito feminino<\/strong><br \/>\nMercedes Salazar confimou o favoritismo e conquistou a vit\u00f3ria na prova com novo recorde da Venezuela. A nadadora do Pinheiros liderou de ponta a ponta e levou o ouro com 1min06s85, a \u00fanica abaixo de 1min07s. A segunda coloca\u00e7\u00e3o ficou com Julia Silva que nadou para 1min07s53 e Andressa Simi\u00e3o faturou a medalha de bronze com 1min07s62.<\/p>\n<p>&nbsp;<\/p>\n<figure id=\"attachment_84407\" aria-describedby=\"caption-attachment-84407\" style=\"width: 1052px\" class=\"wp-caption alignnone\"><img loading=\"lazy\" decoding=\"async\" class=\"size-full wp-image-84407\" src=\"https:\/\/swimchannel.net\/br\/wp-content\/uploads\/2026\/09\/55501261609_f6417bdf6f_k.jpg\" alt=\"\" width=\"1052\" height=\"630\" srcset=\"https:\/\/swimchannel.net\/br\/wp-content\/uploads\/2026\/09\/55501261609_f6417bdf6f_k.jpg 1052w, https:\/\/swimchannel.net\/br\/wp-content\/uploads\/2026\/09\/55501261609_f6417bdf6f_k-301x180.jpg 301w, https:\/\/swimchannel.net\/br\/wp-content\/uploads\/2026\/09\/55501261609_f6417bdf6f_k-768x460.jpg 768w, https:\/\/swimchannel.net\/br\/wp-content\/uploads\/2026\/09\/55501261609_f6417bdf6f_k-750x449.jpg 750w\" sizes=\"auto, (max-width: 1052px) 100vw, 1052px\" \/><figcaption id=\"caption-attachment-84407\" class=\"wp-caption-text\">Caio Pumputis &#8211; Foto: Satiro Sodr\u00e9<\/figcaption><\/figure>\n<p><strong>100m peito masculino<\/strong><br \/>\nNa \u00faltima prova individual do dia, vit\u00f3ria de Caio Pumputis com mais um \u00edndice para o Campeonato Mundial de piscina curta de Pequim. O nadador venceu a prova com a marca de 56s80. O veterano Joao Gomes J\u00fanior conquistou a prata ao nadar para 57s62 e o terceiro colocado acabou sendo Kau\u00e3 Carvalho com 57s93.<\/p>\n<p>&nbsp;<\/p>\n<p><strong>4x50m livre misto<\/strong><br \/>\nFechando a etapa tivemos uma emocionante vit\u00f3ria do Minas TC. O quarteto minatenista formado por Lucas Peixoto, Pedro Faria, Giulia Carvalho e Sirena Cervantes venceu com 1min31s02. A medalha de prata foi para a Unisanta com o tempo total de 1min32s06 e o Pinheiros obteve o bronze com 1min32s12.<\/p>\n<p>&nbsp;<\/p>\n<p>Confira aqui os resultados completos do quarto dia de finais do Finkel 2026: <a href=\"https:\/\/www.cbda.org.br\/evento\/natacao\/v1_VnBMjXlzMR4rz0OG9R12asFllkWM-C_Fua6ceqI9QUk.PDEzyfAn_26kfHs2pYLOKmjxhIvZXC5FqE_Rs8z6ayc\/campeonato-brasileiro-de-natacao-jose-finkel?tab=informacoes\" target=\"_blank\" rel=\"noopener\">https:\/\/www.cbda.org.br\/evento\/natacao\/v1_VnBMjXlzMR4rz0OG9R12asFllkWM-C_Fua6ceqI9QUk.PDEzyfAn_26kfHs2pYLOKmjxhIvZXC5FqE_Rs8z6ayc\/campeonato-brasileiro-de-natacao-jose-finkel?tab=informacoes<\/a><\/p>\n<p>&nbsp;<\/p>\n<p>Gostaria de receber as not\u00edcias de nata\u00e7\u00e3o e \u00e1guas abertas no seu email?<\/p>\n<p><a href=\"https:\/\/lpa.nitro.news\/n-GNe\/ultimas-noticias-swim-channel\">Cadastre-se aqui<\/a><\/p>\n","protected":false},"excerpt":{"rendered":"<p>No pen\u00faltimo dia de finais do Trof\u00e9u Jos\u00e9 Finkel, Maria Fernanda Costa e Giulia Carvalho superaram duas marcas sul-americanas em grandes performances. Maf\u00ea obteve o recorde nos 200m livre e Giulia nos 50m borboleta. Obviamente ambas conseguiram o \u00edndice para o Mundial de curta. A etapa teve tamb\u00e9m outros cinco \u00edndices com Stephan Steverink, Stephanie [&hellip;]<\/p>\n","protected":false},"author":3,"featured_media":84438,"comment_status":"open","ping_status":"open","sticky":false,"template":"","format":"standard","meta":{"footnotes":""},"categories":[241],"tags":[1275,1264,774,5653,5130,5809,5325,5601,620,5,2453,130],"class_list":["post-84394","post","type-post","status-publish","format-standard","has-post-thumbnail","hentry","category-trofeu-jose-finkel","tag-caio-pumputis","tag-fernando-scheffer","tag-gabrielle-roncatto","tag-giulia-carvalho","tag-guilherme-caribe","tag-hugo-gonzalez","tag-maria-fernanda-costa","tag-mercedes-salazar","tag-murilo-sartori","tag-natacao","tag-stephanie-balduccini","tag-trofeu-jose-finkel"],"yoast_head":"<!-- This site is optimized with the Yoast SEO plugin v28.3 - https:\/\/yoast.com\/product\/yoast-seo-wordpress\/ -->\n<title>Maf\u00ea Costa e Giulia Carvalho superam recordes sul-americanos no Finkel - Swimchannel<\/title>\n<meta name=\"robots\" content=\"index, follow, max-snippet:-1, max-image-preview:large, max-video-preview:-1\" \/>\n<link rel=\"canonical\" href=\"https:\/\/swimchannel.net\/br\/mafe-costa-e-giulia-carvalho-superam-recordes-sul-americanos-no-finkel\/\" \/>\n<meta property=\"og:locale\" content=\"pt_BR\" \/>\n<meta property=\"og:type\" content=\"article\" \/>\n<meta property=\"og:title\" content=\"Maf\u00ea Costa e Giulia Carvalho superam recordes sul-americanos no Finkel - Swimchannel\" \/>\n<meta property=\"og:description\" content=\"No pen\u00faltimo dia de finais do Trof\u00e9u Jos\u00e9 Finkel, Maria Fernanda Costa e Giulia Carvalho superaram duas marcas sul-americanas em grandes performances. Maf\u00ea obteve o recorde nos 200m livre e Giulia nos 50m borboleta. Obviamente ambas conseguiram o \u00edndice para o Mundial de curta. A etapa teve tamb\u00e9m outros cinco \u00edndices com Stephan Steverink, Stephanie [&hellip;]\" \/>\n<meta property=\"og:url\" content=\"https:\/\/swimchannel.net\/br\/mafe-costa-e-giulia-carvalho-superam-recordes-sul-americanos-no-finkel\/\" \/>\n<meta property=\"og:site_name\" content=\"Swimchannel\" \/>\n<meta property=\"article:publisher\" content=\"https:\/\/www.facebook.com\/swimchannel\" \/>\n<meta property=\"article:published_time\" content=\"2026-09-03T22:44:51+00:00\" \/>\n<meta property=\"article:modified_time\" content=\"2026-09-04T14:40:47+00:00\" \/>\n<meta property=\"og:image\" content=\"https:\/\/swimchannel.net\/br\/wp-content\/uploads\/2026\/09\/55505679047_0cbc3902cf_k.jpg\" \/>\n\t<meta property=\"og:image:width\" content=\"1054\" \/>\n\t<meta property=\"og:image:height\" content=\"630\" \/>\n\t<meta property=\"og:image:type\" content=\"image\/jpeg\" \/>\n<meta name=\"author\" content=\"Guilherme Freitas\" \/>\n<meta name=\"twitter:card\" content=\"summary_large_image\" \/>\n<meta name=\"twitter:label1\" content=\"Escrito por\" \/>\n\t<meta name=\"twitter:data1\" content=\"Guilherme Freitas\" \/>\n\t<meta name=\"twitter:label2\" content=\"Est. tempo de leitura\" \/>\n\t<meta name=\"twitter:data2\" content=\"6 minutos\" \/>\n<script type=\"application\/ld+json\" class=\"yoast-schema-graph\">{\"@context\":\"https:\\\/\\\/schema.org\",\"@graph\":[{\"@type\":\"Article\",\"@id\":\"https:\\\/\\\/swimchannel.net\\\/br\\\/mafe-costa-e-giulia-carvalho-superam-recordes-sul-americanos-no-finkel\\\/#article\",\"isPartOf\":{\"@id\":\"https:\\\/\\\/swimchannel.net\\\/br\\\/mafe-costa-e-giulia-carvalho-superam-recordes-sul-americanos-no-finkel\\\/\"},\"author\":{\"name\":\"Guilherme Freitas\",\"@id\":\"https:\\\/\\\/swimchannel.net\\\/br\\\/#\\\/schema\\\/person\\\/aa2a63bab3275f53749a83276b213c48\"},\"headline\":\"Maf\u00ea Costa e Giulia Carvalho superam recordes sul-americanos no Finkel\",\"datePublished\":\"2026-09-03T22:44:51+00:00\",\"dateModified\":\"2026-09-04T14:40:47+00:00\",\"mainEntityOfPage\":{\"@id\":\"https:\\\/\\\/swimchannel.net\\\/br\\\/mafe-costa-e-giulia-carvalho-superam-recordes-sul-americanos-no-finkel\\\/\"},\"wordCount\":891,\"commentCount\":0,\"publisher\":{\"@id\":\"https:\\\/\\\/swimchannel.net\\\/br\\\/#organization\"},\"image\":{\"@id\":\"https:\\\/\\\/swimchannel.net\\\/br\\\/mafe-costa-e-giulia-carvalho-superam-recordes-sul-americanos-no-finkel\\\/#primaryimage\"},\"thumbnailUrl\":\"https:\\\/\\\/swimchannel.net\\\/br\\\/wp-content\\\/uploads\\\/2026\\\/09\\\/55505679047_0cbc3902cf_k.jpg\",\"keywords\":[\"Caio Pumputis\",\"Fernando Scheffer\",\"Gabrielle Roncatto\",\"Giulia Carvalho\",\"Guilherme Carib\u00e9\",\"Hugo Gonz\u00e1lez\",\"Maria Fernanda Costa\",\"Mercedes Salazar\",\"Murilo Sartori\",\"natacao\",\"Stephanie Balduccini\",\"Trof\u00e9u Jos\u00e9 Finkel\"],\"articleSection\":[\"Trof\u00e9u Jos\u00e9 Finkel\"],\"inLanguage\":\"pt-BR\",\"potentialAction\":[{\"@type\":\"CommentAction\",\"name\":\"Comment\",\"target\":[\"https:\\\/\\\/swimchannel.net\\\/br\\\/mafe-costa-e-giulia-carvalho-superam-recordes-sul-americanos-no-finkel\\\/#respond\"]}]},{\"@type\":\"WebPage\",\"@id\":\"https:\\\/\\\/swimchannel.net\\\/br\\\/mafe-costa-e-giulia-carvalho-superam-recordes-sul-americanos-no-finkel\\\/\",\"url\":\"https:\\\/\\\/swimchannel.net\\\/br\\\/mafe-costa-e-giulia-carvalho-superam-recordes-sul-americanos-no-finkel\\\/\",\"name\":\"Maf\u00ea Costa e Giulia Carvalho superam recordes sul-americanos no Finkel - Swimchannel\",\"isPartOf\":{\"@id\":\"https:\\\/\\\/swimchannel.net\\\/br\\\/#website\"},\"primaryImageOfPage\":{\"@id\":\"https:\\\/\\\/swimchannel.net\\\/br\\\/mafe-costa-e-giulia-carvalho-superam-recordes-sul-americanos-no-finkel\\\/#primaryimage\"},\"image\":{\"@id\":\"https:\\\/\\\/swimchannel.net\\\/br\\\/mafe-costa-e-giulia-carvalho-superam-recordes-sul-americanos-no-finkel\\\/#primaryimage\"},\"thumbnailUrl\":\"https:\\\/\\\/swimchannel.net\\\/br\\\/wp-content\\\/uploads\\\/2026\\\/09\\\/55505679047_0cbc3902cf_k.jpg\",\"datePublished\":\"2026-09-03T22:44:51+00:00\",\"dateModified\":\"2026-09-04T14:40:47+00:00\",\"breadcrumb\":{\"@id\":\"https:\\\/\\\/swimchannel.net\\\/br\\\/mafe-costa-e-giulia-carvalho-superam-recordes-sul-americanos-no-finkel\\\/#breadcrumb\"},\"inLanguage\":\"pt-BR\",\"potentialAction\":[{\"@type\":\"ReadAction\",\"target\":[\"https:\\\/\\\/swimchannel.net\\\/br\\\/mafe-costa-e-giulia-carvalho-superam-recordes-sul-americanos-no-finkel\\\/\"]}]},{\"@type\":\"ImageObject\",\"inLanguage\":\"pt-BR\",\"@id\":\"https:\\\/\\\/swimchannel.net\\\/br\\\/mafe-costa-e-giulia-carvalho-superam-recordes-sul-americanos-no-finkel\\\/#primaryimage\",\"url\":\"https:\\\/\\\/swimchannel.net\\\/br\\\/wp-content\\\/uploads\\\/2026\\\/09\\\/55505679047_0cbc3902cf_k.jpg\",\"contentUrl\":\"https:\\\/\\\/swimchannel.net\\\/br\\\/wp-content\\\/uploads\\\/2026\\\/09\\\/55505679047_0cbc3902cf_k.jpg\",\"width\":1054,\"height\":630,\"caption\":\"Maria Fernanda Costa - Foto: Satiro Sodr\u00e9\"},{\"@type\":\"BreadcrumbList\",\"@id\":\"https:\\\/\\\/swimchannel.net\\\/br\\\/mafe-costa-e-giulia-carvalho-superam-recordes-sul-americanos-no-finkel\\\/#breadcrumb\",\"itemListElement\":[{\"@type\":\"ListItem\",\"position\":1,\"name\":\"Home\",\"item\":\"https:\\\/\\\/swimchannel.net\\\/br\\\/\"},{\"@type\":\"ListItem\",\"position\":2,\"name\":\"Maf\u00ea Costa e Giulia Carvalho superam recordes sul-americanos no Finkel\"}]},{\"@type\":\"WebSite\",\"@id\":\"https:\\\/\\\/swimchannel.net\\\/br\\\/#website\",\"url\":\"https:\\\/\\\/swimchannel.net\\\/br\\\/\",\"name\":\"Swimchannel\",\"description\":\"Maior portal de nata\u00e7\u00e3o da america latina\",\"publisher\":{\"@id\":\"https:\\\/\\\/swimchannel.net\\\/br\\\/#organization\"},\"potentialAction\":[{\"@type\":\"SearchAction\",\"target\":{\"@type\":\"EntryPoint\",\"urlTemplate\":\"https:\\\/\\\/swimchannel.net\\\/br\\\/?s={search_term_string}\"},\"query-input\":{\"@type\":\"PropertyValueSpecification\",\"valueRequired\":true,\"valueName\":\"search_term_string\"}}],\"inLanguage\":\"pt-BR\"},{\"@type\":\"Organization\",\"@id\":\"https:\\\/\\\/swimchannel.net\\\/br\\\/#organization\",\"name\":\"Swimchannel - Conectando voc\u00ea a Nata\u00e7\u00e3o\",\"url\":\"https:\\\/\\\/swimchannel.net\\\/br\\\/\",\"logo\":{\"@type\":\"ImageObject\",\"inLanguage\":\"pt-BR\",\"@id\":\"https:\\\/\\\/swimchannel.net\\\/br\\\/#\\\/schema\\\/logo\\\/image\\\/\",\"url\":\"https:\\\/\\\/swimchannel.net\\\/br\\\/wp-content\\\/uploads\\\/2026\\\/02\\\/SWIM-CHANNEL.png\",\"contentUrl\":\"https:\\\/\\\/swimchannel.net\\\/br\\\/wp-content\\\/uploads\\\/2026\\\/02\\\/SWIM-CHANNEL.png\",\"width\":1120,\"height\":630,\"caption\":\"Swimchannel - Conectando voc\u00ea a Nata\u00e7\u00e3o\"},\"image\":{\"@id\":\"https:\\\/\\\/swimchannel.net\\\/br\\\/#\\\/schema\\\/logo\\\/image\\\/\"},\"sameAs\":[\"https:\\\/\\\/www.facebook.com\\\/swimchannel\",\"https:\\\/\\\/www.instagram.com\\\/swimchannel\"]},{\"@type\":\"Person\",\"@id\":\"https:\\\/\\\/swimchannel.net\\\/br\\\/#\\\/schema\\\/person\\\/aa2a63bab3275f53749a83276b213c48\",\"name\":\"Guilherme Freitas\",\"image\":{\"@type\":\"ImageObject\",\"inLanguage\":\"pt-BR\",\"@id\":\"https:\\\/\\\/swimchannel.net\\\/br\\\/wp-content\\\/uploads\\\/2025\\\/10\\\/gui22-193x180.png\",\"url\":\"https:\\\/\\\/swimchannel.net\\\/br\\\/wp-content\\\/uploads\\\/2025\\\/10\\\/gui22-193x180.png\",\"contentUrl\":\"https:\\\/\\\/swimchannel.net\\\/br\\\/wp-content\\\/uploads\\\/2025\\\/10\\\/gui22-193x180.png\",\"caption\":\"Guilherme Freitas\"},\"description\":\"Jornalista s\u00eanior da SWIM CHANNEL, ex-correspondente da FINA no Brasil e pesquisador acad\u00eamico.\",\"sameAs\":[\"instagram.com\\\/guifreitas86\"],\"url\":\"https:\\\/\\\/swimchannel.net\\\/br\\\/author\\\/guilherme-freitas\\\/\"}]}<\/script>\n<!-- \/ Yoast SEO plugin. -->","yoast_head_json":{"title":"Maf\u00ea Costa e Giulia Carvalho superam recordes sul-americanos no Finkel - Swimchannel","robots":{"index":"index","follow":"follow","max-snippet":"max-snippet:-1","max-image-preview":"max-image-preview:large","max-video-preview":"max-video-preview:-1"},"canonical":"https:\/\/swimchannel.net\/br\/mafe-costa-e-giulia-carvalho-superam-recordes-sul-americanos-no-finkel\/","og_locale":"pt_BR","og_type":"article","og_title":"Maf\u00ea Costa e Giulia Carvalho superam recordes sul-americanos no Finkel - Swimchannel","og_description":"No pen\u00faltimo dia de finais do Trof\u00e9u Jos\u00e9 Finkel, Maria Fernanda Costa e Giulia Carvalho superaram duas marcas sul-americanas em grandes performances. Maf\u00ea obteve o recorde nos 200m livre e Giulia nos 50m borboleta. Obviamente ambas conseguiram o \u00edndice para o Mundial de curta. A etapa teve tamb\u00e9m outros cinco \u00edndices com Stephan Steverink, Stephanie [&hellip;]","og_url":"https:\/\/swimchannel.net\/br\/mafe-costa-e-giulia-carvalho-superam-recordes-sul-americanos-no-finkel\/","og_site_name":"Swimchannel","article_publisher":"https:\/\/www.facebook.com\/swimchannel","article_published_time":"2026-09-03T22:44:51+00:00","article_modified_time":"2026-09-04T14:40:47+00:00","og_image":[{"width":1054,"height":630,"url":"https:\/\/swimchannel.net\/br\/wp-content\/uploads\/2026\/09\/55505679047_0cbc3902cf_k.jpg","type":"image\/jpeg"}],"author":"Guilherme Freitas","twitter_card":"summary_large_image","twitter_misc":{"Escrito por":"Guilherme Freitas","Est. tempo de leitura":"6 minutos"},"schema":{"@context":"https:\/\/schema.org","@graph":[{"@type":"Article","@id":"https:\/\/swimchannel.net\/br\/mafe-costa-e-giulia-carvalho-superam-recordes-sul-americanos-no-finkel\/#article","isPartOf":{"@id":"https:\/\/swimchannel.net\/br\/mafe-costa-e-giulia-carvalho-superam-recordes-sul-americanos-no-finkel\/"},"author":{"name":"Guilherme Freitas","@id":"https:\/\/swimchannel.net\/br\/#\/schema\/person\/aa2a63bab3275f53749a83276b213c48"},"headline":"Maf\u00ea Costa e Giulia Carvalho superam recordes sul-americanos no Finkel","datePublished":"2026-09-03T22:44:51+00:00","dateModified":"2026-09-04T14:40:47+00:00","mainEntityOfPage":{"@id":"https:\/\/swimchannel.net\/br\/mafe-costa-e-giulia-carvalho-superam-recordes-sul-americanos-no-finkel\/"},"wordCount":891,"commentCount":0,"publisher":{"@id":"https:\/\/swimchannel.net\/br\/#organization"},"image":{"@id":"https:\/\/swimchannel.net\/br\/mafe-costa-e-giulia-carvalho-superam-recordes-sul-americanos-no-finkel\/#primaryimage"},"thumbnailUrl":"https:\/\/swimchannel.net\/br\/wp-content\/uploads\/2026\/09\/55505679047_0cbc3902cf_k.jpg","keywords":["Caio Pumputis","Fernando Scheffer","Gabrielle Roncatto","Giulia Carvalho","Guilherme Carib\u00e9","Hugo Gonz\u00e1lez","Maria Fernanda Costa","Mercedes Salazar","Murilo Sartori","natacao","Stephanie Balduccini","Trof\u00e9u Jos\u00e9 Finkel"],"articleSection":["Trof\u00e9u Jos\u00e9 Finkel"],"inLanguage":"pt-BR","potentialAction":[{"@type":"CommentAction","name":"Comment","target":["https:\/\/swimchannel.net\/br\/mafe-costa-e-giulia-carvalho-superam-recordes-sul-americanos-no-finkel\/#respond"]}]},{"@type":"WebPage","@id":"https:\/\/swimchannel.net\/br\/mafe-costa-e-giulia-carvalho-superam-recordes-sul-americanos-no-finkel\/","url":"https:\/\/swimchannel.net\/br\/mafe-costa-e-giulia-carvalho-superam-recordes-sul-americanos-no-finkel\/","name":"Maf\u00ea Costa e Giulia Carvalho superam recordes sul-americanos no Finkel - Swimchannel","isPartOf":{"@id":"https:\/\/swimchannel.net\/br\/#website"},"primaryImageOfPage":{"@id":"https:\/\/swimchannel.net\/br\/mafe-costa-e-giulia-carvalho-superam-recordes-sul-americanos-no-finkel\/#primaryimage"},"image":{"@id":"https:\/\/swimchannel.net\/br\/mafe-costa-e-giulia-carvalho-superam-recordes-sul-americanos-no-finkel\/#primaryimage"},"thumbnailUrl":"https:\/\/swimchannel.net\/br\/wp-content\/uploads\/2026\/09\/55505679047_0cbc3902cf_k.jpg","datePublished":"2026-09-03T22:44:51+00:00","dateModified":"2026-09-04T14:40:47+00:00","breadcrumb":{"@id":"https:\/\/swimchannel.net\/br\/mafe-costa-e-giulia-carvalho-superam-recordes-sul-americanos-no-finkel\/#breadcrumb"},"inLanguage":"pt-BR","potentialAction":[{"@type":"ReadAction","target":["https:\/\/swimchannel.net\/br\/mafe-costa-e-giulia-carvalho-superam-recordes-sul-americanos-no-finkel\/"]}]},{"@type":"ImageObject","inLanguage":"pt-BR","@id":"https:\/\/swimchannel.net\/br\/mafe-costa-e-giulia-carvalho-superam-recordes-sul-americanos-no-finkel\/#primaryimage","url":"https:\/\/swimchannel.net\/br\/wp-content\/uploads\/2026\/09\/55505679047_0cbc3902cf_k.jpg","contentUrl":"https:\/\/swimchannel.net\/br\/wp-content\/uploads\/2026\/09\/55505679047_0cbc3902cf_k.jpg","width":1054,"height":630,"caption":"Maria Fernanda Costa - Foto: Satiro Sodr\u00e9"},{"@type":"BreadcrumbList","@id":"https:\/\/swimchannel.net\/br\/mafe-costa-e-giulia-carvalho-superam-recordes-sul-americanos-no-finkel\/#breadcrumb","itemListElement":[{"@type":"ListItem","position":1,"name":"Home","item":"https:\/\/swimchannel.net\/br\/"},{"@type":"ListItem","position":2,"name":"Maf\u00ea Costa e Giulia Carvalho superam recordes sul-americanos no Finkel"}]},{"@type":"WebSite","@id":"https:\/\/swimchannel.net\/br\/#website","url":"https:\/\/swimchannel.net\/br\/","name":"Swimchannel","description":"Maior portal de nata\u00e7\u00e3o da america latina","publisher":{"@id":"https:\/\/swimchannel.net\/br\/#organization"},"potentialAction":[{"@type":"SearchAction","target":{"@type":"EntryPoint","urlTemplate":"https:\/\/swimchannel.net\/br\/?s={search_term_string}"},"query-input":{"@type":"PropertyValueSpecification","valueRequired":true,"valueName":"search_term_string"}}],"inLanguage":"pt-BR"},{"@type":"Organization","@id":"https:\/\/swimchannel.net\/br\/#organization","name":"Swimchannel - Conectando voc\u00ea a Nata\u00e7\u00e3o","url":"https:\/\/swimchannel.net\/br\/","logo":{"@type":"ImageObject","inLanguage":"pt-BR","@id":"https:\/\/swimchannel.net\/br\/#\/schema\/logo\/image\/","url":"https:\/\/swimchannel.net\/br\/wp-content\/uploads\/2026\/02\/SWIM-CHANNEL.png","contentUrl":"https:\/\/swimchannel.net\/br\/wp-content\/uploads\/2026\/02\/SWIM-CHANNEL.png","width":1120,"height":630,"caption":"Swimchannel - Conectando voc\u00ea a Nata\u00e7\u00e3o"},"image":{"@id":"https:\/\/swimchannel.net\/br\/#\/schema\/logo\/image\/"},"sameAs":["https:\/\/www.facebook.com\/swimchannel","https:\/\/www.instagram.com\/swimchannel"]},{"@type":"Person","@id":"https:\/\/swimchannel.net\/br\/#\/schema\/person\/aa2a63bab3275f53749a83276b213c48","name":"Guilherme Freitas","image":{"@type":"ImageObject","inLanguage":"pt-BR","@id":"https:\/\/swimchannel.net\/br\/wp-content\/uploads\/2025\/10\/gui22-193x180.png","url":"https:\/\/swimchannel.net\/br\/wp-content\/uploads\/2025\/10\/gui22-193x180.png","contentUrl":"https:\/\/swimchannel.net\/br\/wp-content\/uploads\/2025\/10\/gui22-193x180.png","caption":"Guilherme Freitas"},"description":"Jornalista s\u00eanior da SWIM CHANNEL, ex-correspondente da FINA no Brasil e pesquisador acad\u00eamico.","sameAs":["instagram.com\/guifreitas86"],"url":"https:\/\/swimchannel.net\/br\/author\/guilherme-freitas\/"}]}},"_links":{"self":[{"href":"https:\/\/swimchannel.net\/br\/wp-json\/wp\/v2\/posts\/84394","targetHints":{"allow":["GET"]}}],"collection":[{"href":"https:\/\/swimchannel.net\/br\/wp-json\/wp\/v2\/posts"}],"about":[{"href":"https:\/\/swimchannel.net\/br\/wp-json\/wp\/v2\/types\/post"}],"author":[{"embeddable":true,"href":"https:\/\/swimchannel.net\/br\/wp-json\/wp\/v2\/users\/3"}],"replies":[{"embeddable":true,"href":"https:\/\/swimchannel.net\/br\/wp-json\/wp\/v2\/comments?post=84394"}],"version-history":[{"count":10,"href":"https:\/\/swimchannel.net\/br\/wp-json\/wp\/v2\/posts\/84394\/revisions"}],"predecessor-version":[{"id":84440,"href":"https:\/\/swimchannel.net\/br\/wp-json\/wp\/v2\/posts\/84394\/revisions\/84440"}],"wp:featuredmedia":[{"embeddable":true,"href":"https:\/\/swimchannel.net\/br\/wp-json\/wp\/v2\/media\/84438"}],"wp:attachment":[{"href":"https:\/\/swimchannel.net\/br\/wp-json\/wp\/v2\/media?parent=84394"}],"wp:term":[{"taxonomy":"category","embeddable":true,"href":"https:\/\/swimchannel.net\/br\/wp-json\/wp\/v2\/categories?post=84394"},{"taxonomy":"post_tag","embeddable":true,"href":"https:\/\/swimchannel.net\/br\/wp-json\/wp\/v2\/tags?post=84394"}],"curies":[{"name":"wp","href":"https:\/\/api.w.org\/{rel}","templated":true}]}}