{"id":84419,"date":"2026-09-04T10:21:04","date_gmt":"2026-09-04T13:21:04","guid":{"rendered":"https:\/\/swimchannel.net\/br\/?p=84419"},"modified":"2026-09-04T11:54:47","modified_gmt":"2026-09-04T14:54:47","slug":"guga-chacra-resgata-a-dinastia-da-familia-perrone-no-polo-aquatico","status":"publish","type":"post","link":"https:\/\/swimchannel.net\/br\/guga-chacra-resgata-a-dinastia-da-familia-perrone-no-polo-aquatico\/","title":{"rendered":"Guga Chacra resgata a dinastia da fam\u00edlia Perrone em reportagem sobre o polo aqu\u00e1tico"},"content":{"rendered":"<p>O jornalista Guga Chacra resgata a trajet\u00f3ria da fam\u00edlia Perrone em \u201cA dinastia carioca das piscinas\u201d, publicada em 27 de agosto na revista Piau\u00ed, em uma narrativa que combina mem\u00f3ria pessoal, contexto hist\u00f3rico e depoimentos de importantes nomes do polo aqu\u00e1tico. O texto acompanha principalmente as carreiras dos irm\u00e3os Kiko e Felipe Perrone, mostrando como a fam\u00edlia se tornou uma refer\u00eancia internacional no esporte.<\/p>\n<p>A reportagem ganha for\u00e7a pelo relato pessoal do pr\u00f3prio Guga, que conheceu Kiko ainda na adolesc\u00eancia, quando jogava polo aqu\u00e1tico pelo Paulistano. A lembran\u00e7a de um confronto entre os dois \u00e9 usada para dimensionar o talento do atleta: Guga descreve Kiko como um jogador de velocidade, agilidade e t\u00e9cnica muito acima dos demais, comparando seu estilo ao espanhol Manuel Estiarte, um dos grandes nomes da hist\u00f3ria da modalidade.<\/p>\n<figure id=\"attachment_16188\" aria-describedby=\"caption-attachment-16188\" style=\"width: 1200px\" class=\"wp-caption alignnone\"><img loading=\"lazy\" decoding=\"async\" class=\"size-full wp-image-16188\" src=\"https:\/\/swimchannel.net\/br\/wp-content\/uploads\/2019\/04\/perrone_polo_1.jpg\" alt=\"\" width=\"1200\" height=\"675\" srcset=\"https:\/\/swimchannel.net\/br\/wp-content\/uploads\/2019\/04\/perrone_polo_1.jpg 1200w, https:\/\/swimchannel.net\/br\/wp-content\/uploads\/2019\/04\/perrone_polo_1-600x338.jpg 600w\" sizes=\"auto, (max-width: 1200px) 100vw, 1200px\" \/><figcaption id=\"caption-attachment-16188\" class=\"wp-caption-text\">Polo aqu\u00e1tico &#8211; Foto: Satiro Sodr\u00e9\/SSPress<\/figcaption><\/figure>\n<p>O perfil tamb\u00e9m reconstr\u00f3i a trajet\u00f3ria de Felipe Perrone, desde o in\u00edcio no Clube Guanabara, no Rio de Janeiro, at\u00e9 a consolida\u00e7\u00e3o como um dos maiores jogadores de polo aqu\u00e1tico de sua gera\u00e7\u00e3o. O texto destaca sua passagem por grandes equipes europeias, incluindo Barcelona, Pro Recco e Jug Dubrovnik, al\u00e9m das conquistas pela sele\u00e7\u00e3o espanhola.<\/p>\n<p>Um dos momentos mais emblem\u00e1ticos \u00e9 a conquista do Mundial de 2025, quando Felipe marcou o gol decisivo da Espanha contra a Hungria, encerrando a carreira profissional com seu segundo t\u00edtulo mundial. A narrativa de Guga transforma esse epis\u00f3dio em s\u00edmbolo de uma carreira marcada pela excel\u00eancia e pela supera\u00e7\u00e3o das limita\u00e7\u00f5es hist\u00f3ricas do polo aqu\u00e1tico brasileiro.<\/p>\n<blockquote class=\"instagram-media\" style=\"background: #FFF; border: 0; border-radius: 3px; box-shadow: 0 0 1px 0 rgba(0,0,0,0.5),0 1px 10px 0 rgba(0,0,0,0.15); margin: 1px; max-width: 540px; min-width: 326px; padding: 0; width: calc(100% - 2px);\" data-instgrm-captioned=\"\" data-instgrm-permalink=\"https:\/\/www.instagram.com\/p\/Dcj-Ho2Ok7S\/?utm_source=ig_embed&amp;utm_campaign=loading\" data-instgrm-version=\"14\">\n<div style=\"padding: 16px;\">\n<p>&nbsp;<\/p>\n<div style=\"display: flex; flex-direction: row; align-items: center;\">\n<div style=\"background-color: #f4f4f4; border-radius: 50%; flex-grow: 0; height: 40px; margin-right: 14px; width: 40px;\"><\/div>\n<div style=\"display: flex; flex-direction: column; flex-grow: 1; justify-content: center;\">\n<div style=\"background-color: #f4f4f4; border-radius: 4px; flex-grow: 0; height: 14px; margin-bottom: 6px; width: 100px;\"><\/div>\n<div style=\"background-color: #f4f4f4; border-radius: 4px; flex-grow: 0; height: 14px; width: 60px;\"><\/div>\n<\/div>\n<\/div>\n<div style=\"padding: 19% 0;\"><\/div>\n<div style=\"display: block; height: 50px; margin: 0 auto 12px; width: 50px;\"><\/div>\n<div style=\"padding-top: 8px;\">\n<div style=\"color: #3897f0; font-family: Arial,sans-serif; font-size: 14px; font-style: normal; font-weight: 550; line-height: 18px;\">Ver essa foto no Instagram<\/div>\n<\/div>\n<div style=\"padding: 12.5% 0;\"><\/div>\n<div style=\"display: flex; flex-direction: row; margin-bottom: 14px; align-items: center;\">\n<div>\n<div style=\"background-color: #f4f4f4; border-radius: 50%; height: 12.5px; width: 12.5px; transform: translateX(0px) translateY(7px);\"><\/div>\n<div style=\"background-color: #f4f4f4; height: 12.5px; transform: rotate(-45deg) translateX(3px) translateY(1px); width: 12.5px; flex-grow: 0; margin-right: 14px; margin-left: 2px;\"><\/div>\n<div style=\"background-color: #f4f4f4; border-radius: 50%; height: 12.5px; width: 12.5px; transform: translateX(9px) translateY(-18px);\"><\/div>\n<\/div>\n<div style=\"margin-left: 8px;\">\n<div style=\"background-color: #f4f4f4; border-radius: 50%; flex-grow: 0; height: 20px; width: 20px;\"><\/div>\n<div style=\"width: 0; height: 0; border-top: 2px solid transparent; border-left: 6px solid #f4f4f4; border-bottom: 2px solid transparent; transform: translateX(16px) translateY(-4px) rotate(30deg);\"><\/div>\n<\/div>\n<div style=\"margin-left: auto;\">\n<div style=\"width: 0px; border-top: 8px solid #F4F4F4; border-right: 8px solid transparent; transform: translateY(16px);\"><\/div>\n<div style=\"background-color: #f4f4f4; flex-grow: 0; height: 12px; width: 16px; transform: translateY(-4px);\"><\/div>\n<div style=\"width: 0; height: 0; border-top: 8px solid #F4F4F4; border-left: 8px solid transparent; transform: translateY(-4px) translateX(8px);\"><\/div>\n<\/div>\n<\/div>\n<div style=\"display: flex; flex-direction: column; flex-grow: 1; justify-content: center; margin-bottom: 24px;\">\n<div style=\"background-color: #f4f4f4; border-radius: 4px; flex-grow: 0; height: 14px; margin-bottom: 6px; width: 224px;\"><\/div>\n<div style=\"background-color: #f4f4f4; border-radius: 4px; flex-grow: 0; height: 14px; width: 144px;\"><\/div>\n<\/div>\n<p>&nbsp;<\/p>\n<p style=\"color: #c9c8cd; font-family: Arial,sans-serif; font-size: 14px; line-height: 17px; margin-bottom: 0; margin-top: 8px; overflow: hidden; padding: 8px 0 7px; text-align: center; text-overflow: ellipsis; white-space: nowrap;\"><a style=\"color: #c9c8cd; font-family: Arial,sans-serif; font-size: 14px; font-style: normal; font-weight: normal; line-height: 17px; text-decoration: none;\" href=\"https:\/\/www.instagram.com\/p\/Dcj-Ho2Ok7S\/?utm_source=ig_embed&amp;utm_campaign=loading\" target=\"_blank\" rel=\"noopener\">Um post compartilhado por Guga Chacra (@gugachacra)<\/a><\/p>\n<\/div>\n<\/blockquote>\n<p><script async src=\"\/\/www.instagram.com\/embed.js\"><\/script><\/p>\n<p>A reportagem tamb\u00e9m amplia o olhar para o legado da fam\u00edlia Perrone. Ricardo Perrone, pai de Kiko e Felipe, aparece como o ponto de partida dessa hist\u00f3ria, enquanto a nova gera\u00e7\u00e3o, representada por Tom\u00e1s Perrone, mostra que a tradi\u00e7\u00e3o familiar continua. .<\/p>\n<p>Outro ponto relevante \u00e9 a discuss\u00e3o sobre o reconhecimento do esporte no Brasil. Ao final, Guga defende que Felipe e Kiko Perrone deveriam receber no pa\u00eds o mesmo reconhecimento destinado a grandes nomes brasileiros de outras modalidades, comparando Felipe a refer\u00eancias como Zico e Oscar Schmidt.\u00a0Vale a pena a leitura!<\/p>\n<p>Segue o artigo completo aqui: <a href=\"https:\/\/piaui.uol.com.br\/web\/perrone-dinastia-polo-aquatico\/\">https:\/\/piaui.uol.com.br\/web\/perrone-dinastia-polo-aquatico\/\u00a0<\/a><\/p>\n<p>&nbsp;<\/p>\n<p>Gostaria de receber as not\u00edcias de nata\u00e7\u00e3o e \u00e1guas abertas no seu email?<\/p>\n<p><a href=\"https:\/\/lpa.nitro.news\/n-GNe\/ultimas-noticias-swim-channel\">Cadastre-se aqui<\/a><\/p>\n","protected":false},"excerpt":{"rendered":"<p>O jornalista Guga Chacra resgata a trajet\u00f3ria da fam\u00edlia Perrone em \u201cA dinastia carioca das piscinas\u201d, publicada em 27 de agosto na revista Piau\u00ed, em uma narrativa que combina mem\u00f3ria pessoal, contexto hist\u00f3rico e depoimentos de importantes nomes do polo aqu\u00e1tico. O texto acompanha principalmente as carreiras dos irm\u00e3os Kiko e Felipe Perrone, mostrando como [&hellip;]<\/p>\n","protected":false},"author":9,"featured_media":43,"comment_status":"open","ping_status":"open","sticky":false,"template":"","format":"standard","meta":{"footnotes":""},"categories":[6020],"tags":[5401,7166,5,2260,6839],"class_list":["post-84419","post","type-post","status-publish","format-standard","has-post-thumbnail","hentry","category-water-polo","tag-felipe-perrone","tag-guga-chacra","tag-natacao","tag-polo-aquatico","tag-water-polo"],"yoast_head":"<!-- This site is optimized with the Yoast SEO plugin v28.3 - https:\/\/yoast.com\/product\/yoast-seo-wordpress\/ -->\n<title>Guga Chacra resgata a dinastia da fam\u00edlia Perrone em reportagem sobre o polo aqu\u00e1tico - Swimchannel<\/title>\n<meta name=\"robots\" content=\"index, follow, max-snippet:-1, max-image-preview:large, max-video-preview:-1\" \/>\n<link rel=\"canonical\" href=\"https:\/\/swimchannel.net\/br\/guga-chacra-resgata-a-dinastia-da-familia-perrone-no-polo-aquatico\/\" \/>\n<meta property=\"og:locale\" content=\"pt_BR\" \/>\n<meta property=\"og:type\" content=\"article\" \/>\n<meta property=\"og:title\" content=\"Guga Chacra resgata a dinastia da fam\u00edlia Perrone em reportagem sobre o polo aqu\u00e1tico - Swimchannel\" \/>\n<meta property=\"og:description\" content=\"O jornalista Guga Chacra resgata a trajet\u00f3ria da fam\u00edlia Perrone em \u201cA dinastia carioca das piscinas\u201d, publicada em 27 de agosto na revista Piau\u00ed, em uma narrativa que combina mem\u00f3ria pessoal, contexto hist\u00f3rico e depoimentos de importantes nomes do polo aqu\u00e1tico. O texto acompanha principalmente as carreiras dos irm\u00e3os Kiko e Felipe Perrone, mostrando como [&hellip;]\" \/>\n<meta property=\"og:url\" content=\"https:\/\/swimchannel.net\/br\/guga-chacra-resgata-a-dinastia-da-familia-perrone-no-polo-aquatico\/\" \/>\n<meta property=\"og:site_name\" content=\"Swimchannel\" \/>\n<meta property=\"article:publisher\" content=\"https:\/\/www.facebook.com\/swimchannel\" \/>\n<meta property=\"article:published_time\" content=\"2026-09-04T13:21:04+00:00\" \/>\n<meta property=\"article:modified_time\" content=\"2026-09-04T14:54:47+00:00\" \/>\n<meta property=\"og:image\" content=\"https:\/\/swimchannel.net\/br\/wp-content\/uploads\/2015\/07\/A71Q7286.jpg\" \/>\n\t<meta property=\"og:image:width\" content=\"2362\" \/>\n\t<meta property=\"og:image:height\" content=\"1575\" \/>\n\t<meta property=\"og:image:type\" content=\"image\/jpeg\" \/>\n<meta name=\"author\" content=\"Katarine Monteiro\" \/>\n<meta name=\"twitter:card\" content=\"summary_large_image\" \/>\n<meta name=\"twitter:creator\" content=\"@https:\/\/twitter.com\/Katarinem\" \/>\n<meta name=\"twitter:label1\" content=\"Escrito por\" \/>\n\t<meta name=\"twitter:data1\" content=\"Katarine Monteiro\" \/>\n\t<meta name=\"twitter:label2\" content=\"Est. tempo de leitura\" \/>\n\t<meta name=\"twitter:data2\" content=\"3 minutos\" \/>\n<script type=\"application\/ld+json\" class=\"yoast-schema-graph\">{\"@context\":\"https:\\\/\\\/schema.org\",\"@graph\":[{\"@type\":\"Article\",\"@id\":\"https:\\\/\\\/swimchannel.net\\\/br\\\/guga-chacra-resgata-a-dinastia-da-familia-perrone-no-polo-aquatico\\\/#article\",\"isPartOf\":{\"@id\":\"https:\\\/\\\/swimchannel.net\\\/br\\\/guga-chacra-resgata-a-dinastia-da-familia-perrone-no-polo-aquatico\\\/\"},\"author\":{\"name\":\"Katarine Monteiro\",\"@id\":\"https:\\\/\\\/swimchannel.net\\\/br\\\/#\\\/schema\\\/person\\\/73ae9cec62249968bca1f0a8098ef002\"},\"headline\":\"Guga Chacra resgata a dinastia da fam\u00edlia Perrone em reportagem sobre o polo aqu\u00e1tico\",\"datePublished\":\"2026-09-04T13:21:04+00:00\",\"dateModified\":\"2026-09-04T14:54:47+00:00\",\"mainEntityOfPage\":{\"@id\":\"https:\\\/\\\/swimchannel.net\\\/br\\\/guga-chacra-resgata-a-dinastia-da-familia-perrone-no-polo-aquatico\\\/\"},\"wordCount\":448,\"commentCount\":0,\"publisher\":{\"@id\":\"https:\\\/\\\/swimchannel.net\\\/br\\\/#organization\"},\"image\":{\"@id\":\"https:\\\/\\\/swimchannel.net\\\/br\\\/guga-chacra-resgata-a-dinastia-da-familia-perrone-no-polo-aquatico\\\/#primaryimage\"},\"thumbnailUrl\":\"https:\\\/\\\/swimchannel.net\\\/br\\\/wp-content\\\/uploads\\\/2015\\\/07\\\/A71Q7286.jpg\",\"keywords\":[\"Felipe Perrone\",\"Guga Chacra\",\"natacao\",\"polo aqu\u00e1tico\",\"water polo\"],\"articleSection\":[\"Water Polo\"],\"inLanguage\":\"pt-BR\",\"potentialAction\":[{\"@type\":\"CommentAction\",\"name\":\"Comment\",\"target\":[\"https:\\\/\\\/swimchannel.net\\\/br\\\/guga-chacra-resgata-a-dinastia-da-familia-perrone-no-polo-aquatico\\\/#respond\"]}]},{\"@type\":\"WebPage\",\"@id\":\"https:\\\/\\\/swimchannel.net\\\/br\\\/guga-chacra-resgata-a-dinastia-da-familia-perrone-no-polo-aquatico\\\/\",\"url\":\"https:\\\/\\\/swimchannel.net\\\/br\\\/guga-chacra-resgata-a-dinastia-da-familia-perrone-no-polo-aquatico\\\/\",\"name\":\"Guga Chacra resgata a dinastia da fam\u00edlia Perrone em reportagem sobre o polo aqu\u00e1tico - Swimchannel\",\"isPartOf\":{\"@id\":\"https:\\\/\\\/swimchannel.net\\\/br\\\/#website\"},\"primaryImageOfPage\":{\"@id\":\"https:\\\/\\\/swimchannel.net\\\/br\\\/guga-chacra-resgata-a-dinastia-da-familia-perrone-no-polo-aquatico\\\/#primaryimage\"},\"image\":{\"@id\":\"https:\\\/\\\/swimchannel.net\\\/br\\\/guga-chacra-resgata-a-dinastia-da-familia-perrone-no-polo-aquatico\\\/#primaryimage\"},\"thumbnailUrl\":\"https:\\\/\\\/swimchannel.net\\\/br\\\/wp-content\\\/uploads\\\/2015\\\/07\\\/A71Q7286.jpg\",\"datePublished\":\"2026-09-04T13:21:04+00:00\",\"dateModified\":\"2026-09-04T14:54:47+00:00\",\"breadcrumb\":{\"@id\":\"https:\\\/\\\/swimchannel.net\\\/br\\\/guga-chacra-resgata-a-dinastia-da-familia-perrone-no-polo-aquatico\\\/#breadcrumb\"},\"inLanguage\":\"pt-BR\",\"potentialAction\":[{\"@type\":\"ReadAction\",\"target\":[\"https:\\\/\\\/swimchannel.net\\\/br\\\/guga-chacra-resgata-a-dinastia-da-familia-perrone-no-polo-aquatico\\\/\"]}]},{\"@type\":\"ImageObject\",\"inLanguage\":\"pt-BR\",\"@id\":\"https:\\\/\\\/swimchannel.net\\\/br\\\/guga-chacra-resgata-a-dinastia-da-familia-perrone-no-polo-aquatico\\\/#primaryimage\",\"url\":\"https:\\\/\\\/swimchannel.net\\\/br\\\/wp-content\\\/uploads\\\/2015\\\/07\\\/A71Q7286.jpg\",\"contentUrl\":\"https:\\\/\\\/swimchannel.net\\\/br\\\/wp-content\\\/uploads\\\/2015\\\/07\\\/A71Q7286.jpg\",\"width\":2362,\"height\":1575,\"caption\":\"Felipe Perrone\"},{\"@type\":\"BreadcrumbList\",\"@id\":\"https:\\\/\\\/swimchannel.net\\\/br\\\/guga-chacra-resgata-a-dinastia-da-familia-perrone-no-polo-aquatico\\\/#breadcrumb\",\"itemListElement\":[{\"@type\":\"ListItem\",\"position\":1,\"name\":\"Home\",\"item\":\"https:\\\/\\\/swimchannel.net\\\/br\\\/\"},{\"@type\":\"ListItem\",\"position\":2,\"name\":\"Guga Chacra resgata a dinastia da fam\u00edlia Perrone em reportagem sobre o polo aqu\u00e1tico\"}]},{\"@type\":\"WebSite\",\"@id\":\"https:\\\/\\\/swimchannel.net\\\/br\\\/#website\",\"url\":\"https:\\\/\\\/swimchannel.net\\\/br\\\/\",\"name\":\"Swimchannel\",\"description\":\"Maior portal de nata\u00e7\u00e3o da america latina\",\"publisher\":{\"@id\":\"https:\\\/\\\/swimchannel.net\\\/br\\\/#organization\"},\"potentialAction\":[{\"@type\":\"SearchAction\",\"target\":{\"@type\":\"EntryPoint\",\"urlTemplate\":\"https:\\\/\\\/swimchannel.net\\\/br\\\/?s={search_term_string}\"},\"query-input\":{\"@type\":\"PropertyValueSpecification\",\"valueRequired\":true,\"valueName\":\"search_term_string\"}}],\"inLanguage\":\"pt-BR\"},{\"@type\":\"Organization\",\"@id\":\"https:\\\/\\\/swimchannel.net\\\/br\\\/#organization\",\"name\":\"Swimchannel - Conectando voc\u00ea a Nata\u00e7\u00e3o\",\"url\":\"https:\\\/\\\/swimchannel.net\\\/br\\\/\",\"logo\":{\"@type\":\"ImageObject\",\"inLanguage\":\"pt-BR\",\"@id\":\"https:\\\/\\\/swimchannel.net\\\/br\\\/#\\\/schema\\\/logo\\\/image\\\/\",\"url\":\"https:\\\/\\\/swimchannel.net\\\/br\\\/wp-content\\\/uploads\\\/2026\\\/02\\\/SWIM-CHANNEL.png\",\"contentUrl\":\"https:\\\/\\\/swimchannel.net\\\/br\\\/wp-content\\\/uploads\\\/2026\\\/02\\\/SWIM-CHANNEL.png\",\"width\":1120,\"height\":630,\"caption\":\"Swimchannel - Conectando voc\u00ea a Nata\u00e7\u00e3o\"},\"image\":{\"@id\":\"https:\\\/\\\/swimchannel.net\\\/br\\\/#\\\/schema\\\/logo\\\/image\\\/\"},\"sameAs\":[\"https:\\\/\\\/www.facebook.com\\\/swimchannel\",\"https:\\\/\\\/www.instagram.com\\\/swimchannel\"]},{\"@type\":\"Person\",\"@id\":\"https:\\\/\\\/swimchannel.net\\\/br\\\/#\\\/schema\\\/person\\\/73ae9cec62249968bca1f0a8098ef002\",\"name\":\"Katarine Monteiro\",\"image\":{\"@type\":\"ImageObject\",\"inLanguage\":\"pt-BR\",\"@id\":\"https:\\\/\\\/swimchannel.net\\\/br\\\/wp-content\\\/uploads\\\/2022\\\/01\\\/Katarine-Monteiro-100x100.jpg\",\"url\":\"https:\\\/\\\/swimchannel.net\\\/br\\\/wp-content\\\/uploads\\\/2022\\\/01\\\/Katarine-Monteiro-100x100.jpg\",\"contentUrl\":\"https:\\\/\\\/swimchannel.net\\\/br\\\/wp-content\\\/uploads\\\/2022\\\/01\\\/Katarine-Monteiro-100x100.jpg\",\"caption\":\"Katarine Monteiro\"},\"description\":\"Jornalista SWIM CHANNEL especializada em esportes ol\u00edmpicos e em sa\u00fade. Com cobertura de grandes eventos internacionais, como Jogos Ol\u00edmpicos Rio 2016, Jogos Pan-Americanos em Lima 2019, Qatar Total Open 2020, Qatar ExxonMobil Open 2019 - t\u00eanis em Doha (QT), Semana Internacional de Vela de Ilhabela, Transat Jacques Vabre 2019 (Fran\u00e7a-Brasil), L'\u00c9tape Brasil by Tour de France, j\u00e1 fez in\u00fameras coberturas de nata\u00e7\u00e3o, maratona aqu\u00e1tica e polo aqu\u00e1tico. Formada tamb\u00e9m em Letras, a jornalista atua como assessora de imprensa, rela\u00e7\u00f5es p\u00fablicas e social media, com especializa\u00e7\u00e3o em marketing esportivo. Nadadora amadora de \u00e1guas abertas, j\u00e1 trabalhou com grandes nomes da nata\u00e7\u00e3o e do polo aqu\u00e1tico brasileiro.\",\"sameAs\":[\"https:\\\/\\\/www.instagram.com\\\/_katarinemonteiro\\\/\",\"https:\\\/\\\/www.linkedin.com\\\/in\\\/katarine-monteiro-19385297\\\/\",\"https:\\\/\\\/x.com\\\/https:\\\/\\\/twitter.com\\\/Katarinem\"],\"url\":\"https:\\\/\\\/swimchannel.net\\\/br\\\/author\\\/katarine-monteiro\\\/\"}]}<\/script>\n<!-- \/ Yoast SEO plugin. -->","yoast_head_json":{"title":"Guga Chacra resgata a dinastia da fam\u00edlia Perrone em reportagem sobre o polo aqu\u00e1tico - Swimchannel","robots":{"index":"index","follow":"follow","max-snippet":"max-snippet:-1","max-image-preview":"max-image-preview:large","max-video-preview":"max-video-preview:-1"},"canonical":"https:\/\/swimchannel.net\/br\/guga-chacra-resgata-a-dinastia-da-familia-perrone-no-polo-aquatico\/","og_locale":"pt_BR","og_type":"article","og_title":"Guga Chacra resgata a dinastia da fam\u00edlia Perrone em reportagem sobre o polo aqu\u00e1tico - Swimchannel","og_description":"O jornalista Guga Chacra resgata a trajet\u00f3ria da fam\u00edlia Perrone em \u201cA dinastia carioca das piscinas\u201d, publicada em 27 de agosto na revista Piau\u00ed, em uma narrativa que combina mem\u00f3ria pessoal, contexto hist\u00f3rico e depoimentos de importantes nomes do polo aqu\u00e1tico. O texto acompanha principalmente as carreiras dos irm\u00e3os Kiko e Felipe Perrone, mostrando como [&hellip;]","og_url":"https:\/\/swimchannel.net\/br\/guga-chacra-resgata-a-dinastia-da-familia-perrone-no-polo-aquatico\/","og_site_name":"Swimchannel","article_publisher":"https:\/\/www.facebook.com\/swimchannel","article_published_time":"2026-09-04T13:21:04+00:00","article_modified_time":"2026-09-04T14:54:47+00:00","og_image":[{"width":2362,"height":1575,"url":"https:\/\/swimchannel.net\/br\/wp-content\/uploads\/2015\/07\/A71Q7286.jpg","type":"image\/jpeg"}],"author":"Katarine Monteiro","twitter_card":"summary_large_image","twitter_creator":"@https:\/\/twitter.com\/Katarinem","twitter_misc":{"Escrito por":"Katarine Monteiro","Est. tempo de leitura":"3 minutos"},"schema":{"@context":"https:\/\/schema.org","@graph":[{"@type":"Article","@id":"https:\/\/swimchannel.net\/br\/guga-chacra-resgata-a-dinastia-da-familia-perrone-no-polo-aquatico\/#article","isPartOf":{"@id":"https:\/\/swimchannel.net\/br\/guga-chacra-resgata-a-dinastia-da-familia-perrone-no-polo-aquatico\/"},"author":{"name":"Katarine Monteiro","@id":"https:\/\/swimchannel.net\/br\/#\/schema\/person\/73ae9cec62249968bca1f0a8098ef002"},"headline":"Guga Chacra resgata a dinastia da fam\u00edlia Perrone em reportagem sobre o polo aqu\u00e1tico","datePublished":"2026-09-04T13:21:04+00:00","dateModified":"2026-09-04T14:54:47+00:00","mainEntityOfPage":{"@id":"https:\/\/swimchannel.net\/br\/guga-chacra-resgata-a-dinastia-da-familia-perrone-no-polo-aquatico\/"},"wordCount":448,"commentCount":0,"publisher":{"@id":"https:\/\/swimchannel.net\/br\/#organization"},"image":{"@id":"https:\/\/swimchannel.net\/br\/guga-chacra-resgata-a-dinastia-da-familia-perrone-no-polo-aquatico\/#primaryimage"},"thumbnailUrl":"https:\/\/swimchannel.net\/br\/wp-content\/uploads\/2015\/07\/A71Q7286.jpg","keywords":["Felipe Perrone","Guga Chacra","natacao","polo aqu\u00e1tico","water polo"],"articleSection":["Water Polo"],"inLanguage":"pt-BR","potentialAction":[{"@type":"CommentAction","name":"Comment","target":["https:\/\/swimchannel.net\/br\/guga-chacra-resgata-a-dinastia-da-familia-perrone-no-polo-aquatico\/#respond"]}]},{"@type":"WebPage","@id":"https:\/\/swimchannel.net\/br\/guga-chacra-resgata-a-dinastia-da-familia-perrone-no-polo-aquatico\/","url":"https:\/\/swimchannel.net\/br\/guga-chacra-resgata-a-dinastia-da-familia-perrone-no-polo-aquatico\/","name":"Guga Chacra resgata a dinastia da fam\u00edlia Perrone em reportagem sobre o polo aqu\u00e1tico - Swimchannel","isPartOf":{"@id":"https:\/\/swimchannel.net\/br\/#website"},"primaryImageOfPage":{"@id":"https:\/\/swimchannel.net\/br\/guga-chacra-resgata-a-dinastia-da-familia-perrone-no-polo-aquatico\/#primaryimage"},"image":{"@id":"https:\/\/swimchannel.net\/br\/guga-chacra-resgata-a-dinastia-da-familia-perrone-no-polo-aquatico\/#primaryimage"},"thumbnailUrl":"https:\/\/swimchannel.net\/br\/wp-content\/uploads\/2015\/07\/A71Q7286.jpg","datePublished":"2026-09-04T13:21:04+00:00","dateModified":"2026-09-04T14:54:47+00:00","breadcrumb":{"@id":"https:\/\/swimchannel.net\/br\/guga-chacra-resgata-a-dinastia-da-familia-perrone-no-polo-aquatico\/#breadcrumb"},"inLanguage":"pt-BR","potentialAction":[{"@type":"ReadAction","target":["https:\/\/swimchannel.net\/br\/guga-chacra-resgata-a-dinastia-da-familia-perrone-no-polo-aquatico\/"]}]},{"@type":"ImageObject","inLanguage":"pt-BR","@id":"https:\/\/swimchannel.net\/br\/guga-chacra-resgata-a-dinastia-da-familia-perrone-no-polo-aquatico\/#primaryimage","url":"https:\/\/swimchannel.net\/br\/wp-content\/uploads\/2015\/07\/A71Q7286.jpg","contentUrl":"https:\/\/swimchannel.net\/br\/wp-content\/uploads\/2015\/07\/A71Q7286.jpg","width":2362,"height":1575,"caption":"Felipe Perrone"},{"@type":"BreadcrumbList","@id":"https:\/\/swimchannel.net\/br\/guga-chacra-resgata-a-dinastia-da-familia-perrone-no-polo-aquatico\/#breadcrumb","itemListElement":[{"@type":"ListItem","position":1,"name":"Home","item":"https:\/\/swimchannel.net\/br\/"},{"@type":"ListItem","position":2,"name":"Guga Chacra resgata a dinastia da fam\u00edlia Perrone em reportagem sobre o polo aqu\u00e1tico"}]},{"@type":"WebSite","@id":"https:\/\/swimchannel.net\/br\/#website","url":"https:\/\/swimchannel.net\/br\/","name":"Swimchannel","description":"Maior portal de nata\u00e7\u00e3o da america latina","publisher":{"@id":"https:\/\/swimchannel.net\/br\/#organization"},"potentialAction":[{"@type":"SearchAction","target":{"@type":"EntryPoint","urlTemplate":"https:\/\/swimchannel.net\/br\/?s={search_term_string}"},"query-input":{"@type":"PropertyValueSpecification","valueRequired":true,"valueName":"search_term_string"}}],"inLanguage":"pt-BR"},{"@type":"Organization","@id":"https:\/\/swimchannel.net\/br\/#organization","name":"Swimchannel - Conectando voc\u00ea a Nata\u00e7\u00e3o","url":"https:\/\/swimchannel.net\/br\/","logo":{"@type":"ImageObject","inLanguage":"pt-BR","@id":"https:\/\/swimchannel.net\/br\/#\/schema\/logo\/image\/","url":"https:\/\/swimchannel.net\/br\/wp-content\/uploads\/2026\/02\/SWIM-CHANNEL.png","contentUrl":"https:\/\/swimchannel.net\/br\/wp-content\/uploads\/2026\/02\/SWIM-CHANNEL.png","width":1120,"height":630,"caption":"Swimchannel - Conectando voc\u00ea a Nata\u00e7\u00e3o"},"image":{"@id":"https:\/\/swimchannel.net\/br\/#\/schema\/logo\/image\/"},"sameAs":["https:\/\/www.facebook.com\/swimchannel","https:\/\/www.instagram.com\/swimchannel"]},{"@type":"Person","@id":"https:\/\/swimchannel.net\/br\/#\/schema\/person\/73ae9cec62249968bca1f0a8098ef002","name":"Katarine Monteiro","image":{"@type":"ImageObject","inLanguage":"pt-BR","@id":"https:\/\/swimchannel.net\/br\/wp-content\/uploads\/2022\/01\/Katarine-Monteiro-100x100.jpg","url":"https:\/\/swimchannel.net\/br\/wp-content\/uploads\/2022\/01\/Katarine-Monteiro-100x100.jpg","contentUrl":"https:\/\/swimchannel.net\/br\/wp-content\/uploads\/2022\/01\/Katarine-Monteiro-100x100.jpg","caption":"Katarine Monteiro"},"description":"Jornalista SWIM CHANNEL especializada em esportes ol\u00edmpicos e em sa\u00fade. Com cobertura de grandes eventos internacionais, como Jogos Ol\u00edmpicos Rio 2016, Jogos Pan-Americanos em Lima 2019, Qatar Total Open 2020, Qatar ExxonMobil Open 2019 - t\u00eanis em Doha (QT), Semana Internacional de Vela de Ilhabela, Transat Jacques Vabre 2019 (Fran\u00e7a-Brasil), L'\u00c9tape Brasil by Tour de France, j\u00e1 fez in\u00fameras coberturas de nata\u00e7\u00e3o, maratona aqu\u00e1tica e polo aqu\u00e1tico. Formada tamb\u00e9m em Letras, a jornalista atua como assessora de imprensa, rela\u00e7\u00f5es p\u00fablicas e social media, com especializa\u00e7\u00e3o em marketing esportivo. Nadadora amadora de \u00e1guas abertas, j\u00e1 trabalhou com grandes nomes da nata\u00e7\u00e3o e do polo aqu\u00e1tico brasileiro.","sameAs":["https:\/\/www.instagram.com\/_katarinemonteiro\/","https:\/\/www.linkedin.com\/in\/katarine-monteiro-19385297\/","https:\/\/x.com\/https:\/\/twitter.com\/Katarinem"],"url":"https:\/\/swimchannel.net\/br\/author\/katarine-monteiro\/"}]}},"_links":{"self":[{"href":"https:\/\/swimchannel.net\/br\/wp-json\/wp\/v2\/posts\/84419","targetHints":{"allow":["GET"]}}],"collection":[{"href":"https:\/\/swimchannel.net\/br\/wp-json\/wp\/v2\/posts"}],"about":[{"href":"https:\/\/swimchannel.net\/br\/wp-json\/wp\/v2\/types\/post"}],"author":[{"embeddable":true,"href":"https:\/\/swimchannel.net\/br\/wp-json\/wp\/v2\/users\/9"}],"replies":[{"embeddable":true,"href":"https:\/\/swimchannel.net\/br\/wp-json\/wp\/v2\/comments?post=84419"}],"version-history":[{"count":5,"href":"https:\/\/swimchannel.net\/br\/wp-json\/wp\/v2\/posts\/84419\/revisions"}],"predecessor-version":[{"id":84445,"href":"https:\/\/swimchannel.net\/br\/wp-json\/wp\/v2\/posts\/84419\/revisions\/84445"}],"wp:featuredmedia":[{"embeddable":true,"href":"https:\/\/swimchannel.net\/br\/wp-json\/wp\/v2\/media\/43"}],"wp:attachment":[{"href":"https:\/\/swimchannel.net\/br\/wp-json\/wp\/v2\/media?parent=84419"}],"wp:term":[{"taxonomy":"category","embeddable":true,"href":"https:\/\/swimchannel.net\/br\/wp-json\/wp\/v2\/categories?post=84419"},{"taxonomy":"post_tag","embeddable":true,"href":"https:\/\/swimchannel.net\/br\/wp-json\/wp\/v2\/tags?post=84419"}],"curies":[{"name":"wp","href":"https:\/\/api.w.org\/{rel}","templated":true}]}}