{"id":84432,"date":"2026-09-04T11:28:32","date_gmt":"2026-09-04T14:28:32","guid":{"rendered":"https:\/\/swimchannel.net\/br\/?p=84432"},"modified":"2026-09-04T12:22:34","modified_gmt":"2026-09-04T15:22:34","slug":"no-ultimo-dia-de-eliminatorias-mais-tres-indices-para-o-mundial-de-curta","status":"publish","type":"post","link":"https:\/\/swimchannel.net\/br\/no-ultimo-dia-de-eliminatorias-mais-tres-indices-para-o-mundial-de-curta\/","title":{"rendered":"No \u00faltimo dia de eliminat\u00f3rias, mais sete \u00edndices para o Mundial de curta"},"content":{"rendered":"<p>Na \u00faltima etapa de eliminat\u00f3rias do Trof\u00e9u Jos\u00e9 Finkel, uma chuva de \u00edndices para o Campeonato Mundial de piscina curta. Nos 50m livre masculino foram duas marcas com Guilherme Carib\u00e9 nadando para 20s70, estabelecendo ainda a melhor marca do mundo da prova em 2026. Outro nadador tamb\u00e9m atingiu \u00edndice para o Mundial nesta prova, o jovem Pedro Sansone marcando 21s17.<\/p>\n<p>Nos 1500m livre feminino saiu outro \u00edndice para o Mundial, com uma bela prova de Beatriz Dizotti. A fundista dominou a piscina e com 16min00s16 superou a marca para Pequim por mais de tr\u00eas segundos. Carolina Daher foi a segunda mais r\u00e1pida com 16min40s15 e a noite temos a s\u00e9rie principal com Leticia Rom\u00e3o tentando mais um \u00edndice para o Mundial.<\/p>\n<figure id=\"attachment_84434\" aria-describedby=\"caption-attachment-84434\" style=\"width: 946px\" class=\"wp-caption alignnone\"><img loading=\"lazy\" decoding=\"async\" class=\"size-full wp-image-84434\" src=\"https:\/\/swimchannel.net\/br\/wp-content\/uploads\/2026\/09\/WhatsApp-Image-2023-10-17-at-11.18.40.jpeg\" alt=\"\" width=\"946\" height=\"630\" srcset=\"https:\/\/swimchannel.net\/br\/wp-content\/uploads\/2026\/09\/WhatsApp-Image-2023-10-17-at-11.18.40.jpeg 946w, https:\/\/swimchannel.net\/br\/wp-content\/uploads\/2026\/09\/WhatsApp-Image-2023-10-17-at-11.18.40-270x180.jpeg 270w, https:\/\/swimchannel.net\/br\/wp-content\/uploads\/2026\/09\/WhatsApp-Image-2023-10-17-at-11.18.40-768x511.jpeg 768w, https:\/\/swimchannel.net\/br\/wp-content\/uploads\/2026\/09\/WhatsApp-Image-2023-10-17-at-11.18.40-750x499.jpeg 750w\" sizes=\"auto, (max-width: 946px) 100vw, 946px\" \/><figcaption id=\"caption-attachment-84434\" class=\"wp-caption-text\">Pedro Sansone &#8211; Foto: Ricardo Buffolin\/ECP<\/figcaption><\/figure>\n<p>Nos 100m medley masculino foram quatro nadadores abaixo dos exigidos 52s98: Leonardo Santos com 51s92, Gabriel Machuco com 52s61, Jo\u00e3o Garcia com 52s72 e Caio Pumputis com 52s88, al\u00e9m do espanhol\/brasileiro Hugo Gonzalez ter nadado para 52s60. Na final veremos se as coisas mudam. No feminino, Giulia Carvalho foi a mais r\u00e1pida das eliminat\u00f3rias com o tempo de 1min01s58, \u00e0 frente de Manuela Astori que marcou o segundo tempo com 1min01s72.<\/p>\n<p>Nos 100m costas, Julia Go\u00e9s ficou muito pr\u00f3xima do \u00edndice ao nadar para 57s76, precisando baixar 24 cent\u00e9simos para fazer a marca esta noite. A segunda mais r\u00e1pida foi Thacyane Lima com 58s78. Na vers\u00e3o masculina, o mais veloz foi o espanhol\/brasileiro Hugo Gonzalez com o tempo de 51s52, seguida por Pedro Motta com 51s68.<\/p>\n<figure id=\"attachment_84435\" aria-describedby=\"caption-attachment-84435\" style=\"width: 1053px\" class=\"wp-caption alignnone\"><img loading=\"lazy\" decoding=\"async\" class=\"size-full wp-image-84435\" src=\"https:\/\/swimchannel.net\/br\/wp-content\/uploads\/2026\/09\/55499139187_5823bbd244_k.jpg\" alt=\"\" width=\"1053\" height=\"630\" srcset=\"https:\/\/swimchannel.net\/br\/wp-content\/uploads\/2026\/09\/55499139187_5823bbd244_k.jpg 1053w, https:\/\/swimchannel.net\/br\/wp-content\/uploads\/2026\/09\/55499139187_5823bbd244_k-301x180.jpg 301w, https:\/\/swimchannel.net\/br\/wp-content\/uploads\/2026\/09\/55499139187_5823bbd244_k-768x459.jpg 768w, https:\/\/swimchannel.net\/br\/wp-content\/uploads\/2026\/09\/55499139187_5823bbd244_k-750x449.jpg 750w\" sizes=\"auto, (max-width: 1053px) 100vw, 1053px\" \/><figcaption id=\"caption-attachment-84435\" class=\"wp-caption-text\">Beatriz Dizotti &#8211; Foto: Satiro Sodr\u00e9<\/figcaption><\/figure>\n<p>Tivemos ainda a s\u00e9rie mais lenta dos 800m livre, com Arthur Mello sendo mais r\u00e1pido da manh\u00e3 com 7min47s18, seguido pelo colombiano Juan Restrepo com 7min51s31. Por fim, nos 50m livre feminino a mais r\u00e1pida foi Lorrane Ferreira com o tempo de 24s54, ficando a apenas 21 cent\u00e9simos do \u00edndice para Pequim. A segunda mais veloz foi Giulia Carvalho com 24s86.<\/p>\n<p>Nas finais de hoje teremos ainda as provas dos revezamentos 4x100m medley feminino e masculino. Os resultados completos da manh\u00e3 podem ser conferidos no site oficil da CBDA (<a href=\"https:\/\/www.cbda.org.br\/evento\/natacao\/v1_VnBMjXlzMR4rz0OG9R12asFllkWM-C_Fua6ceqI9QUk.PDEzyfAn_26kfHs2pYLOKmjxhIvZXC5FqE_Rs8z6ayc\/campeonato-brasileiro-de-natacao-jose-finkel\" target=\"_blank\" rel=\"noopener\">clique aqui<\/a>). E para assistir na \u00edntegra a etapa acesse o app da Swim Channel TV (<a href=\"https:\/\/tv.swimchannel.net\/\" target=\"_blank\" rel=\"noopener\">https:\/\/tv.swimchannel.net\/<\/a>) ou nosso canal do Youtube (<a href=\"https:\/\/www.youtube.com\/@SwimChanneltv\" target=\"_blank\" rel=\"noopener\">https:\/\/www.youtube.com\/@SwimChanneltv<\/a>).<\/p>\n<p>&nbsp;<\/p>\n<p>Gostaria de receber as not\u00edcias de nata\u00e7\u00e3o e \u00e1guas abertas no seu email?<\/p>\n<p><a href=\"https:\/\/lpa.nitro.news\/n-GNe\/ultimas-noticias-swim-channel\">Cadastre-se aqui<\/a><\/p>\n","protected":false},"excerpt":{"rendered":"<p>Na \u00faltima etapa de eliminat\u00f3rias do Trof\u00e9u Jos\u00e9 Finkel, uma chuva de \u00edndices para o Campeonato Mundial de piscina curta. Nos 50m livre masculino foram duas marcas com Guilherme Carib\u00e9 nadando para 20s70, estabelecendo ainda a melhor marca do mundo da prova em 2026. Outro nadador tamb\u00e9m atingiu \u00edndice para o Mundial nesta prova, o [&hellip;]<\/p>\n","protected":false},"author":3,"featured_media":84436,"comment_status":"open","ping_status":"open","sticky":false,"template":"","format":"standard","meta":{"footnotes":""},"categories":[241],"tags":[4139,1581,5130,5,5376,130],"class_list":["post-84432","post","type-post","status-publish","format-standard","has-post-thumbnail","hentry","category-trofeu-jose-finkel","tag-beatriz-dizotti","tag-campeonato-mundial-de-piscina-curta","tag-guilherme-caribe","tag-natacao","tag-pedro-sansone","tag-trofeu-jose-finkel"],"yoast_head":"<!-- This site is optimized with the Yoast SEO plugin v28.3 - https:\/\/yoast.com\/product\/yoast-seo-wordpress\/ -->\n<title>No \u00faltimo dia de eliminat\u00f3rias, mais sete \u00edndices para o Mundial de curta - Swimchannel<\/title>\n<meta name=\"robots\" content=\"index, follow, max-snippet:-1, max-image-preview:large, max-video-preview:-1\" \/>\n<link rel=\"canonical\" href=\"https:\/\/swimchannel.net\/br\/no-ultimo-dia-de-eliminatorias-mais-tres-indices-para-o-mundial-de-curta\/\" \/>\n<meta property=\"og:locale\" content=\"pt_BR\" \/>\n<meta property=\"og:type\" content=\"article\" \/>\n<meta property=\"og:title\" content=\"No \u00faltimo dia de eliminat\u00f3rias, mais sete \u00edndices para o Mundial de curta - Swimchannel\" \/>\n<meta property=\"og:description\" content=\"Na \u00faltima etapa de eliminat\u00f3rias do Trof\u00e9u Jos\u00e9 Finkel, uma chuva de \u00edndices para o Campeonato Mundial de piscina curta. Nos 50m livre masculino foram duas marcas com Guilherme Carib\u00e9 nadando para 20s70, estabelecendo ainda a melhor marca do mundo da prova em 2026. Outro nadador tamb\u00e9m atingiu \u00edndice para o Mundial nesta prova, o [&hellip;]\" \/>\n<meta property=\"og:url\" content=\"https:\/\/swimchannel.net\/br\/no-ultimo-dia-de-eliminatorias-mais-tres-indices-para-o-mundial-de-curta\/\" \/>\n<meta property=\"og:site_name\" content=\"Swimchannel\" \/>\n<meta property=\"article:publisher\" content=\"https:\/\/www.facebook.com\/swimchannel\" \/>\n<meta property=\"article:published_time\" content=\"2026-09-04T14:28:32+00:00\" \/>\n<meta property=\"article:modified_time\" content=\"2026-09-04T15:22:34+00:00\" \/>\n<meta property=\"og:image\" content=\"https:\/\/swimchannel.net\/br\/wp-content\/uploads\/2026\/09\/55506835134_38b882b9e6_k.jpg\" \/>\n\t<meta property=\"og:image:width\" content=\"1054\" \/>\n\t<meta property=\"og:image:height\" content=\"630\" \/>\n\t<meta property=\"og:image:type\" content=\"image\/jpeg\" \/>\n<meta name=\"author\" content=\"Guilherme Freitas\" \/>\n<meta name=\"twitter:card\" content=\"summary_large_image\" \/>\n<meta name=\"twitter:label1\" content=\"Escrito por\" \/>\n\t<meta name=\"twitter:data1\" content=\"Guilherme Freitas\" \/>\n\t<meta name=\"twitter:label2\" content=\"Est. tempo de leitura\" \/>\n\t<meta name=\"twitter:data2\" content=\"3 minutos\" \/>\n<script type=\"application\/ld+json\" class=\"yoast-schema-graph\">{\"@context\":\"https:\\\/\\\/schema.org\",\"@graph\":[{\"@type\":\"Article\",\"@id\":\"https:\\\/\\\/swimchannel.net\\\/br\\\/no-ultimo-dia-de-eliminatorias-mais-tres-indices-para-o-mundial-de-curta\\\/#article\",\"isPartOf\":{\"@id\":\"https:\\\/\\\/swimchannel.net\\\/br\\\/no-ultimo-dia-de-eliminatorias-mais-tres-indices-para-o-mundial-de-curta\\\/\"},\"author\":{\"name\":\"Guilherme Freitas\",\"@id\":\"https:\\\/\\\/swimchannel.net\\\/br\\\/#\\\/schema\\\/person\\\/aa2a63bab3275f53749a83276b213c48\"},\"headline\":\"No \u00faltimo dia de eliminat\u00f3rias, mais sete \u00edndices para o Mundial de curta\",\"datePublished\":\"2026-09-04T14:28:32+00:00\",\"dateModified\":\"2026-09-04T15:22:34+00:00\",\"mainEntityOfPage\":{\"@id\":\"https:\\\/\\\/swimchannel.net\\\/br\\\/no-ultimo-dia-de-eliminatorias-mais-tres-indices-para-o-mundial-de-curta\\\/\"},\"wordCount\":450,\"commentCount\":0,\"publisher\":{\"@id\":\"https:\\\/\\\/swimchannel.net\\\/br\\\/#organization\"},\"image\":{\"@id\":\"https:\\\/\\\/swimchannel.net\\\/br\\\/no-ultimo-dia-de-eliminatorias-mais-tres-indices-para-o-mundial-de-curta\\\/#primaryimage\"},\"thumbnailUrl\":\"https:\\\/\\\/swimchannel.net\\\/br\\\/wp-content\\\/uploads\\\/2026\\\/09\\\/55506835134_38b882b9e6_k.jpg\",\"keywords\":[\"Beatriz Dizotti\",\"Campeonato Mundial de piscina curta\",\"Guilherme Carib\u00e9\",\"natacao\",\"pedro sansone\",\"Trof\u00e9u Jos\u00e9 Finkel\"],\"articleSection\":[\"Trof\u00e9u Jos\u00e9 Finkel\"],\"inLanguage\":\"pt-BR\",\"potentialAction\":[{\"@type\":\"CommentAction\",\"name\":\"Comment\",\"target\":[\"https:\\\/\\\/swimchannel.net\\\/br\\\/no-ultimo-dia-de-eliminatorias-mais-tres-indices-para-o-mundial-de-curta\\\/#respond\"]}]},{\"@type\":\"WebPage\",\"@id\":\"https:\\\/\\\/swimchannel.net\\\/br\\\/no-ultimo-dia-de-eliminatorias-mais-tres-indices-para-o-mundial-de-curta\\\/\",\"url\":\"https:\\\/\\\/swimchannel.net\\\/br\\\/no-ultimo-dia-de-eliminatorias-mais-tres-indices-para-o-mundial-de-curta\\\/\",\"name\":\"No \u00faltimo dia de eliminat\u00f3rias, mais sete \u00edndices para o Mundial de curta - Swimchannel\",\"isPartOf\":{\"@id\":\"https:\\\/\\\/swimchannel.net\\\/br\\\/#website\"},\"primaryImageOfPage\":{\"@id\":\"https:\\\/\\\/swimchannel.net\\\/br\\\/no-ultimo-dia-de-eliminatorias-mais-tres-indices-para-o-mundial-de-curta\\\/#primaryimage\"},\"image\":{\"@id\":\"https:\\\/\\\/swimchannel.net\\\/br\\\/no-ultimo-dia-de-eliminatorias-mais-tres-indices-para-o-mundial-de-curta\\\/#primaryimage\"},\"thumbnailUrl\":\"https:\\\/\\\/swimchannel.net\\\/br\\\/wp-content\\\/uploads\\\/2026\\\/09\\\/55506835134_38b882b9e6_k.jpg\",\"datePublished\":\"2026-09-04T14:28:32+00:00\",\"dateModified\":\"2026-09-04T15:22:34+00:00\",\"breadcrumb\":{\"@id\":\"https:\\\/\\\/swimchannel.net\\\/br\\\/no-ultimo-dia-de-eliminatorias-mais-tres-indices-para-o-mundial-de-curta\\\/#breadcrumb\"},\"inLanguage\":\"pt-BR\",\"potentialAction\":[{\"@type\":\"ReadAction\",\"target\":[\"https:\\\/\\\/swimchannel.net\\\/br\\\/no-ultimo-dia-de-eliminatorias-mais-tres-indices-para-o-mundial-de-curta\\\/\"]}]},{\"@type\":\"ImageObject\",\"inLanguage\":\"pt-BR\",\"@id\":\"https:\\\/\\\/swimchannel.net\\\/br\\\/no-ultimo-dia-de-eliminatorias-mais-tres-indices-para-o-mundial-de-curta\\\/#primaryimage\",\"url\":\"https:\\\/\\\/swimchannel.net\\\/br\\\/wp-content\\\/uploads\\\/2026\\\/09\\\/55506835134_38b882b9e6_k.jpg\",\"contentUrl\":\"https:\\\/\\\/swimchannel.net\\\/br\\\/wp-content\\\/uploads\\\/2026\\\/09\\\/55506835134_38b882b9e6_k.jpg\",\"width\":1054,\"height\":630,\"caption\":\"Guilherme Carib\u00e9 - Foto: Satiro Sodr\u00e9\"},{\"@type\":\"BreadcrumbList\",\"@id\":\"https:\\\/\\\/swimchannel.net\\\/br\\\/no-ultimo-dia-de-eliminatorias-mais-tres-indices-para-o-mundial-de-curta\\\/#breadcrumb\",\"itemListElement\":[{\"@type\":\"ListItem\",\"position\":1,\"name\":\"Home\",\"item\":\"https:\\\/\\\/swimchannel.net\\\/br\\\/\"},{\"@type\":\"ListItem\",\"position\":2,\"name\":\"No \u00faltimo dia de eliminat\u00f3rias, mais sete \u00edndices para o Mundial de curta\"}]},{\"@type\":\"WebSite\",\"@id\":\"https:\\\/\\\/swimchannel.net\\\/br\\\/#website\",\"url\":\"https:\\\/\\\/swimchannel.net\\\/br\\\/\",\"name\":\"Swimchannel\",\"description\":\"Maior portal de nata\u00e7\u00e3o da america latina\",\"publisher\":{\"@id\":\"https:\\\/\\\/swimchannel.net\\\/br\\\/#organization\"},\"potentialAction\":[{\"@type\":\"SearchAction\",\"target\":{\"@type\":\"EntryPoint\",\"urlTemplate\":\"https:\\\/\\\/swimchannel.net\\\/br\\\/?s={search_term_string}\"},\"query-input\":{\"@type\":\"PropertyValueSpecification\",\"valueRequired\":true,\"valueName\":\"search_term_string\"}}],\"inLanguage\":\"pt-BR\"},{\"@type\":\"Organization\",\"@id\":\"https:\\\/\\\/swimchannel.net\\\/br\\\/#organization\",\"name\":\"Swimchannel - Conectando voc\u00ea a Nata\u00e7\u00e3o\",\"url\":\"https:\\\/\\\/swimchannel.net\\\/br\\\/\",\"logo\":{\"@type\":\"ImageObject\",\"inLanguage\":\"pt-BR\",\"@id\":\"https:\\\/\\\/swimchannel.net\\\/br\\\/#\\\/schema\\\/logo\\\/image\\\/\",\"url\":\"https:\\\/\\\/swimchannel.net\\\/br\\\/wp-content\\\/uploads\\\/2026\\\/02\\\/SWIM-CHANNEL.png\",\"contentUrl\":\"https:\\\/\\\/swimchannel.net\\\/br\\\/wp-content\\\/uploads\\\/2026\\\/02\\\/SWIM-CHANNEL.png\",\"width\":1120,\"height\":630,\"caption\":\"Swimchannel - Conectando voc\u00ea a Nata\u00e7\u00e3o\"},\"image\":{\"@id\":\"https:\\\/\\\/swimchannel.net\\\/br\\\/#\\\/schema\\\/logo\\\/image\\\/\"},\"sameAs\":[\"https:\\\/\\\/www.facebook.com\\\/swimchannel\",\"https:\\\/\\\/www.instagram.com\\\/swimchannel\"]},{\"@type\":\"Person\",\"@id\":\"https:\\\/\\\/swimchannel.net\\\/br\\\/#\\\/schema\\\/person\\\/aa2a63bab3275f53749a83276b213c48\",\"name\":\"Guilherme Freitas\",\"image\":{\"@type\":\"ImageObject\",\"inLanguage\":\"pt-BR\",\"@id\":\"https:\\\/\\\/swimchannel.net\\\/br\\\/wp-content\\\/uploads\\\/2025\\\/10\\\/gui22-193x180.png\",\"url\":\"https:\\\/\\\/swimchannel.net\\\/br\\\/wp-content\\\/uploads\\\/2025\\\/10\\\/gui22-193x180.png\",\"contentUrl\":\"https:\\\/\\\/swimchannel.net\\\/br\\\/wp-content\\\/uploads\\\/2025\\\/10\\\/gui22-193x180.png\",\"caption\":\"Guilherme Freitas\"},\"description\":\"Jornalista s\u00eanior da SWIM CHANNEL, ex-correspondente da FINA no Brasil e pesquisador acad\u00eamico.\",\"sameAs\":[\"instagram.com\\\/guifreitas86\"],\"url\":\"https:\\\/\\\/swimchannel.net\\\/br\\\/author\\\/guilherme-freitas\\\/\"}]}<\/script>\n<!-- \/ Yoast SEO plugin. -->","yoast_head_json":{"title":"No \u00faltimo dia de eliminat\u00f3rias, mais sete \u00edndices para o Mundial de curta - Swimchannel","robots":{"index":"index","follow":"follow","max-snippet":"max-snippet:-1","max-image-preview":"max-image-preview:large","max-video-preview":"max-video-preview:-1"},"canonical":"https:\/\/swimchannel.net\/br\/no-ultimo-dia-de-eliminatorias-mais-tres-indices-para-o-mundial-de-curta\/","og_locale":"pt_BR","og_type":"article","og_title":"No \u00faltimo dia de eliminat\u00f3rias, mais sete \u00edndices para o Mundial de curta - Swimchannel","og_description":"Na \u00faltima etapa de eliminat\u00f3rias do Trof\u00e9u Jos\u00e9 Finkel, uma chuva de \u00edndices para o Campeonato Mundial de piscina curta. Nos 50m livre masculino foram duas marcas com Guilherme Carib\u00e9 nadando para 20s70, estabelecendo ainda a melhor marca do mundo da prova em 2026. Outro nadador tamb\u00e9m atingiu \u00edndice para o Mundial nesta prova, o [&hellip;]","og_url":"https:\/\/swimchannel.net\/br\/no-ultimo-dia-de-eliminatorias-mais-tres-indices-para-o-mundial-de-curta\/","og_site_name":"Swimchannel","article_publisher":"https:\/\/www.facebook.com\/swimchannel","article_published_time":"2026-09-04T14:28:32+00:00","article_modified_time":"2026-09-04T15:22:34+00:00","og_image":[{"width":1054,"height":630,"url":"https:\/\/swimchannel.net\/br\/wp-content\/uploads\/2026\/09\/55506835134_38b882b9e6_k.jpg","type":"image\/jpeg"}],"author":"Guilherme Freitas","twitter_card":"summary_large_image","twitter_misc":{"Escrito por":"Guilherme Freitas","Est. tempo de leitura":"3 minutos"},"schema":{"@context":"https:\/\/schema.org","@graph":[{"@type":"Article","@id":"https:\/\/swimchannel.net\/br\/no-ultimo-dia-de-eliminatorias-mais-tres-indices-para-o-mundial-de-curta\/#article","isPartOf":{"@id":"https:\/\/swimchannel.net\/br\/no-ultimo-dia-de-eliminatorias-mais-tres-indices-para-o-mundial-de-curta\/"},"author":{"name":"Guilherme Freitas","@id":"https:\/\/swimchannel.net\/br\/#\/schema\/person\/aa2a63bab3275f53749a83276b213c48"},"headline":"No \u00faltimo dia de eliminat\u00f3rias, mais sete \u00edndices para o Mundial de curta","datePublished":"2026-09-04T14:28:32+00:00","dateModified":"2026-09-04T15:22:34+00:00","mainEntityOfPage":{"@id":"https:\/\/swimchannel.net\/br\/no-ultimo-dia-de-eliminatorias-mais-tres-indices-para-o-mundial-de-curta\/"},"wordCount":450,"commentCount":0,"publisher":{"@id":"https:\/\/swimchannel.net\/br\/#organization"},"image":{"@id":"https:\/\/swimchannel.net\/br\/no-ultimo-dia-de-eliminatorias-mais-tres-indices-para-o-mundial-de-curta\/#primaryimage"},"thumbnailUrl":"https:\/\/swimchannel.net\/br\/wp-content\/uploads\/2026\/09\/55506835134_38b882b9e6_k.jpg","keywords":["Beatriz Dizotti","Campeonato Mundial de piscina curta","Guilherme Carib\u00e9","natacao","pedro sansone","Trof\u00e9u Jos\u00e9 Finkel"],"articleSection":["Trof\u00e9u Jos\u00e9 Finkel"],"inLanguage":"pt-BR","potentialAction":[{"@type":"CommentAction","name":"Comment","target":["https:\/\/swimchannel.net\/br\/no-ultimo-dia-de-eliminatorias-mais-tres-indices-para-o-mundial-de-curta\/#respond"]}]},{"@type":"WebPage","@id":"https:\/\/swimchannel.net\/br\/no-ultimo-dia-de-eliminatorias-mais-tres-indices-para-o-mundial-de-curta\/","url":"https:\/\/swimchannel.net\/br\/no-ultimo-dia-de-eliminatorias-mais-tres-indices-para-o-mundial-de-curta\/","name":"No \u00faltimo dia de eliminat\u00f3rias, mais sete \u00edndices para o Mundial de curta - Swimchannel","isPartOf":{"@id":"https:\/\/swimchannel.net\/br\/#website"},"primaryImageOfPage":{"@id":"https:\/\/swimchannel.net\/br\/no-ultimo-dia-de-eliminatorias-mais-tres-indices-para-o-mundial-de-curta\/#primaryimage"},"image":{"@id":"https:\/\/swimchannel.net\/br\/no-ultimo-dia-de-eliminatorias-mais-tres-indices-para-o-mundial-de-curta\/#primaryimage"},"thumbnailUrl":"https:\/\/swimchannel.net\/br\/wp-content\/uploads\/2026\/09\/55506835134_38b882b9e6_k.jpg","datePublished":"2026-09-04T14:28:32+00:00","dateModified":"2026-09-04T15:22:34+00:00","breadcrumb":{"@id":"https:\/\/swimchannel.net\/br\/no-ultimo-dia-de-eliminatorias-mais-tres-indices-para-o-mundial-de-curta\/#breadcrumb"},"inLanguage":"pt-BR","potentialAction":[{"@type":"ReadAction","target":["https:\/\/swimchannel.net\/br\/no-ultimo-dia-de-eliminatorias-mais-tres-indices-para-o-mundial-de-curta\/"]}]},{"@type":"ImageObject","inLanguage":"pt-BR","@id":"https:\/\/swimchannel.net\/br\/no-ultimo-dia-de-eliminatorias-mais-tres-indices-para-o-mundial-de-curta\/#primaryimage","url":"https:\/\/swimchannel.net\/br\/wp-content\/uploads\/2026\/09\/55506835134_38b882b9e6_k.jpg","contentUrl":"https:\/\/swimchannel.net\/br\/wp-content\/uploads\/2026\/09\/55506835134_38b882b9e6_k.jpg","width":1054,"height":630,"caption":"Guilherme Carib\u00e9 - Foto: Satiro Sodr\u00e9"},{"@type":"BreadcrumbList","@id":"https:\/\/swimchannel.net\/br\/no-ultimo-dia-de-eliminatorias-mais-tres-indices-para-o-mundial-de-curta\/#breadcrumb","itemListElement":[{"@type":"ListItem","position":1,"name":"Home","item":"https:\/\/swimchannel.net\/br\/"},{"@type":"ListItem","position":2,"name":"No \u00faltimo dia de eliminat\u00f3rias, mais sete \u00edndices para o Mundial de curta"}]},{"@type":"WebSite","@id":"https:\/\/swimchannel.net\/br\/#website","url":"https:\/\/swimchannel.net\/br\/","name":"Swimchannel","description":"Maior portal de nata\u00e7\u00e3o da america latina","publisher":{"@id":"https:\/\/swimchannel.net\/br\/#organization"},"potentialAction":[{"@type":"SearchAction","target":{"@type":"EntryPoint","urlTemplate":"https:\/\/swimchannel.net\/br\/?s={search_term_string}"},"query-input":{"@type":"PropertyValueSpecification","valueRequired":true,"valueName":"search_term_string"}}],"inLanguage":"pt-BR"},{"@type":"Organization","@id":"https:\/\/swimchannel.net\/br\/#organization","name":"Swimchannel - Conectando voc\u00ea a Nata\u00e7\u00e3o","url":"https:\/\/swimchannel.net\/br\/","logo":{"@type":"ImageObject","inLanguage":"pt-BR","@id":"https:\/\/swimchannel.net\/br\/#\/schema\/logo\/image\/","url":"https:\/\/swimchannel.net\/br\/wp-content\/uploads\/2026\/02\/SWIM-CHANNEL.png","contentUrl":"https:\/\/swimchannel.net\/br\/wp-content\/uploads\/2026\/02\/SWIM-CHANNEL.png","width":1120,"height":630,"caption":"Swimchannel - Conectando voc\u00ea a Nata\u00e7\u00e3o"},"image":{"@id":"https:\/\/swimchannel.net\/br\/#\/schema\/logo\/image\/"},"sameAs":["https:\/\/www.facebook.com\/swimchannel","https:\/\/www.instagram.com\/swimchannel"]},{"@type":"Person","@id":"https:\/\/swimchannel.net\/br\/#\/schema\/person\/aa2a63bab3275f53749a83276b213c48","name":"Guilherme Freitas","image":{"@type":"ImageObject","inLanguage":"pt-BR","@id":"https:\/\/swimchannel.net\/br\/wp-content\/uploads\/2025\/10\/gui22-193x180.png","url":"https:\/\/swimchannel.net\/br\/wp-content\/uploads\/2025\/10\/gui22-193x180.png","contentUrl":"https:\/\/swimchannel.net\/br\/wp-content\/uploads\/2025\/10\/gui22-193x180.png","caption":"Guilherme Freitas"},"description":"Jornalista s\u00eanior da SWIM CHANNEL, ex-correspondente da FINA no Brasil e pesquisador acad\u00eamico.","sameAs":["instagram.com\/guifreitas86"],"url":"https:\/\/swimchannel.net\/br\/author\/guilherme-freitas\/"}]}},"_links":{"self":[{"href":"https:\/\/swimchannel.net\/br\/wp-json\/wp\/v2\/posts\/84432","targetHints":{"allow":["GET"]}}],"collection":[{"href":"https:\/\/swimchannel.net\/br\/wp-json\/wp\/v2\/posts"}],"about":[{"href":"https:\/\/swimchannel.net\/br\/wp-json\/wp\/v2\/types\/post"}],"author":[{"embeddable":true,"href":"https:\/\/swimchannel.net\/br\/wp-json\/wp\/v2\/users\/3"}],"replies":[{"embeddable":true,"href":"https:\/\/swimchannel.net\/br\/wp-json\/wp\/v2\/comments?post=84432"}],"version-history":[{"count":5,"href":"https:\/\/swimchannel.net\/br\/wp-json\/wp\/v2\/posts\/84432\/revisions"}],"predecessor-version":[{"id":84449,"href":"https:\/\/swimchannel.net\/br\/wp-json\/wp\/v2\/posts\/84432\/revisions\/84449"}],"wp:featuredmedia":[{"embeddable":true,"href":"https:\/\/swimchannel.net\/br\/wp-json\/wp\/v2\/media\/84436"}],"wp:attachment":[{"href":"https:\/\/swimchannel.net\/br\/wp-json\/wp\/v2\/media?parent=84432"}],"wp:term":[{"taxonomy":"category","embeddable":true,"href":"https:\/\/swimchannel.net\/br\/wp-json\/wp\/v2\/categories?post=84432"},{"taxonomy":"post_tag","embeddable":true,"href":"https:\/\/swimchannel.net\/br\/wp-json\/wp\/v2\/tags?post=84432"}],"curies":[{"name":"wp","href":"https:\/\/api.w.org\/{rel}","templated":true}]}}