{"id":84452,"date":"2026-09-04T20:25:26","date_gmt":"2026-09-04T23:25:26","guid":{"rendered":"https:\/\/swimchannel.net\/br\/?p=84452"},"modified":"2026-09-04T20:43:20","modified_gmt":"2026-09-04T23:43:20","slug":"finkel-termina-com-recorde-sul-americano-de-leonardo-alcantara","status":"publish","type":"post","link":"https:\/\/swimchannel.net\/br\/finkel-termina-com-recorde-sul-americano-de-leonardo-alcantara\/","title":{"rendered":"Finkel termina com recorde sul-americano de Leonardo Alc\u00e2ntara"},"content":{"rendered":"<p>\u00daltimo dia de provas do Trof\u00e9u Jos\u00e9 Finkel o grande nome da etapa foi Leonardo Alc\u00e2ntara, que brilhou nos 800m livre superando o recorde sul-americano da prova e garantindo vaga na equipe do Campeonato Mundial de curta. O dia teve tamb\u00e9m outras grandes performances, como a vit\u00f3ria espetacular de Guilherme Carib\u00e9 nos 50m livre, a bela performance de Leticia Rom\u00e3o nos 1500m livre e os novos recordes de campeonato de Hugo Gonzalez e Giulia Carvalho nos 100m medley. Veja abaixo um resum\u00e3o da etapa:<\/p>\n<p>&nbsp;<\/p>\n<figure id=\"attachment_84350\" aria-describedby=\"caption-attachment-84350\" style=\"width: 1053px\" class=\"wp-caption alignnone\"><img loading=\"lazy\" decoding=\"async\" class=\"size-full wp-image-84350\" src=\"https:\/\/swimchannel.net\/br\/wp-content\/uploads\/2026\/09\/55504873361_1c56f9372e_k.jpg\" alt=\"\" width=\"1053\" height=\"630\" srcset=\"https:\/\/swimchannel.net\/br\/wp-content\/uploads\/2026\/09\/55504873361_1c56f9372e_k.jpg 1053w, https:\/\/swimchannel.net\/br\/wp-content\/uploads\/2026\/09\/55504873361_1c56f9372e_k-301x180.jpg 301w, https:\/\/swimchannel.net\/br\/wp-content\/uploads\/2026\/09\/55504873361_1c56f9372e_k-768x459.jpg 768w, https:\/\/swimchannel.net\/br\/wp-content\/uploads\/2026\/09\/55504873361_1c56f9372e_k-750x449.jpg 750w\" sizes=\"auto, (max-width: 1053px) 100vw, 1053px\" \/><figcaption id=\"caption-attachment-84350\" class=\"wp-caption-text\">Guilherme Basseto &#8211; Foto: Satiro Sodr\u00e9<\/figcaption><\/figure>\n<p><strong>100m costas masculino<\/strong><br \/>\nGuilherme Basseto fez seu segundo \u00edndice para o Campeonato Mundial de Pequim, ao conquistar a medalha de prata com o tempo de 50s80 e agora aguarda a rela\u00e7\u00e3o final dos convocados. A medalha de ouro ficou com o espanhol\/brasileiro Hugo Gonz\u00e1lez que marcou 50s62. Pedro Buch, outro grande nome da competi\u00e7\u00e3o, levou o bronze com 51s07.<\/p>\n<p>&nbsp;<\/p>\n<figure id=\"attachment_73061\" aria-describedby=\"caption-attachment-73061\" style=\"width: 1200px\" class=\"wp-caption alignnone\"><img loading=\"lazy\" decoding=\"async\" class=\"size-large wp-image-73061\" src=\"https:\/\/swimchannel.net\/br\/wp-content\/uploads\/2025\/04\/54469849339_25e1e2c481_o-1200x800.jpg\" alt=\"\" width=\"1200\" height=\"800\" srcset=\"https:\/\/swimchannel.net\/br\/wp-content\/uploads\/2025\/04\/54469849339_25e1e2c481_o-1200x800.jpg 1200w, https:\/\/swimchannel.net\/br\/wp-content\/uploads\/2025\/04\/54469849339_25e1e2c481_o-1012x675.jpg 1012w, https:\/\/swimchannel.net\/br\/wp-content\/uploads\/2025\/04\/54469849339_25e1e2c481_o-270x180.jpg 270w, https:\/\/swimchannel.net\/br\/wp-content\/uploads\/2025\/04\/54469849339_25e1e2c481_o-768x512.jpg 768w, https:\/\/swimchannel.net\/br\/wp-content\/uploads\/2025\/04\/54469849339_25e1e2c481_o-1536x1024.jpg 1536w, https:\/\/swimchannel.net\/br\/wp-content\/uploads\/2025\/04\/54469849339_25e1e2c481_o-2048x1366.jpg 2048w, https:\/\/swimchannel.net\/br\/wp-content\/uploads\/2025\/04\/54469849339_25e1e2c481_o-750x500.jpg 750w, https:\/\/swimchannel.net\/br\/wp-content\/uploads\/2025\/04\/54469849339_25e1e2c481_o-1140x760.jpg 1140w\" sizes=\"auto, (max-width: 1200px) 100vw, 1200px\" \/><figcaption id=\"caption-attachment-73061\" class=\"wp-caption-text\">Julia Goes &#8211; Foto: Satiro Sodr\u00e9\/SSPress<\/figcaption><\/figure>\n<p><strong>100m costas feminino<\/strong><br \/>\nProva disputada at\u00e9 a \u00faltima bra\u00e7ada entre Julia Go\u00e9s e Thacyane Lima duelando pela medalha de ouro. No fim, melhor para Julia que com 58s32 venceu a prova. Thacyane levou a prata apenas cinco cent\u00e9simos atr\u00e1s, terminando com 58s37. Em terceiro lugar, completando o p\u00f3dio, veio Fernande de Goeij com o tempo de 5877.<\/p>\n<p>&nbsp;<\/p>\n<figure id=\"attachment_84259\" aria-describedby=\"caption-attachment-84259\" style=\"width: 1053px\" class=\"wp-caption alignnone\"><img loading=\"lazy\" decoding=\"async\" class=\"size-full wp-image-84259\" src=\"https:\/\/swimchannel.net\/br\/wp-content\/uploads\/2026\/08\/55500305139_2bc315dd39_k.jpg\" alt=\"\" width=\"1053\" height=\"630\" srcset=\"https:\/\/swimchannel.net\/br\/wp-content\/uploads\/2026\/08\/55500305139_2bc315dd39_k.jpg 1053w, https:\/\/swimchannel.net\/br\/wp-content\/uploads\/2026\/08\/55500305139_2bc315dd39_k-301x180.jpg 301w, https:\/\/swimchannel.net\/br\/wp-content\/uploads\/2026\/08\/55500305139_2bc315dd39_k-768x459.jpg 768w, https:\/\/swimchannel.net\/br\/wp-content\/uploads\/2026\/08\/55500305139_2bc315dd39_k-750x449.jpg 750w\" sizes=\"auto, (max-width: 1053px) 100vw, 1053px\" \/><figcaption id=\"caption-attachment-84259\" class=\"wp-caption-text\">Leonardo Alc\u00e2ntara &#8211; Foto: Satiro Sodr\u00e9<\/figcaption><\/figure>\n<p><strong>800m livre masculino<\/strong><br \/>\nProva\u00e7a de Leonardo Alc\u00e2ntara neste \u00faltimo dia de provas do Finkel. O nadador do Minas TC foi espetacular e estabeleceu um novo recorde sul-americano na prova, vencendo os 800m livre com 7min37s47 e obtendo o \u00edndice para o Mundial de curta. Eduardo Moraes tamb\u00e9m atingiu a marca com 7min37s70 e levou a prata. Stephan Steverink fechou o p\u00f3dio em terceiro lugar com 7min45s84.<\/p>\n<p>&nbsp;<\/p>\n<figure id=\"attachment_84262\" aria-describedby=\"caption-attachment-84262\" style=\"width: 1055px\" class=\"wp-caption alignnone\"><img loading=\"lazy\" decoding=\"async\" class=\"size-full wp-image-84262\" src=\"https:\/\/swimchannel.net\/br\/wp-content\/uploads\/2026\/08\/55500237358_e9c625186e_k.jpg\" alt=\"\" width=\"1055\" height=\"630\" srcset=\"https:\/\/swimchannel.net\/br\/wp-content\/uploads\/2026\/08\/55500237358_e9c625186e_k.jpg 1055w, https:\/\/swimchannel.net\/br\/wp-content\/uploads\/2026\/08\/55500237358_e9c625186e_k-301x180.jpg 301w, https:\/\/swimchannel.net\/br\/wp-content\/uploads\/2026\/08\/55500237358_e9c625186e_k-768x459.jpg 768w, https:\/\/swimchannel.net\/br\/wp-content\/uploads\/2026\/08\/55500237358_e9c625186e_k-750x448.jpg 750w\" sizes=\"auto, (max-width: 1055px) 100vw, 1055px\" \/><figcaption id=\"caption-attachment-84262\" class=\"wp-caption-text\">Giulia Carvalho &#8211; Foto: Satiro Sodr\u00e9<\/figcaption><\/figure>\n<p><strong>100m medley feminino<\/strong><br \/>\nRecorde brasileiro para Giulia Carvalho que vive uma grande fase e faz um belo campeonato. A nadadora do Minas TC dominou e liderou de ponta a ponta paa levar o ouro, com \u00edndice para o Mundial, com o tempo 59s42. Medalha de prata para Stephanie Balduccini com o tempo de 1min00s16 e bronze para a jovem Manuela Astori com 1min01s38.<\/p>\n<p>&nbsp;<\/p>\n<figure id=\"attachment_84457\" aria-describedby=\"caption-attachment-84457\" style=\"width: 1053px\" class=\"wp-caption alignnone\"><img loading=\"lazy\" decoding=\"async\" class=\"size-full wp-image-84457\" src=\"https:\/\/swimchannel.net\/br\/wp-content\/uploads\/2026\/09\/55505679342_753f03e951_k.jpg\" alt=\"\" width=\"1053\" height=\"630\" srcset=\"https:\/\/swimchannel.net\/br\/wp-content\/uploads\/2026\/09\/55505679342_753f03e951_k.jpg 1053w, https:\/\/swimchannel.net\/br\/wp-content\/uploads\/2026\/09\/55505679342_753f03e951_k-301x180.jpg 301w, https:\/\/swimchannel.net\/br\/wp-content\/uploads\/2026\/09\/55505679342_753f03e951_k-768x459.jpg 768w, https:\/\/swimchannel.net\/br\/wp-content\/uploads\/2026\/09\/55505679342_753f03e951_k-750x449.jpg 750w\" sizes=\"auto, (max-width: 1053px) 100vw, 1053px\" \/><figcaption id=\"caption-attachment-84457\" class=\"wp-caption-text\">Caio Pumputis &#8211; Foto: Satiro Sodr\u00e9<\/figcaption><\/figure>\n<p><strong>100m medley masculino<\/strong><br \/>\nMais um recorde de campeonato sendo estabelecido neste \u00faltimo dia de competi\u00e7\u00e3o e desta vez pelo espanhol\/brasileiro Hugo Gonz\u00e1lez que venceu o duelo contra Caio Pumputis. Hugo bateu na frente com o tempo de 51s46 e Caio levou a prata com 51s58, \u00edndice para o Mundial de curta. O p\u00f3dio teve ainda Gabriel Machuco que nadou para 52s05 e tamb\u00e9m fez o \u00edndice. Por\u00e9m, pela manh\u00e3 Leonardo Santos marcou 51s92 e tem a vaga desta prova para o Mundial.<\/p>\n<p>&nbsp;<\/p>\n<figure id=\"attachment_70741\" aria-describedby=\"caption-attachment-70741\" style=\"width: 1080px\" class=\"wp-caption alignnone\"><img loading=\"lazy\" decoding=\"async\" class=\"size-full wp-image-70741\" src=\"https:\/\/swimchannel.net\/br\/wp-content\/uploads\/2024\/12\/leticia.jpg\" alt=\"\" width=\"1080\" height=\"719\" srcset=\"https:\/\/swimchannel.net\/br\/wp-content\/uploads\/2024\/12\/leticia.jpg 1080w, https:\/\/swimchannel.net\/br\/wp-content\/uploads\/2024\/12\/leticia-1014x675.jpg 1014w, https:\/\/swimchannel.net\/br\/wp-content\/uploads\/2024\/12\/leticia-270x180.jpg 270w, https:\/\/swimchannel.net\/br\/wp-content\/uploads\/2024\/12\/leticia-768x511.jpg 768w, https:\/\/swimchannel.net\/br\/wp-content\/uploads\/2024\/12\/leticia-750x499.jpg 750w\" sizes=\"auto, (max-width: 1080px) 100vw, 1080px\" \/><figcaption id=\"caption-attachment-70741\" class=\"wp-caption-text\">Let\u00edcia Rom\u00e3o &#8211; Foto: Reprodu\u00e7\u00e3o<\/figcaption><\/figure>\n<p><strong>1500m livre feminino<\/strong><br \/>\nLet\u00edcia Rom\u00e3o fez uma das melhores prova de sua carreira e venceu os 1500m livre, garantindo de quebra uma vaga na sele\u00e7\u00e3o brasileira que ir\u00e1 ao Campeonato Mundial de curta. A nadadora foi a \u00fanica abaixo dos 16 minutos com 15min57s09. O p\u00f3dio teve ainda Beatriz Dizotti em segundo com 16min00s16 e Mariana Costa em terceiro com 16min21s01.<\/p>\n<p>&nbsp;<\/p>\n<figure id=\"attachment_84460\" aria-describedby=\"caption-attachment-84460\" style=\"width: 1053px\" class=\"wp-caption alignnone\"><img loading=\"lazy\" decoding=\"async\" class=\"size-full wp-image-84460\" src=\"https:\/\/swimchannel.net\/br\/wp-content\/uploads\/2026\/09\/55507914439_09ff653295_k.jpg\" alt=\"\" width=\"1053\" height=\"630\" srcset=\"https:\/\/swimchannel.net\/br\/wp-content\/uploads\/2026\/09\/55507914439_09ff653295_k.jpg 1053w, https:\/\/swimchannel.net\/br\/wp-content\/uploads\/2026\/09\/55507914439_09ff653295_k-301x180.jpg 301w, https:\/\/swimchannel.net\/br\/wp-content\/uploads\/2026\/09\/55507914439_09ff653295_k-768x459.jpg 768w, https:\/\/swimchannel.net\/br\/wp-content\/uploads\/2026\/09\/55507914439_09ff653295_k-750x449.jpg 750w\" sizes=\"auto, (max-width: 1053px) 100vw, 1053px\" \/><figcaption id=\"caption-attachment-84460\" class=\"wp-caption-text\">Guilherme Carib\u00e9 &#8211; Foto: Satiro Sodr\u00e9<\/figcaption><\/figure>\n<p><strong>50m livre masculino<\/strong><br \/>\nForam apenas tr\u00eas cent\u00e9simos que separaram Guilherme Carib\u00e9 do recorde sul-americano de Cesar Cielo. O velocista do Recreio da Juventude venceu a prova mais r\u00e1pida da nata\u00e7\u00e3o com 20s54 e garantiu vaga para o Mundial de curta. E n\u00e3o estar\u00e1 sozinho, j\u00e1 que Pedro Sansone tamb\u00e9m garantiu vaga no time ao nadar para 20s95. O p\u00f3dio teve ainda Lucas Peixoto na terceira coloca\u00e7\u00e3o com 21s37.<\/p>\n<p>&nbsp;<\/p>\n<figure id=\"attachment_76948\" aria-describedby=\"caption-attachment-76948\" style=\"width: 1199px\" class=\"wp-caption alignnone\"><img loading=\"lazy\" decoding=\"async\" class=\"size-large wp-image-76948\" src=\"https:\/\/swimchannel.net\/br\/wp-content\/uploads\/2025\/11\/54895585597_469dc50fff_k-1199x800.jpg\" alt=\"\" width=\"1199\" height=\"800\" srcset=\"https:\/\/swimchannel.net\/br\/wp-content\/uploads\/2025\/11\/54895585597_469dc50fff_k-1199x800.jpg 1199w, https:\/\/swimchannel.net\/br\/wp-content\/uploads\/2025\/11\/54895585597_469dc50fff_k-1012x675.jpg 1012w, https:\/\/swimchannel.net\/br\/wp-content\/uploads\/2025\/11\/54895585597_469dc50fff_k-270x180.jpg 270w, https:\/\/swimchannel.net\/br\/wp-content\/uploads\/2025\/11\/54895585597_469dc50fff_k-768x512.jpg 768w, https:\/\/swimchannel.net\/br\/wp-content\/uploads\/2025\/11\/54895585597_469dc50fff_k-1536x1025.jpg 1536w, https:\/\/swimchannel.net\/br\/wp-content\/uploads\/2025\/11\/54895585597_469dc50fff_k-750x500.jpg 750w, https:\/\/swimchannel.net\/br\/wp-content\/uploads\/2025\/11\/54895585597_469dc50fff_k-1140x760.jpg 1140w, https:\/\/swimchannel.net\/br\/wp-content\/uploads\/2025\/11\/54895585597_469dc50fff_k.jpg 2048w\" sizes=\"auto, (max-width: 1199px) 100vw, 1199px\" \/><figcaption id=\"caption-attachment-76948\" class=\"wp-caption-text\">Lorrane Ferreira &#8211; Foto: Satiro Sodre\/CBDA<\/figcaption><\/figure>\n<p><strong>50m livre feminino<\/strong><br \/>\nNa \u00faltima prova individual do programa do Finkel 2026, vit\u00f3ria de Lorrane Ferreira com 24s50, sua melhor marca pessoal e celebrada pela nadadora. Em segundo lugar veio Beatriz Bezerra com a marca de 24s56 em uma chegada bastante acirrada. Giulia Carvalho voltou ao p\u00f3dio para receeber seu bronze com 24s58.<\/p>\n<p>&nbsp;<\/p>\n<p><strong>4x100m medley masculino<\/strong><br \/>\nTriunfo do Minas TC na \u00faltima prova masculina deste Finkel com o tempo de 3min25s84. O time minatenista foi composto por Hugo Gonzalez, Jo\u00e3o Nogueira, Pedro Buch e Vinicius Assun\u00e7\u00e3o. Medalha de prata para o Pinheiros com 3min26s21 e bronze para a Unisanta com 3min30s67.<\/p>\n<p>&nbsp;<\/p>\n<p><strong>4x100m medley feminino<\/strong><br \/>\nFechando o Finkel 2026 vit\u00f3ria do Pinheiros com 3min58s00, novo recorde de campeonato. O time foi composto por Maria Luiza Pessanha, Mercedes Salazar, Clarissa Rodrigues e Beatriz Bezerra. A equipe do Minas TC ficou com a prata com 4min00s45 e bronze ficou com a Unisanta com 4min03s54.<\/p>\n<p>&nbsp;<\/p>\n<p>Confira aqui os resultados completos do quinto e \u00faltimo dia de finais do Finkel 2026: <a href=\"https:\/\/www.cbda.org.br\/evento\/natacao\/v1_VnBMjXlzMR4rz0OG9R12asFllkWM-C_Fua6ceqI9QUk.PDEzyfAn_26kfHs2pYLOKmjxhIvZXC5FqE_Rs8z6ayc\/campeonato-brasileiro-de-natacao-jose-finkel?tab=informacoes\" target=\"_blank\" rel=\"noopener\">https:\/\/www.cbda.org.br\/evento\/natacao\/v1_VnBMjXlzMR4rz0OG9R12asFllkWM-C_Fua6ceqI9QUk.PDEzyfAn_26kfHs2pYLOKmjxhIvZXC5FqE_Rs8z6ayc\/campeonato-brasileiro-de-natacao-jose-finkel?tab=informacoes<\/a><\/p>\n<p>&nbsp;<\/p>\n<p>Gostaria de receber as not\u00edcias de nata\u00e7\u00e3o e \u00e1guas abertas no seu email?<\/p>\n<p><a href=\"https:\/\/lpa.nitro.news\/n-GNe\/ultimas-noticias-swim-channel\">Cadastre-se aqui<\/a><\/p>\n","protected":false},"excerpt":{"rendered":"<p>\u00daltimo dia de provas do Trof\u00e9u Jos\u00e9 Finkel o grande nome da etapa foi Leonardo Alc\u00e2ntara, que brilhou nos 800m livre superando o recorde sul-americano da prova e garantindo vaga na equipe do Campeonato Mundial de curta. O dia teve tamb\u00e9m outras grandes performances, como a vit\u00f3ria espetacular de Guilherme Carib\u00e9 nos 50m livre, a [&hellip;]<\/p>\n","protected":false},"author":3,"featured_media":84459,"comment_status":"open","ping_status":"open","sticky":false,"template":"","format":"standard","meta":{"footnotes":""},"categories":[241],"tags":[1275,4687,5653,4690,5130,5809,5396,6289,6078,1276,5,5376,130],"class_list":["post-84452","post","type-post","status-publish","format-standard","has-post-thumbnail","hentry","category-trofeu-jose-finkel","tag-caio-pumputis","tag-eduardo-moraes","tag-giulia-carvalho","tag-guilherme-basseto","tag-guilherme-caribe","tag-hugo-gonzalez","tag-julia-goes","tag-leonardo-alcantara","tag-leticia-romao","tag-lorrane-ferreira","tag-natacao","tag-pedro-sansone","tag-trofeu-jose-finkel"],"yoast_head":"<!-- This site is optimized with the Yoast SEO plugin v28.3 - https:\/\/yoast.com\/product\/yoast-seo-wordpress\/ -->\n<title>Finkel termina com recorde sul-americano de Leonardo Alc\u00e2ntara - Swimchannel<\/title>\n<meta name=\"robots\" content=\"index, follow, max-snippet:-1, max-image-preview:large, max-video-preview:-1\" \/>\n<link rel=\"canonical\" href=\"https:\/\/swimchannel.net\/br\/finkel-termina-com-recorde-sul-americano-de-leonardo-alcantara\/\" \/>\n<meta property=\"og:locale\" content=\"pt_BR\" \/>\n<meta property=\"og:type\" content=\"article\" \/>\n<meta property=\"og:title\" content=\"Finkel termina com recorde sul-americano de Leonardo Alc\u00e2ntara - Swimchannel\" \/>\n<meta property=\"og:description\" content=\"\u00daltimo dia de provas do Trof\u00e9u Jos\u00e9 Finkel o grande nome da etapa foi Leonardo Alc\u00e2ntara, que brilhou nos 800m livre superando o recorde sul-americano da prova e garantindo vaga na equipe do Campeonato Mundial de curta. O dia teve tamb\u00e9m outras grandes performances, como a vit\u00f3ria espetacular de Guilherme Carib\u00e9 nos 50m livre, a [&hellip;]\" \/>\n<meta property=\"og:url\" content=\"https:\/\/swimchannel.net\/br\/finkel-termina-com-recorde-sul-americano-de-leonardo-alcantara\/\" \/>\n<meta property=\"og:site_name\" content=\"Swimchannel\" \/>\n<meta property=\"article:publisher\" content=\"https:\/\/www.facebook.com\/swimchannel\" \/>\n<meta property=\"article:published_time\" content=\"2026-09-04T23:25:26+00:00\" \/>\n<meta property=\"article:modified_time\" content=\"2026-09-04T23:43:20+00:00\" \/>\n<meta property=\"og:image\" content=\"https:\/\/swimchannel.net\/br\/wp-content\/uploads\/2026\/09\/55500305164_57afdd6f5e_k.jpg\" \/>\n\t<meta property=\"og:image:width\" content=\"1052\" \/>\n\t<meta property=\"og:image:height\" content=\"630\" \/>\n\t<meta property=\"og:image:type\" content=\"image\/jpeg\" \/>\n<meta name=\"author\" content=\"Guilherme Freitas\" \/>\n<meta name=\"twitter:card\" content=\"summary_large_image\" \/>\n<meta name=\"twitter:label1\" content=\"Escrito por\" \/>\n\t<meta name=\"twitter:data1\" content=\"Guilherme Freitas\" \/>\n\t<meta name=\"twitter:label2\" content=\"Est. tempo de leitura\" \/>\n\t<meta name=\"twitter:data2\" content=\"7 minutos\" \/>\n<script type=\"application\/ld+json\" class=\"yoast-schema-graph\">{\"@context\":\"https:\\\/\\\/schema.org\",\"@graph\":[{\"@type\":\"Article\",\"@id\":\"https:\\\/\\\/swimchannel.net\\\/br\\\/finkel-termina-com-recorde-sul-americano-de-leonardo-alcantara\\\/#article\",\"isPartOf\":{\"@id\":\"https:\\\/\\\/swimchannel.net\\\/br\\\/finkel-termina-com-recorde-sul-americano-de-leonardo-alcantara\\\/\"},\"author\":{\"name\":\"Guilherme Freitas\",\"@id\":\"https:\\\/\\\/swimchannel.net\\\/br\\\/#\\\/schema\\\/person\\\/aa2a63bab3275f53749a83276b213c48\"},\"headline\":\"Finkel termina com recorde sul-americano de Leonardo Alc\u00e2ntara\",\"datePublished\":\"2026-09-04T23:25:26+00:00\",\"dateModified\":\"2026-09-04T23:43:20+00:00\",\"mainEntityOfPage\":{\"@id\":\"https:\\\/\\\/swimchannel.net\\\/br\\\/finkel-termina-com-recorde-sul-americano-de-leonardo-alcantara\\\/\"},\"wordCount\":932,\"commentCount\":0,\"publisher\":{\"@id\":\"https:\\\/\\\/swimchannel.net\\\/br\\\/#organization\"},\"image\":{\"@id\":\"https:\\\/\\\/swimchannel.net\\\/br\\\/finkel-termina-com-recorde-sul-americano-de-leonardo-alcantara\\\/#primaryimage\"},\"thumbnailUrl\":\"https:\\\/\\\/swimchannel.net\\\/br\\\/wp-content\\\/uploads\\\/2026\\\/09\\\/55500305164_57afdd6f5e_k.jpg\",\"keywords\":[\"Caio Pumputis\",\"Eduardo Moraes\",\"Giulia Carvalho\",\"Guilherme Basseto\",\"Guilherme Carib\u00e9\",\"Hugo Gonz\u00e1lez\",\"Julia Goes\",\"Leonardo Alc\u00e2ntara\",\"Leticia Rom\u00e3o\",\"Lorrane Ferreira\",\"natacao\",\"pedro sansone\",\"Trof\u00e9u Jos\u00e9 Finkel\"],\"articleSection\":[\"Trof\u00e9u Jos\u00e9 Finkel\"],\"inLanguage\":\"pt-BR\",\"potentialAction\":[{\"@type\":\"CommentAction\",\"name\":\"Comment\",\"target\":[\"https:\\\/\\\/swimchannel.net\\\/br\\\/finkel-termina-com-recorde-sul-americano-de-leonardo-alcantara\\\/#respond\"]}]},{\"@type\":\"WebPage\",\"@id\":\"https:\\\/\\\/swimchannel.net\\\/br\\\/finkel-termina-com-recorde-sul-americano-de-leonardo-alcantara\\\/\",\"url\":\"https:\\\/\\\/swimchannel.net\\\/br\\\/finkel-termina-com-recorde-sul-americano-de-leonardo-alcantara\\\/\",\"name\":\"Finkel termina com recorde sul-americano de Leonardo Alc\u00e2ntara - Swimchannel\",\"isPartOf\":{\"@id\":\"https:\\\/\\\/swimchannel.net\\\/br\\\/#website\"},\"primaryImageOfPage\":{\"@id\":\"https:\\\/\\\/swimchannel.net\\\/br\\\/finkel-termina-com-recorde-sul-americano-de-leonardo-alcantara\\\/#primaryimage\"},\"image\":{\"@id\":\"https:\\\/\\\/swimchannel.net\\\/br\\\/finkel-termina-com-recorde-sul-americano-de-leonardo-alcantara\\\/#primaryimage\"},\"thumbnailUrl\":\"https:\\\/\\\/swimchannel.net\\\/br\\\/wp-content\\\/uploads\\\/2026\\\/09\\\/55500305164_57afdd6f5e_k.jpg\",\"datePublished\":\"2026-09-04T23:25:26+00:00\",\"dateModified\":\"2026-09-04T23:43:20+00:00\",\"breadcrumb\":{\"@id\":\"https:\\\/\\\/swimchannel.net\\\/br\\\/finkel-termina-com-recorde-sul-americano-de-leonardo-alcantara\\\/#breadcrumb\"},\"inLanguage\":\"pt-BR\",\"potentialAction\":[{\"@type\":\"ReadAction\",\"target\":[\"https:\\\/\\\/swimchannel.net\\\/br\\\/finkel-termina-com-recorde-sul-americano-de-leonardo-alcantara\\\/\"]}]},{\"@type\":\"ImageObject\",\"inLanguage\":\"pt-BR\",\"@id\":\"https:\\\/\\\/swimchannel.net\\\/br\\\/finkel-termina-com-recorde-sul-americano-de-leonardo-alcantara\\\/#primaryimage\",\"url\":\"https:\\\/\\\/swimchannel.net\\\/br\\\/wp-content\\\/uploads\\\/2026\\\/09\\\/55500305164_57afdd6f5e_k.jpg\",\"contentUrl\":\"https:\\\/\\\/swimchannel.net\\\/br\\\/wp-content\\\/uploads\\\/2026\\\/09\\\/55500305164_57afdd6f5e_k.jpg\",\"width\":1052,\"height\":630,\"caption\":\"Leonardo Alc\u00e2ntara - Foto: Satiro Sodr\u00e9\"},{\"@type\":\"BreadcrumbList\",\"@id\":\"https:\\\/\\\/swimchannel.net\\\/br\\\/finkel-termina-com-recorde-sul-americano-de-leonardo-alcantara\\\/#breadcrumb\",\"itemListElement\":[{\"@type\":\"ListItem\",\"position\":1,\"name\":\"Home\",\"item\":\"https:\\\/\\\/swimchannel.net\\\/br\\\/\"},{\"@type\":\"ListItem\",\"position\":2,\"name\":\"Finkel termina com recorde sul-americano de Leonardo Alc\u00e2ntara\"}]},{\"@type\":\"WebSite\",\"@id\":\"https:\\\/\\\/swimchannel.net\\\/br\\\/#website\",\"url\":\"https:\\\/\\\/swimchannel.net\\\/br\\\/\",\"name\":\"Swimchannel\",\"description\":\"Maior portal de nata\u00e7\u00e3o da america latina\",\"publisher\":{\"@id\":\"https:\\\/\\\/swimchannel.net\\\/br\\\/#organization\"},\"potentialAction\":[{\"@type\":\"SearchAction\",\"target\":{\"@type\":\"EntryPoint\",\"urlTemplate\":\"https:\\\/\\\/swimchannel.net\\\/br\\\/?s={search_term_string}\"},\"query-input\":{\"@type\":\"PropertyValueSpecification\",\"valueRequired\":true,\"valueName\":\"search_term_string\"}}],\"inLanguage\":\"pt-BR\"},{\"@type\":\"Organization\",\"@id\":\"https:\\\/\\\/swimchannel.net\\\/br\\\/#organization\",\"name\":\"Swimchannel - Conectando voc\u00ea a Nata\u00e7\u00e3o\",\"url\":\"https:\\\/\\\/swimchannel.net\\\/br\\\/\",\"logo\":{\"@type\":\"ImageObject\",\"inLanguage\":\"pt-BR\",\"@id\":\"https:\\\/\\\/swimchannel.net\\\/br\\\/#\\\/schema\\\/logo\\\/image\\\/\",\"url\":\"https:\\\/\\\/swimchannel.net\\\/br\\\/wp-content\\\/uploads\\\/2026\\\/02\\\/SWIM-CHANNEL.png\",\"contentUrl\":\"https:\\\/\\\/swimchannel.net\\\/br\\\/wp-content\\\/uploads\\\/2026\\\/02\\\/SWIM-CHANNEL.png\",\"width\":1120,\"height\":630,\"caption\":\"Swimchannel - Conectando voc\u00ea a Nata\u00e7\u00e3o\"},\"image\":{\"@id\":\"https:\\\/\\\/swimchannel.net\\\/br\\\/#\\\/schema\\\/logo\\\/image\\\/\"},\"sameAs\":[\"https:\\\/\\\/www.facebook.com\\\/swimchannel\",\"https:\\\/\\\/www.instagram.com\\\/swimchannel\"]},{\"@type\":\"Person\",\"@id\":\"https:\\\/\\\/swimchannel.net\\\/br\\\/#\\\/schema\\\/person\\\/aa2a63bab3275f53749a83276b213c48\",\"name\":\"Guilherme Freitas\",\"image\":{\"@type\":\"ImageObject\",\"inLanguage\":\"pt-BR\",\"@id\":\"https:\\\/\\\/swimchannel.net\\\/br\\\/wp-content\\\/uploads\\\/2025\\\/10\\\/gui22-193x180.png\",\"url\":\"https:\\\/\\\/swimchannel.net\\\/br\\\/wp-content\\\/uploads\\\/2025\\\/10\\\/gui22-193x180.png\",\"contentUrl\":\"https:\\\/\\\/swimchannel.net\\\/br\\\/wp-content\\\/uploads\\\/2025\\\/10\\\/gui22-193x180.png\",\"caption\":\"Guilherme Freitas\"},\"description\":\"Jornalista s\u00eanior da SWIM CHANNEL, ex-correspondente da FINA no Brasil e pesquisador acad\u00eamico.\",\"sameAs\":[\"instagram.com\\\/guifreitas86\"],\"url\":\"https:\\\/\\\/swimchannel.net\\\/br\\\/author\\\/guilherme-freitas\\\/\"}]}<\/script>\n<!-- \/ Yoast SEO plugin. -->","yoast_head_json":{"title":"Finkel termina com recorde sul-americano de Leonardo Alc\u00e2ntara - Swimchannel","robots":{"index":"index","follow":"follow","max-snippet":"max-snippet:-1","max-image-preview":"max-image-preview:large","max-video-preview":"max-video-preview:-1"},"canonical":"https:\/\/swimchannel.net\/br\/finkel-termina-com-recorde-sul-americano-de-leonardo-alcantara\/","og_locale":"pt_BR","og_type":"article","og_title":"Finkel termina com recorde sul-americano de Leonardo Alc\u00e2ntara - Swimchannel","og_description":"\u00daltimo dia de provas do Trof\u00e9u Jos\u00e9 Finkel o grande nome da etapa foi Leonardo Alc\u00e2ntara, que brilhou nos 800m livre superando o recorde sul-americano da prova e garantindo vaga na equipe do Campeonato Mundial de curta. O dia teve tamb\u00e9m outras grandes performances, como a vit\u00f3ria espetacular de Guilherme Carib\u00e9 nos 50m livre, a [&hellip;]","og_url":"https:\/\/swimchannel.net\/br\/finkel-termina-com-recorde-sul-americano-de-leonardo-alcantara\/","og_site_name":"Swimchannel","article_publisher":"https:\/\/www.facebook.com\/swimchannel","article_published_time":"2026-09-04T23:25:26+00:00","article_modified_time":"2026-09-04T23:43:20+00:00","og_image":[{"width":1052,"height":630,"url":"https:\/\/swimchannel.net\/br\/wp-content\/uploads\/2026\/09\/55500305164_57afdd6f5e_k.jpg","type":"image\/jpeg"}],"author":"Guilherme Freitas","twitter_card":"summary_large_image","twitter_misc":{"Escrito por":"Guilherme Freitas","Est. tempo de leitura":"7 minutos"},"schema":{"@context":"https:\/\/schema.org","@graph":[{"@type":"Article","@id":"https:\/\/swimchannel.net\/br\/finkel-termina-com-recorde-sul-americano-de-leonardo-alcantara\/#article","isPartOf":{"@id":"https:\/\/swimchannel.net\/br\/finkel-termina-com-recorde-sul-americano-de-leonardo-alcantara\/"},"author":{"name":"Guilherme Freitas","@id":"https:\/\/swimchannel.net\/br\/#\/schema\/person\/aa2a63bab3275f53749a83276b213c48"},"headline":"Finkel termina com recorde sul-americano de Leonardo Alc\u00e2ntara","datePublished":"2026-09-04T23:25:26+00:00","dateModified":"2026-09-04T23:43:20+00:00","mainEntityOfPage":{"@id":"https:\/\/swimchannel.net\/br\/finkel-termina-com-recorde-sul-americano-de-leonardo-alcantara\/"},"wordCount":932,"commentCount":0,"publisher":{"@id":"https:\/\/swimchannel.net\/br\/#organization"},"image":{"@id":"https:\/\/swimchannel.net\/br\/finkel-termina-com-recorde-sul-americano-de-leonardo-alcantara\/#primaryimage"},"thumbnailUrl":"https:\/\/swimchannel.net\/br\/wp-content\/uploads\/2026\/09\/55500305164_57afdd6f5e_k.jpg","keywords":["Caio Pumputis","Eduardo Moraes","Giulia Carvalho","Guilherme Basseto","Guilherme Carib\u00e9","Hugo Gonz\u00e1lez","Julia Goes","Leonardo Alc\u00e2ntara","Leticia Rom\u00e3o","Lorrane Ferreira","natacao","pedro sansone","Trof\u00e9u Jos\u00e9 Finkel"],"articleSection":["Trof\u00e9u Jos\u00e9 Finkel"],"inLanguage":"pt-BR","potentialAction":[{"@type":"CommentAction","name":"Comment","target":["https:\/\/swimchannel.net\/br\/finkel-termina-com-recorde-sul-americano-de-leonardo-alcantara\/#respond"]}]},{"@type":"WebPage","@id":"https:\/\/swimchannel.net\/br\/finkel-termina-com-recorde-sul-americano-de-leonardo-alcantara\/","url":"https:\/\/swimchannel.net\/br\/finkel-termina-com-recorde-sul-americano-de-leonardo-alcantara\/","name":"Finkel termina com recorde sul-americano de Leonardo Alc\u00e2ntara - Swimchannel","isPartOf":{"@id":"https:\/\/swimchannel.net\/br\/#website"},"primaryImageOfPage":{"@id":"https:\/\/swimchannel.net\/br\/finkel-termina-com-recorde-sul-americano-de-leonardo-alcantara\/#primaryimage"},"image":{"@id":"https:\/\/swimchannel.net\/br\/finkel-termina-com-recorde-sul-americano-de-leonardo-alcantara\/#primaryimage"},"thumbnailUrl":"https:\/\/swimchannel.net\/br\/wp-content\/uploads\/2026\/09\/55500305164_57afdd6f5e_k.jpg","datePublished":"2026-09-04T23:25:26+00:00","dateModified":"2026-09-04T23:43:20+00:00","breadcrumb":{"@id":"https:\/\/swimchannel.net\/br\/finkel-termina-com-recorde-sul-americano-de-leonardo-alcantara\/#breadcrumb"},"inLanguage":"pt-BR","potentialAction":[{"@type":"ReadAction","target":["https:\/\/swimchannel.net\/br\/finkel-termina-com-recorde-sul-americano-de-leonardo-alcantara\/"]}]},{"@type":"ImageObject","inLanguage":"pt-BR","@id":"https:\/\/swimchannel.net\/br\/finkel-termina-com-recorde-sul-americano-de-leonardo-alcantara\/#primaryimage","url":"https:\/\/swimchannel.net\/br\/wp-content\/uploads\/2026\/09\/55500305164_57afdd6f5e_k.jpg","contentUrl":"https:\/\/swimchannel.net\/br\/wp-content\/uploads\/2026\/09\/55500305164_57afdd6f5e_k.jpg","width":1052,"height":630,"caption":"Leonardo Alc\u00e2ntara - Foto: Satiro Sodr\u00e9"},{"@type":"BreadcrumbList","@id":"https:\/\/swimchannel.net\/br\/finkel-termina-com-recorde-sul-americano-de-leonardo-alcantara\/#breadcrumb","itemListElement":[{"@type":"ListItem","position":1,"name":"Home","item":"https:\/\/swimchannel.net\/br\/"},{"@type":"ListItem","position":2,"name":"Finkel termina com recorde sul-americano de Leonardo Alc\u00e2ntara"}]},{"@type":"WebSite","@id":"https:\/\/swimchannel.net\/br\/#website","url":"https:\/\/swimchannel.net\/br\/","name":"Swimchannel","description":"Maior portal de nata\u00e7\u00e3o da america latina","publisher":{"@id":"https:\/\/swimchannel.net\/br\/#organization"},"potentialAction":[{"@type":"SearchAction","target":{"@type":"EntryPoint","urlTemplate":"https:\/\/swimchannel.net\/br\/?s={search_term_string}"},"query-input":{"@type":"PropertyValueSpecification","valueRequired":true,"valueName":"search_term_string"}}],"inLanguage":"pt-BR"},{"@type":"Organization","@id":"https:\/\/swimchannel.net\/br\/#organization","name":"Swimchannel - Conectando voc\u00ea a Nata\u00e7\u00e3o","url":"https:\/\/swimchannel.net\/br\/","logo":{"@type":"ImageObject","inLanguage":"pt-BR","@id":"https:\/\/swimchannel.net\/br\/#\/schema\/logo\/image\/","url":"https:\/\/swimchannel.net\/br\/wp-content\/uploads\/2026\/02\/SWIM-CHANNEL.png","contentUrl":"https:\/\/swimchannel.net\/br\/wp-content\/uploads\/2026\/02\/SWIM-CHANNEL.png","width":1120,"height":630,"caption":"Swimchannel - Conectando voc\u00ea a Nata\u00e7\u00e3o"},"image":{"@id":"https:\/\/swimchannel.net\/br\/#\/schema\/logo\/image\/"},"sameAs":["https:\/\/www.facebook.com\/swimchannel","https:\/\/www.instagram.com\/swimchannel"]},{"@type":"Person","@id":"https:\/\/swimchannel.net\/br\/#\/schema\/person\/aa2a63bab3275f53749a83276b213c48","name":"Guilherme Freitas","image":{"@type":"ImageObject","inLanguage":"pt-BR","@id":"https:\/\/swimchannel.net\/br\/wp-content\/uploads\/2025\/10\/gui22-193x180.png","url":"https:\/\/swimchannel.net\/br\/wp-content\/uploads\/2025\/10\/gui22-193x180.png","contentUrl":"https:\/\/swimchannel.net\/br\/wp-content\/uploads\/2025\/10\/gui22-193x180.png","caption":"Guilherme Freitas"},"description":"Jornalista s\u00eanior da SWIM CHANNEL, ex-correspondente da FINA no Brasil e pesquisador acad\u00eamico.","sameAs":["instagram.com\/guifreitas86"],"url":"https:\/\/swimchannel.net\/br\/author\/guilherme-freitas\/"}]}},"_links":{"self":[{"href":"https:\/\/swimchannel.net\/br\/wp-json\/wp\/v2\/posts\/84452","targetHints":{"allow":["GET"]}}],"collection":[{"href":"https:\/\/swimchannel.net\/br\/wp-json\/wp\/v2\/posts"}],"about":[{"href":"https:\/\/swimchannel.net\/br\/wp-json\/wp\/v2\/types\/post"}],"author":[{"embeddable":true,"href":"https:\/\/swimchannel.net\/br\/wp-json\/wp\/v2\/users\/3"}],"replies":[{"embeddable":true,"href":"https:\/\/swimchannel.net\/br\/wp-json\/wp\/v2\/comments?post=84452"}],"version-history":[{"count":7,"href":"https:\/\/swimchannel.net\/br\/wp-json\/wp\/v2\/posts\/84452\/revisions"}],"predecessor-version":[{"id":84463,"href":"https:\/\/swimchannel.net\/br\/wp-json\/wp\/v2\/posts\/84452\/revisions\/84463"}],"wp:featuredmedia":[{"embeddable":true,"href":"https:\/\/swimchannel.net\/br\/wp-json\/wp\/v2\/media\/84459"}],"wp:attachment":[{"href":"https:\/\/swimchannel.net\/br\/wp-json\/wp\/v2\/media?parent=84452"}],"wp:term":[{"taxonomy":"category","embeddable":true,"href":"https:\/\/swimchannel.net\/br\/wp-json\/wp\/v2\/categories?post=84452"},{"taxonomy":"post_tag","embeddable":true,"href":"https:\/\/swimchannel.net\/br\/wp-json\/wp\/v2\/tags?post=84452"}],"curies":[{"name":"wp","href":"https:\/\/api.w.org\/{rel}","templated":true}]}}