{"id":8602,"date":"2018-04-26T00:32:00","date_gmt":"2018-04-26T00:32:00","guid":{"rendered":"https:\/\/swimchannel.flywheelsites.com\/?p=8602"},"modified":"2018-04-26T20:29:40","modified_gmt":"2018-04-26T20:29:40","slug":"o-time-de-aguas-abertas-do-campeonato-pan-pacifico","status":"publish","type":"post","link":"https:\/\/swimchannel.net\/br\/o-time-de-aguas-abertas-do-campeonato-pan-pacifico\/","title":{"rendered":"O time de \u00e1guas abertas do Campeonato Pan-Pac\u00edfico"},"content":{"rendered":"<p>Pela segunda vez em sua hist\u00f3ria o Trof\u00e9u Brasil realizou uma prova de \u00e1guas abertas. A Praia de Copacabana foi palco da edi\u00e7\u00e3o deste ano com uma maratona aqu\u00e1tica de 10 km que ficou definida pela CBDA como seletiva \u00fanica para montagem da sele\u00e7\u00e3o brasileira que disputar\u00e1 em agosto, na cidade de T\u00f3quio,\u00a0o Campeonato Pan-Pac\u00edfico.<\/p>\n<p>Ao todo foram convocados quatro nadadores: Ana Marcela Cunha e Viviane Jungblut entre as mulheres e Allan do Carmo e Victor Colonese entre os homens. O quarteto far\u00e1 um interessante duelo principalmente contra os nadadores americanos que ainda n\u00e3o foram definidos. A competi\u00e7\u00e3o em solo japon\u00eas tamb\u00e9m ser\u00e1 uma das muitas deste ano que tem como evento principal a FINA Marathon Swim World Series.<\/p>\n<p>Preparamos abaixo um breve perfil dos quatro convocados que voc\u00ea assim como fizemos com a <a href=\"https:\/\/swimchannel.net\/br\/a-selecao-brasileira-do-campeonato-pan-pacifico\/\">equipe de piscina<\/a> e com o time que <a href=\"https:\/\/swimchannel.net\/br\/a-selecao-brasileira-dos-jogos-olimpicos-da-juventude\/\">nadar\u00e1 os Jogos Ol\u00edmpicos da Juventude<\/a>.<\/p>\n<figure id=\"attachment_5768\" aria-describedby=\"caption-attachment-5768\" style=\"width: 900px\" class=\"wp-caption alignnone\"><img loading=\"lazy\" decoding=\"async\" class=\"wp-image-5768\" src=\"https:\/\/swimchannel.net\/br\/wp-content\/uploads\/2018\/01\/a71q2389.jpg\" alt=\"\" width=\"900\" height=\"600\" srcset=\"https:\/\/swimchannel.net\/br\/wp-content\/uploads\/2018\/01\/a71q2389.jpg 2500w, https:\/\/swimchannel.net\/br\/wp-content\/uploads\/2018\/01\/a71q2389-600x400.jpg 600w, https:\/\/swimchannel.net\/br\/wp-content\/uploads\/2018\/01\/a71q2389-300x200.jpg 300w, https:\/\/swimchannel.net\/br\/wp-content\/uploads\/2018\/01\/a71q2389-768x512.jpg 768w, https:\/\/swimchannel.net\/br\/wp-content\/uploads\/2018\/01\/a71q2389-1024x683.jpg 1024w\" sizes=\"auto, (max-width: 900px) 100vw, 900px\" \/><figcaption id=\"caption-attachment-5768\" class=\"wp-caption-text\">Ana Marcela Cunha &#8211; Foto: Satiro Sodr\u00e9\/SSPress<\/figcaption><\/figure>\n<p><strong>Ana Marcela Cunha<\/strong><br \/>\n<strong>Idade:<\/strong>\u00a025 anos<br \/>\n<strong>Clube:<\/strong>\u00a0Unisanta (SP)<br \/>\n<strong>Prova em que se classificou:<\/strong>\u00a0maratona aqu\u00e1tica 10 km<br \/>\n<strong>Pela sele\u00e7\u00e3o brasileira:<\/strong>\u00a0Disputou dois Jogos Ol\u00edmpicos (Pequim-2008 e Rio-2016), seis Mundiais de esportes aqu\u00e1ticos (Melbourne-2007, Roma-2009, Xangai-2011, Barcelona-2013, Kazan-2015 e Budapeste-2017), tr\u00eas Mundiais de \u00e1guas abertas (N\u00e1poles-2006, Sevilha-2008 e Roberval-2010) e dois Jogos Pan-Americanos (Rio-2007 e Guadalajara-2011)<br \/>\n<strong>Principais medalhas internacionais:<\/strong>\u00a0Tricampe\u00e3 mundial dos 25 km em Xangai-2011, Kazan-2015 e Budapeste-2017, Vice-campe\u00e3 mundial nos 10 km em Barcelona-2013 e nos 5 km por equipe em Kazan-2015 e medalha de bronze nos 5 km em Barcelona-2013 e Budapeste-2017 e nos 10 km em Kazan-2015 e\u00a0Budapeste-2017<\/p>\n<p><strong>Viviane Jungblut<\/strong><br \/>\n<strong>Idade:<\/strong>\u00a021 anos<br \/>\n<strong>Clube:<\/strong>\u00a0Gr\u00eamio N\u00e1utico Uni\u00e3o (RS)<br \/>\n<strong>Prova em que se classificou:<\/strong>\u00a0maratona aqu\u00e1tica 10 km<br \/>\n<strong>Pela sele\u00e7\u00e3o brasileira:<\/strong>\u00a0Disputou um Mundial de esportes aqu\u00e1ticos (Budapeste-2017) e um Mundial de piscina curta (Windsor-2016)<br \/>\n<strong>Principais medalhas internacionais:<\/strong>\u00a0Medalha de prata na etapa de Setubal e bronze na etapa de Chun&#8217;An e Lc St. Jean da Copa do Mundo da Fina-2017<\/p>\n<figure id=\"attachment_8373\" aria-describedby=\"caption-attachment-8373\" style=\"width: 900px\" class=\"wp-caption alignnone\"><img loading=\"lazy\" decoding=\"async\" class=\"wp-image-8373\" src=\"https:\/\/swimchannel.net\/br\/wp-content\/uploads\/2018\/04\/75I4070.jpg\" alt=\"\" width=\"900\" height=\"600\" srcset=\"https:\/\/swimchannel.net\/br\/wp-content\/uploads\/2018\/04\/75I4070.jpg 2362w, https:\/\/swimchannel.net\/br\/wp-content\/uploads\/2018\/04\/75I4070-600x400.jpg 600w\" sizes=\"auto, (max-width: 900px) 100vw, 900px\" \/><figcaption id=\"caption-attachment-8373\" class=\"wp-caption-text\">Viviane Jungblut &#8211; Foto: Satiro Sodr\u00e9\/SSPress\/CBDA<\/figcaption><\/figure>\n<p><strong>Allan do Carmo<\/strong><br \/>\n<strong>Idade:<\/strong>\u00a028 anos<br \/>\n<strong>Clube:<\/strong>\u00a0Aceb (BA)<br \/>\n<strong>Prova em que se classificou:<\/strong>\u00a0maratona aqu\u00e1tica 10 km<br \/>\n<strong>Pela sele\u00e7\u00e3o brasileira:<\/strong>\u00a0Disputou dois Jogos Ol\u00edmpicos (Pequim-2008 e Rio-2016), seis Mundiais de esportes aqu\u00e1ticos (Melbourne-2007, Roma-2009, Xangai-2011, Barcelona-2013, Kazan-2015 e Budapeste-2017), tr\u00eas Mundiais de \u00e1guas abertas (N\u00e1poles-2006, Sevilha-2008 e Roberval-2010), dois Jogos Pan-Americanos (Rio-2007 e Guadalajara-2011) e um Campeonato Pan-Pac\u00edfico (Irvine-2010)<br \/>\n<strong>Principais medalhas internacionais:<\/strong>\u00a0Medalha de prata nos 5 km por equipe no Mundial de Kazan-2015, medalha de bronze nos 5 km por equipe no Mundial de Barcelona-2013 e medalha de bronze nos 10 km nos Jogos Pan-Americanos do Rio-2007<\/p>\n<p><strong>Victor Colonese<\/strong><br \/>\n<strong>Idade:<\/strong>\u00a026 anos<br \/>\n<strong>Clube:<\/strong>\u00a0Unisanta (SP)<br \/>\n<strong>Prova em que se classificou:<\/strong>\u00a0maratona aqu\u00e1tica 10 km<br \/>\n<strong>Pela sele\u00e7\u00e3o brasileira:<\/strong>\u00a0Disputou tr\u00eas Mundiais de esportes aqu\u00e1ticos (Xangai-2011, Kazan-2015 e Budapeste-2017)<br \/>\n<strong>Principais medalhas internacionais:<\/strong>\u00a0Medalha de bronze nos 5 km e nos 5 km por equipe no Campeonato Sul-Americano de Assun\u00e7\u00e3o-2016 e medalha de bronze nos 5 km nos Jogos Sul-Americanos de Praia de Manta-2011.<\/p>\n","protected":false},"excerpt":{"rendered":"<p>Pela segunda vez em sua hist\u00f3ria o Trof\u00e9u Brasil realizou uma prova de \u00e1guas abertas. A Praia de Copacabana foi palco da edi\u00e7\u00e3o deste ano com uma maratona aqu\u00e1tica de 10 km que ficou definida pela CBDA como seletiva \u00fanica para montagem da sele\u00e7\u00e3o brasileira que disputar\u00e1 em agosto, na cidade de T\u00f3quio,\u00a0o Campeonato Pan-Pac\u00edfico. [&hellip;]<\/p>\n","protected":false},"author":3,"featured_media":5766,"comment_status":"open","ping_status":"open","sticky":false,"template":"","format":"standard","meta":{"footnotes":""},"categories":[1280],"tags":[14,48,47,1187,194,5,714,52,543],"class_list":["post-8602","post","type-post","status-publish","format-standard","has-post-thumbnail","hentry","category-campeonato-pan-pacifico","tag-aguas-abertas","tag-allan-do-carmo","tag-ana-marcela-cunha","tag-campeonato-pan-pacifico","tag-cbda","tag-natacao","tag-toquio-2020","tag-victor-colonese","tag-viviane-jungblut"],"yoast_head":"<!-- This site is optimized with the Yoast SEO plugin v27.0 - https:\/\/yoast.com\/product\/yoast-seo-wordpress\/ -->\n<title>O time de \u00e1guas abertas do Campeonato Pan-Pac\u00edfico - Swimchannel<\/title>\n<meta name=\"description\" content=\"Veja aqui um breve perfil dos quatro nadadores que representar\u00e3o o Brasil na competi\u00e7\u00e3o que ser\u00e1 em T\u00f3quio.\" \/>\n<meta name=\"robots\" content=\"index, follow, max-snippet:-1, max-image-preview:large, max-video-preview:-1\" \/>\n<link rel=\"canonical\" href=\"https:\/\/swimchannel.net\/br\/o-time-de-aguas-abertas-do-campeonato-pan-pacifico\/\" \/>\n<meta property=\"og:locale\" content=\"pt_BR\" \/>\n<meta property=\"og:type\" content=\"article\" \/>\n<meta property=\"og:title\" content=\"O time de \u00e1guas abertas do Campeonato Pan-Pac\u00edfico - Swimchannel\" \/>\n<meta property=\"og:description\" content=\"Veja aqui um breve perfil dos quatro nadadores que representar\u00e3o o Brasil na competi\u00e7\u00e3o que ser\u00e1 em T\u00f3quio.\" \/>\n<meta property=\"og:url\" content=\"https:\/\/swimchannel.net\/br\/o-time-de-aguas-abertas-do-campeonato-pan-pacifico\/\" \/>\n<meta property=\"og:site_name\" content=\"Swimchannel\" \/>\n<meta property=\"article:publisher\" content=\"https:\/\/www.facebook.com\/swimchannel\" \/>\n<meta property=\"article:published_time\" content=\"2018-04-26T00:32:00+00:00\" \/>\n<meta property=\"article:modified_time\" content=\"2018-04-26T20:29:40+00:00\" \/>\n<meta property=\"og:image\" content=\"https:\/\/swimchannel.net\/br\/wp-content\/uploads\/2018\/01\/ana-02.jpg\" \/>\n\t<meta property=\"og:image:width\" content=\"1200\" \/>\n\t<meta property=\"og:image:height\" content=\"675\" \/>\n\t<meta property=\"og:image:type\" content=\"image\/jpeg\" \/>\n<meta name=\"author\" content=\"Guilherme Freitas\" \/>\n<meta name=\"twitter:card\" content=\"summary_large_image\" \/>\n<meta name=\"twitter:label1\" content=\"Escrito por\" \/>\n\t<meta name=\"twitter:data1\" content=\"Guilherme Freitas\" \/>\n\t<meta name=\"twitter:label2\" content=\"Est. tempo de leitura\" \/>\n\t<meta name=\"twitter:data2\" content=\"3 minutos\" \/>\n<script type=\"application\/ld+json\" class=\"yoast-schema-graph\">{\"@context\":\"https:\/\/schema.org\",\"@graph\":[{\"@type\":\"Article\",\"@id\":\"https:\/\/swimchannel.net\/br\/o-time-de-aguas-abertas-do-campeonato-pan-pacifico\/#article\",\"isPartOf\":{\"@id\":\"https:\/\/swimchannel.net\/br\/o-time-de-aguas-abertas-do-campeonato-pan-pacifico\/\"},\"author\":{\"name\":\"Guilherme Freitas\",\"@id\":\"https:\/\/swimchannel.net\/br\/#\/schema\/person\/aa2a63bab3275f53749a83276b213c48\"},\"headline\":\"O time de \u00e1guas abertas do Campeonato Pan-Pac\u00edfico\",\"datePublished\":\"2018-04-26T00:32:00+00:00\",\"dateModified\":\"2018-04-26T20:29:40+00:00\",\"mainEntityOfPage\":{\"@id\":\"https:\/\/swimchannel.net\/br\/o-time-de-aguas-abertas-do-campeonato-pan-pacifico\/\"},\"wordCount\":533,\"commentCount\":0,\"publisher\":{\"@id\":\"https:\/\/swimchannel.net\/br\/#organization\"},\"image\":{\"@id\":\"https:\/\/swimchannel.net\/br\/o-time-de-aguas-abertas-do-campeonato-pan-pacifico\/#primaryimage\"},\"thumbnailUrl\":\"https:\/\/swimchannel.net\/br\/wp-content\/uploads\/2018\/01\/ana-02.jpg\",\"keywords\":[\"\u00c1guas abertas\",\"Allan do Carmo\",\"Ana Marcela Cunha\",\"Campeonato Pan-Pac\u00edfico\",\"CBDA\",\"natacao\",\"T\u00f3quio-2020\",\"Victor Colonese\",\"Viviane Jungblut\"],\"articleSection\":[\"Campeonato Pan-Pac\u00edfico\"],\"inLanguage\":\"pt-BR\",\"potentialAction\":[{\"@type\":\"CommentAction\",\"name\":\"Comment\",\"target\":[\"https:\/\/swimchannel.net\/br\/o-time-de-aguas-abertas-do-campeonato-pan-pacifico\/#respond\"]}]},{\"@type\":\"WebPage\",\"@id\":\"https:\/\/swimchannel.net\/br\/o-time-de-aguas-abertas-do-campeonato-pan-pacifico\/\",\"url\":\"https:\/\/swimchannel.net\/br\/o-time-de-aguas-abertas-do-campeonato-pan-pacifico\/\",\"name\":\"O time de \u00e1guas abertas do Campeonato Pan-Pac\u00edfico - Swimchannel\",\"isPartOf\":{\"@id\":\"https:\/\/swimchannel.net\/br\/#website\"},\"primaryImageOfPage\":{\"@id\":\"https:\/\/swimchannel.net\/br\/o-time-de-aguas-abertas-do-campeonato-pan-pacifico\/#primaryimage\"},\"image\":{\"@id\":\"https:\/\/swimchannel.net\/br\/o-time-de-aguas-abertas-do-campeonato-pan-pacifico\/#primaryimage\"},\"thumbnailUrl\":\"https:\/\/swimchannel.net\/br\/wp-content\/uploads\/2018\/01\/ana-02.jpg\",\"datePublished\":\"2018-04-26T00:32:00+00:00\",\"dateModified\":\"2018-04-26T20:29:40+00:00\",\"description\":\"Veja aqui um breve perfil dos quatro nadadores que representar\u00e3o o Brasil na competi\u00e7\u00e3o que ser\u00e1 em T\u00f3quio.\",\"breadcrumb\":{\"@id\":\"https:\/\/swimchannel.net\/br\/o-time-de-aguas-abertas-do-campeonato-pan-pacifico\/#breadcrumb\"},\"inLanguage\":\"pt-BR\",\"potentialAction\":[{\"@type\":\"ReadAction\",\"target\":[\"https:\/\/swimchannel.net\/br\/o-time-de-aguas-abertas-do-campeonato-pan-pacifico\/\"]}]},{\"@type\":\"ImageObject\",\"inLanguage\":\"pt-BR\",\"@id\":\"https:\/\/swimchannel.net\/br\/o-time-de-aguas-abertas-do-campeonato-pan-pacifico\/#primaryimage\",\"url\":\"https:\/\/swimchannel.net\/br\/wp-content\/uploads\/2018\/01\/ana-02.jpg\",\"contentUrl\":\"https:\/\/swimchannel.net\/br\/wp-content\/uploads\/2018\/01\/ana-02.jpg\",\"width\":1200,\"height\":675,\"caption\":\"Ana Marcela Cunha - Foto: Satiro Sodr\u00e9\/SSPress\"},{\"@type\":\"BreadcrumbList\",\"@id\":\"https:\/\/swimchannel.net\/br\/o-time-de-aguas-abertas-do-campeonato-pan-pacifico\/#breadcrumb\",\"itemListElement\":[{\"@type\":\"ListItem\",\"position\":1,\"name\":\"Home\",\"item\":\"https:\/\/swimchannel.net\/br\/\"},{\"@type\":\"ListItem\",\"position\":2,\"name\":\"O time de \u00e1guas abertas do Campeonato Pan-Pac\u00edfico\"}]},{\"@type\":\"WebSite\",\"@id\":\"https:\/\/swimchannel.net\/br\/#website\",\"url\":\"https:\/\/swimchannel.net\/br\/\",\"name\":\"Swimchannel\",\"description\":\"Maior portal de nata\u00e7\u00e3o da america latina\",\"publisher\":{\"@id\":\"https:\/\/swimchannel.net\/br\/#organization\"},\"potentialAction\":[{\"@type\":\"SearchAction\",\"target\":{\"@type\":\"EntryPoint\",\"urlTemplate\":\"https:\/\/swimchannel.net\/br\/?s={search_term_string}\"},\"query-input\":{\"@type\":\"PropertyValueSpecification\",\"valueRequired\":true,\"valueName\":\"search_term_string\"}}],\"inLanguage\":\"pt-BR\"},{\"@type\":\"Organization\",\"@id\":\"https:\/\/swimchannel.net\/br\/#organization\",\"name\":\"Swimchannel - Conectando voc\u00ea a Nata\u00e7\u00e3o\",\"url\":\"https:\/\/swimchannel.net\/br\/\",\"logo\":{\"@type\":\"ImageObject\",\"inLanguage\":\"pt-BR\",\"@id\":\"https:\/\/swimchannel.net\/br\/#\/schema\/logo\/image\/\",\"url\":\"https:\/\/swimchannel.net\/br\/wp-content\/uploads\/2026\/02\/SWIM-CHANNEL.png\",\"contentUrl\":\"https:\/\/swimchannel.net\/br\/wp-content\/uploads\/2026\/02\/SWIM-CHANNEL.png\",\"width\":1120,\"height\":630,\"caption\":\"Swimchannel - Conectando voc\u00ea a Nata\u00e7\u00e3o\"},\"image\":{\"@id\":\"https:\/\/swimchannel.net\/br\/#\/schema\/logo\/image\/\"},\"sameAs\":[\"https:\/\/www.facebook.com\/swimchannel\",\"https:\/\/www.instagram.com\/swimchannel\"]},{\"@type\":\"Person\",\"@id\":\"https:\/\/swimchannel.net\/br\/#\/schema\/person\/aa2a63bab3275f53749a83276b213c48\",\"name\":\"Guilherme Freitas\",\"image\":{\"@type\":\"ImageObject\",\"inLanguage\":\"pt-BR\",\"@id\":\"https:\/\/swimchannel.net\/br\/#\/schema\/person\/image\/\",\"url\":\"https:\/\/swimchannel.net\/br\/wp-content\/uploads\/2025\/10\/gui22-193x180.png\",\"contentUrl\":\"https:\/\/swimchannel.net\/br\/wp-content\/uploads\/2025\/10\/gui22-193x180.png\",\"caption\":\"Guilherme Freitas\"},\"description\":\"Jornalista s\u00eanior da SWIM CHANNEL, ex-correspondente da FINA no Brasil e pesquisador acad\u00eamico.\",\"sameAs\":[\"instagram.com\/guifreitas86\"],\"url\":\"https:\/\/swimchannel.net\/br\/author\/guilherme-freitas\/\"}]}<\/script>\n<!-- \/ Yoast SEO plugin. -->","yoast_head_json":{"title":"O time de \u00e1guas abertas do Campeonato Pan-Pac\u00edfico - Swimchannel","description":"Veja aqui um breve perfil dos quatro nadadores que representar\u00e3o o Brasil na competi\u00e7\u00e3o que ser\u00e1 em T\u00f3quio.","robots":{"index":"index","follow":"follow","max-snippet":"max-snippet:-1","max-image-preview":"max-image-preview:large","max-video-preview":"max-video-preview:-1"},"canonical":"https:\/\/swimchannel.net\/br\/o-time-de-aguas-abertas-do-campeonato-pan-pacifico\/","og_locale":"pt_BR","og_type":"article","og_title":"O time de \u00e1guas abertas do Campeonato Pan-Pac\u00edfico - Swimchannel","og_description":"Veja aqui um breve perfil dos quatro nadadores que representar\u00e3o o Brasil na competi\u00e7\u00e3o que ser\u00e1 em T\u00f3quio.","og_url":"https:\/\/swimchannel.net\/br\/o-time-de-aguas-abertas-do-campeonato-pan-pacifico\/","og_site_name":"Swimchannel","article_publisher":"https:\/\/www.facebook.com\/swimchannel","article_published_time":"2018-04-26T00:32:00+00:00","article_modified_time":"2018-04-26T20:29:40+00:00","og_image":[{"width":1200,"height":675,"url":"https:\/\/swimchannel.net\/br\/wp-content\/uploads\/2018\/01\/ana-02.jpg","type":"image\/jpeg"}],"author":"Guilherme Freitas","twitter_card":"summary_large_image","twitter_misc":{"Escrito por":"Guilherme Freitas","Est. tempo de leitura":"3 minutos"},"schema":{"@context":"https:\/\/schema.org","@graph":[{"@type":"Article","@id":"https:\/\/swimchannel.net\/br\/o-time-de-aguas-abertas-do-campeonato-pan-pacifico\/#article","isPartOf":{"@id":"https:\/\/swimchannel.net\/br\/o-time-de-aguas-abertas-do-campeonato-pan-pacifico\/"},"author":{"name":"Guilherme Freitas","@id":"https:\/\/swimchannel.net\/br\/#\/schema\/person\/aa2a63bab3275f53749a83276b213c48"},"headline":"O time de \u00e1guas abertas do Campeonato Pan-Pac\u00edfico","datePublished":"2018-04-26T00:32:00+00:00","dateModified":"2018-04-26T20:29:40+00:00","mainEntityOfPage":{"@id":"https:\/\/swimchannel.net\/br\/o-time-de-aguas-abertas-do-campeonato-pan-pacifico\/"},"wordCount":533,"commentCount":0,"publisher":{"@id":"https:\/\/swimchannel.net\/br\/#organization"},"image":{"@id":"https:\/\/swimchannel.net\/br\/o-time-de-aguas-abertas-do-campeonato-pan-pacifico\/#primaryimage"},"thumbnailUrl":"https:\/\/swimchannel.net\/br\/wp-content\/uploads\/2018\/01\/ana-02.jpg","keywords":["\u00c1guas abertas","Allan do Carmo","Ana Marcela Cunha","Campeonato Pan-Pac\u00edfico","CBDA","natacao","T\u00f3quio-2020","Victor Colonese","Viviane Jungblut"],"articleSection":["Campeonato Pan-Pac\u00edfico"],"inLanguage":"pt-BR","potentialAction":[{"@type":"CommentAction","name":"Comment","target":["https:\/\/swimchannel.net\/br\/o-time-de-aguas-abertas-do-campeonato-pan-pacifico\/#respond"]}]},{"@type":"WebPage","@id":"https:\/\/swimchannel.net\/br\/o-time-de-aguas-abertas-do-campeonato-pan-pacifico\/","url":"https:\/\/swimchannel.net\/br\/o-time-de-aguas-abertas-do-campeonato-pan-pacifico\/","name":"O time de \u00e1guas abertas do Campeonato Pan-Pac\u00edfico - Swimchannel","isPartOf":{"@id":"https:\/\/swimchannel.net\/br\/#website"},"primaryImageOfPage":{"@id":"https:\/\/swimchannel.net\/br\/o-time-de-aguas-abertas-do-campeonato-pan-pacifico\/#primaryimage"},"image":{"@id":"https:\/\/swimchannel.net\/br\/o-time-de-aguas-abertas-do-campeonato-pan-pacifico\/#primaryimage"},"thumbnailUrl":"https:\/\/swimchannel.net\/br\/wp-content\/uploads\/2018\/01\/ana-02.jpg","datePublished":"2018-04-26T00:32:00+00:00","dateModified":"2018-04-26T20:29:40+00:00","description":"Veja aqui um breve perfil dos quatro nadadores que representar\u00e3o o Brasil na competi\u00e7\u00e3o que ser\u00e1 em T\u00f3quio.","breadcrumb":{"@id":"https:\/\/swimchannel.net\/br\/o-time-de-aguas-abertas-do-campeonato-pan-pacifico\/#breadcrumb"},"inLanguage":"pt-BR","potentialAction":[{"@type":"ReadAction","target":["https:\/\/swimchannel.net\/br\/o-time-de-aguas-abertas-do-campeonato-pan-pacifico\/"]}]},{"@type":"ImageObject","inLanguage":"pt-BR","@id":"https:\/\/swimchannel.net\/br\/o-time-de-aguas-abertas-do-campeonato-pan-pacifico\/#primaryimage","url":"https:\/\/swimchannel.net\/br\/wp-content\/uploads\/2018\/01\/ana-02.jpg","contentUrl":"https:\/\/swimchannel.net\/br\/wp-content\/uploads\/2018\/01\/ana-02.jpg","width":1200,"height":675,"caption":"Ana Marcela Cunha - Foto: Satiro Sodr\u00e9\/SSPress"},{"@type":"BreadcrumbList","@id":"https:\/\/swimchannel.net\/br\/o-time-de-aguas-abertas-do-campeonato-pan-pacifico\/#breadcrumb","itemListElement":[{"@type":"ListItem","position":1,"name":"Home","item":"https:\/\/swimchannel.net\/br\/"},{"@type":"ListItem","position":2,"name":"O time de \u00e1guas abertas do Campeonato Pan-Pac\u00edfico"}]},{"@type":"WebSite","@id":"https:\/\/swimchannel.net\/br\/#website","url":"https:\/\/swimchannel.net\/br\/","name":"Swimchannel","description":"Maior portal de nata\u00e7\u00e3o da america latina","publisher":{"@id":"https:\/\/swimchannel.net\/br\/#organization"},"potentialAction":[{"@type":"SearchAction","target":{"@type":"EntryPoint","urlTemplate":"https:\/\/swimchannel.net\/br\/?s={search_term_string}"},"query-input":{"@type":"PropertyValueSpecification","valueRequired":true,"valueName":"search_term_string"}}],"inLanguage":"pt-BR"},{"@type":"Organization","@id":"https:\/\/swimchannel.net\/br\/#organization","name":"Swimchannel - Conectando voc\u00ea a Nata\u00e7\u00e3o","url":"https:\/\/swimchannel.net\/br\/","logo":{"@type":"ImageObject","inLanguage":"pt-BR","@id":"https:\/\/swimchannel.net\/br\/#\/schema\/logo\/image\/","url":"https:\/\/swimchannel.net\/br\/wp-content\/uploads\/2026\/02\/SWIM-CHANNEL.png","contentUrl":"https:\/\/swimchannel.net\/br\/wp-content\/uploads\/2026\/02\/SWIM-CHANNEL.png","width":1120,"height":630,"caption":"Swimchannel - Conectando voc\u00ea a Nata\u00e7\u00e3o"},"image":{"@id":"https:\/\/swimchannel.net\/br\/#\/schema\/logo\/image\/"},"sameAs":["https:\/\/www.facebook.com\/swimchannel","https:\/\/www.instagram.com\/swimchannel"]},{"@type":"Person","@id":"https:\/\/swimchannel.net\/br\/#\/schema\/person\/aa2a63bab3275f53749a83276b213c48","name":"Guilherme Freitas","image":{"@type":"ImageObject","inLanguage":"pt-BR","@id":"https:\/\/swimchannel.net\/br\/#\/schema\/person\/image\/","url":"https:\/\/swimchannel.net\/br\/wp-content\/uploads\/2025\/10\/gui22-193x180.png","contentUrl":"https:\/\/swimchannel.net\/br\/wp-content\/uploads\/2025\/10\/gui22-193x180.png","caption":"Guilherme Freitas"},"description":"Jornalista s\u00eanior da SWIM CHANNEL, ex-correspondente da FINA no Brasil e pesquisador acad\u00eamico.","sameAs":["instagram.com\/guifreitas86"],"url":"https:\/\/swimchannel.net\/br\/author\/guilherme-freitas\/"}]}},"_links":{"self":[{"href":"https:\/\/swimchannel.net\/br\/wp-json\/wp\/v2\/posts\/8602","targetHints":{"allow":["GET"]}}],"collection":[{"href":"https:\/\/swimchannel.net\/br\/wp-json\/wp\/v2\/posts"}],"about":[{"href":"https:\/\/swimchannel.net\/br\/wp-json\/wp\/v2\/types\/post"}],"author":[{"embeddable":true,"href":"https:\/\/swimchannel.net\/br\/wp-json\/wp\/v2\/users\/3"}],"replies":[{"embeddable":true,"href":"https:\/\/swimchannel.net\/br\/wp-json\/wp\/v2\/comments?post=8602"}],"version-history":[{"count":0,"href":"https:\/\/swimchannel.net\/br\/wp-json\/wp\/v2\/posts\/8602\/revisions"}],"wp:featuredmedia":[{"embeddable":true,"href":"https:\/\/swimchannel.net\/br\/wp-json\/wp\/v2\/media\/5766"}],"wp:attachment":[{"href":"https:\/\/swimchannel.net\/br\/wp-json\/wp\/v2\/media?parent=8602"}],"wp:term":[{"taxonomy":"category","embeddable":true,"href":"https:\/\/swimchannel.net\/br\/wp-json\/wp\/v2\/categories?post=8602"},{"taxonomy":"post_tag","embeddable":true,"href":"https:\/\/swimchannel.net\/br\/wp-json\/wp\/v2\/tags?post=8602"}],"curies":[{"name":"wp","href":"https:\/\/api.w.org\/{rel}","templated":true}]}}