{"id":8924,"date":"2018-05-20T22:37:02","date_gmt":"2018-05-20T22:37:02","guid":{"rendered":"https:\/\/swimchannel.flywheelsites.com\/?p=8924"},"modified":"2018-05-21T16:56:04","modified_gmt":"2018-05-21T16:56:04","slug":"ana-marcela-conquista-medalha-de-prata-em-seychelles","status":"publish","type":"post","link":"https:\/\/swimchannel.net\/br\/ana-marcela-conquista-medalha-de-prata-em-seychelles\/","title":{"rendered":"Ana Marcela conquista medalha de prata em Seychelles"},"content":{"rendered":"<p>A nata\u00e7\u00e3o brasileira de \u00e1guas abertas conquistou sua primeira medalha na FINA Marathon Swim World Series, o principal circuito internacional da modalidade. E a respons\u00e1vel pela conquista foi <a href=\"https:\/\/swimchannel.net\/br\/atleta\/ana-marcela-cunha\/\">Ana Marcela Cunha<\/a>, vice-campe\u00e3 da 2\u00aa etapa do torneio. Disputada em Seychelles, um pa\u00eds insular localizado na costa de Madagascar no Oceano \u00cdndico, a competi\u00e7\u00e3o que teve a dist\u00e2ncia de 10 km reuniu nomes pesados da modalidade como <a href=\"https:\/\/swimchannel.net\/br\/atleta\/sharon-van-rouwendaal\/\">Sharon van Rouwendaal<\/a>, <a href=\"https:\/\/swimchannel.net\/br\/atleta\/ferry-weertman\/\">Ferry Weertman<\/a>, Rachele Bruni, Arianna Bridi e Simone Rufini.<\/p>\n<p>Depois de conquistar a quarta coloca\u00e7\u00e3o na etapa inaugural da temporada em Dubai Ana Marcela subiu ao p\u00f3dio desta vez fazendo uma excelente prova ap\u00f3s duelar bra\u00e7ada a bra\u00e7ada pela vit\u00f3ria contra Arianna Bridi. A italiana, atual campe\u00e3 do circuito, levou a melhor na batida de m\u00e3o e venceu pela primeira vez no ano com o tempo de\u00a01h58min32s3 contra 1h58min32s6 da brasileira. O p\u00f3dio teve ainda outra italiana, Martina de Memme que faturou o bronze em 1h58min33s4. Al\u00e9m de Ana Marcela o Brasil teve a participa\u00e7\u00e3o de Viviane Jungblut, s\u00e9tima colocada geral.<\/p>\n<figure id=\"attachment_5766\" aria-describedby=\"caption-attachment-5766\" style=\"width: 900px\" class=\"wp-caption aligncenter\"><img loading=\"lazy\" decoding=\"async\" class=\"wp-image-5766\" src=\"https:\/\/swimchannel.net\/br\/wp-content\/uploads\/2018\/01\/ana-02.jpg\" alt=\"\" width=\"900\" height=\"506\" srcset=\"https:\/\/swimchannel.net\/br\/wp-content\/uploads\/2018\/01\/ana-02.jpg 1200w, https:\/\/swimchannel.net\/br\/wp-content\/uploads\/2018\/01\/ana-02-600x338.jpg 600w, https:\/\/swimchannel.net\/br\/wp-content\/uploads\/2018\/01\/ana-02-300x169.jpg 300w, https:\/\/swimchannel.net\/br\/wp-content\/uploads\/2018\/01\/ana-02-768x432.jpg 768w, https:\/\/swimchannel.net\/br\/wp-content\/uploads\/2018\/01\/ana-02-1024x576.jpg 1024w, https:\/\/swimchannel.net\/br\/wp-content\/uploads\/2018\/01\/ana-02-640x360.jpg 640w, https:\/\/swimchannel.net\/br\/wp-content\/uploads\/2018\/01\/ana-02-320x180.jpg 320w\" sizes=\"auto, (max-width: 900px) 100vw, 900px\" \/><figcaption id=\"caption-attachment-5766\" class=\"wp-caption-text\">Ana Marcela conquistou a prata em Seychelles &#8211; Foto: Satiro Sodr\u00e9\/SSPress<\/figcaption><\/figure>\n<p>Entre os homens o t\u00edtulo tamb\u00e9m ficou com a It\u00e1lia. Atual campe\u00e3o do circuito mundial\u00a0Simone Ruffini foi absoluto na maratona e conseguiu uma boa vantagem na reta final para concluir a dist\u00e2ncia em 1h49min41s9.\u00a0 seguir vieram dois europeus, o brit\u00e2nico Jack Burnell com 1h49min44s0 e o alem\u00e3o\u00a0Rob Muffels com 1h49min46s3. O Brasil teve tr\u00eas representantes na prova, mas todos ficaram longe do p\u00f3dio.\u00a0Diogo Villarinho foi o mais bem colocado chegando em 13\u00ba lugar com o tempo de 1h49min51s3.\u00a0<a href=\"https:\/\/swimchannel.net\/br\/atleta\/allan-do-carmo\/\">Allan do Carmo<\/a> com a marca de 1h50min23s3 foi o 18\u00ba seguido por Fernando Ponte em 19\u00ba lugar com 1h50min39s6.<\/p>\n<p>A pr\u00f3xima parada do giro internacional da\u00a0FINA Marathon Swim World Series ser\u00e1 no dia 9 de junho em Set\u00fabal, Portugal. Os resultados completos j\u00e1 est\u00e3o disponibilizados no site da Fina e <a href=\"https:\/\/www.fina.org\/event\/fina-marathon-swim-world-series-2018-2\/results\" target=\"_blank\" rel=\"noopener\">podem ser acessados aqui<\/a>.<\/p>\n","protected":false},"excerpt":{"rendered":"<p>A nata\u00e7\u00e3o brasileira de \u00e1guas abertas conquistou sua primeira medalha na FINA Marathon Swim World Series, o principal circuito internacional da modalidade. E a respons\u00e1vel pela conquista foi Ana Marcela Cunha, vice-campe\u00e3 da 2\u00aa etapa do torneio. Disputada em Seychelles, um pa\u00eds insular localizado na costa de Madagascar no Oceano \u00cdndico, a competi\u00e7\u00e3o que teve [&hellip;]<\/p>\n","protected":false},"author":3,"featured_media":5766,"comment_status":"open","ping_status":"open","sticky":false,"template":"","format":"standard","meta":{"footnotes":""},"categories":[115,1172],"tags":[14,47,96,1312,5],"class_list":["post-8924","post","type-post","status-publish","format-standard","has-post-thumbnail","hentry","category-aguas-abertas","category-aqua","tag-aguas-abertas","tag-ana-marcela-cunha","tag-fina","tag-fina-marathon-swim-world-series","tag-natacao"],"yoast_head":"<!-- This site is optimized with the Yoast SEO plugin v27.0 - https:\/\/yoast.com\/product\/yoast-seo-wordpress\/ -->\n<title>Ana Marcela conquista medalha de prata em Seychelles - Swimchannel<\/title>\n<meta name=\"description\" content=\"Brasileira conquista a primeira medalha do pa\u00eds na competi\u00e7\u00e3o; entre os homens Diogo Villarinho \u00e9 quem tem melhor desempenho.\" \/>\n<meta name=\"robots\" content=\"index, follow, max-snippet:-1, max-image-preview:large, max-video-preview:-1\" \/>\n<link rel=\"canonical\" href=\"https:\/\/swimchannel.net\/br\/ana-marcela-conquista-medalha-de-prata-em-seychelles\/\" \/>\n<meta property=\"og:locale\" content=\"pt_BR\" \/>\n<meta property=\"og:type\" content=\"article\" \/>\n<meta property=\"og:title\" content=\"Ana Marcela conquista medalha de prata em Seychelles - Swimchannel\" \/>\n<meta property=\"og:description\" content=\"Brasileira conquista a primeira medalha do pa\u00eds na competi\u00e7\u00e3o; entre os homens Diogo Villarinho \u00e9 quem tem melhor desempenho.\" \/>\n<meta property=\"og:url\" content=\"https:\/\/swimchannel.net\/br\/ana-marcela-conquista-medalha-de-prata-em-seychelles\/\" \/>\n<meta property=\"og:site_name\" content=\"Swimchannel\" \/>\n<meta property=\"article:publisher\" content=\"https:\/\/www.facebook.com\/swimchannel\" \/>\n<meta property=\"article:published_time\" content=\"2018-05-20T22:37:02+00:00\" \/>\n<meta property=\"article:modified_time\" content=\"2018-05-21T16:56:04+00:00\" \/>\n<meta property=\"og:image\" content=\"https:\/\/swimchannel.net\/br\/wp-content\/uploads\/2018\/01\/ana-02.jpg\" \/>\n\t<meta property=\"og:image:width\" content=\"1200\" \/>\n\t<meta property=\"og:image:height\" content=\"675\" \/>\n\t<meta property=\"og:image:type\" content=\"image\/jpeg\" \/>\n<meta name=\"author\" content=\"Guilherme Freitas\" \/>\n<meta name=\"twitter:card\" content=\"summary_large_image\" \/>\n<meta name=\"twitter:label1\" content=\"Escrito por\" \/>\n\t<meta name=\"twitter:data1\" content=\"Guilherme Freitas\" \/>\n\t<meta name=\"twitter:label2\" content=\"Est. tempo de leitura\" \/>\n\t<meta name=\"twitter:data2\" content=\"2 minutos\" \/>\n<script type=\"application\/ld+json\" class=\"yoast-schema-graph\">{\"@context\":\"https:\/\/schema.org\",\"@graph\":[{\"@type\":\"Article\",\"@id\":\"https:\/\/swimchannel.net\/br\/ana-marcela-conquista-medalha-de-prata-em-seychelles\/#article\",\"isPartOf\":{\"@id\":\"https:\/\/swimchannel.net\/br\/ana-marcela-conquista-medalha-de-prata-em-seychelles\/\"},\"author\":{\"name\":\"Guilherme Freitas\",\"@id\":\"https:\/\/swimchannel.net\/br\/#\/schema\/person\/aa2a63bab3275f53749a83276b213c48\"},\"headline\":\"Ana Marcela conquista medalha de prata em Seychelles\",\"datePublished\":\"2018-05-20T22:37:02+00:00\",\"dateModified\":\"2018-05-21T16:56:04+00:00\",\"mainEntityOfPage\":{\"@id\":\"https:\/\/swimchannel.net\/br\/ana-marcela-conquista-medalha-de-prata-em-seychelles\/\"},\"wordCount\":375,\"commentCount\":0,\"publisher\":{\"@id\":\"https:\/\/swimchannel.net\/br\/#organization\"},\"image\":{\"@id\":\"https:\/\/swimchannel.net\/br\/ana-marcela-conquista-medalha-de-prata-em-seychelles\/#primaryimage\"},\"thumbnailUrl\":\"https:\/\/swimchannel.net\/br\/wp-content\/uploads\/2018\/01\/ana-02.jpg\",\"keywords\":[\"\u00c1guas abertas\",\"Ana Marcela Cunha\",\"Fina\",\"FINA Marathon Swim World Series\",\"natacao\"],\"articleSection\":[\"\u00c1guas Abertas\",\"AQUA\"],\"inLanguage\":\"pt-BR\",\"potentialAction\":[{\"@type\":\"CommentAction\",\"name\":\"Comment\",\"target\":[\"https:\/\/swimchannel.net\/br\/ana-marcela-conquista-medalha-de-prata-em-seychelles\/#respond\"]}]},{\"@type\":\"WebPage\",\"@id\":\"https:\/\/swimchannel.net\/br\/ana-marcela-conquista-medalha-de-prata-em-seychelles\/\",\"url\":\"https:\/\/swimchannel.net\/br\/ana-marcela-conquista-medalha-de-prata-em-seychelles\/\",\"name\":\"Ana Marcela conquista medalha de prata em Seychelles - Swimchannel\",\"isPartOf\":{\"@id\":\"https:\/\/swimchannel.net\/br\/#website\"},\"primaryImageOfPage\":{\"@id\":\"https:\/\/swimchannel.net\/br\/ana-marcela-conquista-medalha-de-prata-em-seychelles\/#primaryimage\"},\"image\":{\"@id\":\"https:\/\/swimchannel.net\/br\/ana-marcela-conquista-medalha-de-prata-em-seychelles\/#primaryimage\"},\"thumbnailUrl\":\"https:\/\/swimchannel.net\/br\/wp-content\/uploads\/2018\/01\/ana-02.jpg\",\"datePublished\":\"2018-05-20T22:37:02+00:00\",\"dateModified\":\"2018-05-21T16:56:04+00:00\",\"description\":\"Brasileira conquista a primeira medalha do pa\u00eds na competi\u00e7\u00e3o; entre os homens Diogo Villarinho \u00e9 quem tem melhor desempenho.\",\"breadcrumb\":{\"@id\":\"https:\/\/swimchannel.net\/br\/ana-marcela-conquista-medalha-de-prata-em-seychelles\/#breadcrumb\"},\"inLanguage\":\"pt-BR\",\"potentialAction\":[{\"@type\":\"ReadAction\",\"target\":[\"https:\/\/swimchannel.net\/br\/ana-marcela-conquista-medalha-de-prata-em-seychelles\/\"]}]},{\"@type\":\"ImageObject\",\"inLanguage\":\"pt-BR\",\"@id\":\"https:\/\/swimchannel.net\/br\/ana-marcela-conquista-medalha-de-prata-em-seychelles\/#primaryimage\",\"url\":\"https:\/\/swimchannel.net\/br\/wp-content\/uploads\/2018\/01\/ana-02.jpg\",\"contentUrl\":\"https:\/\/swimchannel.net\/br\/wp-content\/uploads\/2018\/01\/ana-02.jpg\",\"width\":1200,\"height\":675,\"caption\":\"Ana Marcela Cunha - Foto: Satiro Sodr\u00e9\/SSPress\"},{\"@type\":\"BreadcrumbList\",\"@id\":\"https:\/\/swimchannel.net\/br\/ana-marcela-conquista-medalha-de-prata-em-seychelles\/#breadcrumb\",\"itemListElement\":[{\"@type\":\"ListItem\",\"position\":1,\"name\":\"Home\",\"item\":\"https:\/\/swimchannel.net\/br\/\"},{\"@type\":\"ListItem\",\"position\":2,\"name\":\"Ana Marcela conquista medalha de prata em Seychelles\"}]},{\"@type\":\"WebSite\",\"@id\":\"https:\/\/swimchannel.net\/br\/#website\",\"url\":\"https:\/\/swimchannel.net\/br\/\",\"name\":\"Swimchannel\",\"description\":\"Maior portal de nata\u00e7\u00e3o da america latina\",\"publisher\":{\"@id\":\"https:\/\/swimchannel.net\/br\/#organization\"},\"potentialAction\":[{\"@type\":\"SearchAction\",\"target\":{\"@type\":\"EntryPoint\",\"urlTemplate\":\"https:\/\/swimchannel.net\/br\/?s={search_term_string}\"},\"query-input\":{\"@type\":\"PropertyValueSpecification\",\"valueRequired\":true,\"valueName\":\"search_term_string\"}}],\"inLanguage\":\"pt-BR\"},{\"@type\":\"Organization\",\"@id\":\"https:\/\/swimchannel.net\/br\/#organization\",\"name\":\"Swimchannel - Conectando voc\u00ea a Nata\u00e7\u00e3o\",\"url\":\"https:\/\/swimchannel.net\/br\/\",\"logo\":{\"@type\":\"ImageObject\",\"inLanguage\":\"pt-BR\",\"@id\":\"https:\/\/swimchannel.net\/br\/#\/schema\/logo\/image\/\",\"url\":\"https:\/\/swimchannel.net\/br\/wp-content\/uploads\/2026\/02\/SWIM-CHANNEL.png\",\"contentUrl\":\"https:\/\/swimchannel.net\/br\/wp-content\/uploads\/2026\/02\/SWIM-CHANNEL.png\",\"width\":1120,\"height\":630,\"caption\":\"Swimchannel - Conectando voc\u00ea a Nata\u00e7\u00e3o\"},\"image\":{\"@id\":\"https:\/\/swimchannel.net\/br\/#\/schema\/logo\/image\/\"},\"sameAs\":[\"https:\/\/www.facebook.com\/swimchannel\",\"https:\/\/www.instagram.com\/swimchannel\"]},{\"@type\":\"Person\",\"@id\":\"https:\/\/swimchannel.net\/br\/#\/schema\/person\/aa2a63bab3275f53749a83276b213c48\",\"name\":\"Guilherme Freitas\",\"image\":{\"@type\":\"ImageObject\",\"inLanguage\":\"pt-BR\",\"@id\":\"https:\/\/swimchannel.net\/br\/#\/schema\/person\/image\/\",\"url\":\"https:\/\/swimchannel.net\/br\/wp-content\/uploads\/2025\/10\/gui22-193x180.png\",\"contentUrl\":\"https:\/\/swimchannel.net\/br\/wp-content\/uploads\/2025\/10\/gui22-193x180.png\",\"caption\":\"Guilherme Freitas\"},\"description\":\"Jornalista s\u00eanior da SWIM CHANNEL, ex-correspondente da FINA no Brasil e pesquisador acad\u00eamico.\",\"sameAs\":[\"instagram.com\/guifreitas86\"],\"url\":\"https:\/\/swimchannel.net\/br\/author\/guilherme-freitas\/\"}]}<\/script>\n<!-- \/ Yoast SEO plugin. -->","yoast_head_json":{"title":"Ana Marcela conquista medalha de prata em Seychelles - Swimchannel","description":"Brasileira conquista a primeira medalha do pa\u00eds na competi\u00e7\u00e3o; entre os homens Diogo Villarinho \u00e9 quem tem melhor desempenho.","robots":{"index":"index","follow":"follow","max-snippet":"max-snippet:-1","max-image-preview":"max-image-preview:large","max-video-preview":"max-video-preview:-1"},"canonical":"https:\/\/swimchannel.net\/br\/ana-marcela-conquista-medalha-de-prata-em-seychelles\/","og_locale":"pt_BR","og_type":"article","og_title":"Ana Marcela conquista medalha de prata em Seychelles - Swimchannel","og_description":"Brasileira conquista a primeira medalha do pa\u00eds na competi\u00e7\u00e3o; entre os homens Diogo Villarinho \u00e9 quem tem melhor desempenho.","og_url":"https:\/\/swimchannel.net\/br\/ana-marcela-conquista-medalha-de-prata-em-seychelles\/","og_site_name":"Swimchannel","article_publisher":"https:\/\/www.facebook.com\/swimchannel","article_published_time":"2018-05-20T22:37:02+00:00","article_modified_time":"2018-05-21T16:56:04+00:00","og_image":[{"width":1200,"height":675,"url":"https:\/\/swimchannel.net\/br\/wp-content\/uploads\/2018\/01\/ana-02.jpg","type":"image\/jpeg"}],"author":"Guilherme Freitas","twitter_card":"summary_large_image","twitter_misc":{"Escrito por":"Guilherme Freitas","Est. tempo de leitura":"2 minutos"},"schema":{"@context":"https:\/\/schema.org","@graph":[{"@type":"Article","@id":"https:\/\/swimchannel.net\/br\/ana-marcela-conquista-medalha-de-prata-em-seychelles\/#article","isPartOf":{"@id":"https:\/\/swimchannel.net\/br\/ana-marcela-conquista-medalha-de-prata-em-seychelles\/"},"author":{"name":"Guilherme Freitas","@id":"https:\/\/swimchannel.net\/br\/#\/schema\/person\/aa2a63bab3275f53749a83276b213c48"},"headline":"Ana Marcela conquista medalha de prata em Seychelles","datePublished":"2018-05-20T22:37:02+00:00","dateModified":"2018-05-21T16:56:04+00:00","mainEntityOfPage":{"@id":"https:\/\/swimchannel.net\/br\/ana-marcela-conquista-medalha-de-prata-em-seychelles\/"},"wordCount":375,"commentCount":0,"publisher":{"@id":"https:\/\/swimchannel.net\/br\/#organization"},"image":{"@id":"https:\/\/swimchannel.net\/br\/ana-marcela-conquista-medalha-de-prata-em-seychelles\/#primaryimage"},"thumbnailUrl":"https:\/\/swimchannel.net\/br\/wp-content\/uploads\/2018\/01\/ana-02.jpg","keywords":["\u00c1guas abertas","Ana Marcela Cunha","Fina","FINA Marathon Swim World Series","natacao"],"articleSection":["\u00c1guas Abertas","AQUA"],"inLanguage":"pt-BR","potentialAction":[{"@type":"CommentAction","name":"Comment","target":["https:\/\/swimchannel.net\/br\/ana-marcela-conquista-medalha-de-prata-em-seychelles\/#respond"]}]},{"@type":"WebPage","@id":"https:\/\/swimchannel.net\/br\/ana-marcela-conquista-medalha-de-prata-em-seychelles\/","url":"https:\/\/swimchannel.net\/br\/ana-marcela-conquista-medalha-de-prata-em-seychelles\/","name":"Ana Marcela conquista medalha de prata em Seychelles - Swimchannel","isPartOf":{"@id":"https:\/\/swimchannel.net\/br\/#website"},"primaryImageOfPage":{"@id":"https:\/\/swimchannel.net\/br\/ana-marcela-conquista-medalha-de-prata-em-seychelles\/#primaryimage"},"image":{"@id":"https:\/\/swimchannel.net\/br\/ana-marcela-conquista-medalha-de-prata-em-seychelles\/#primaryimage"},"thumbnailUrl":"https:\/\/swimchannel.net\/br\/wp-content\/uploads\/2018\/01\/ana-02.jpg","datePublished":"2018-05-20T22:37:02+00:00","dateModified":"2018-05-21T16:56:04+00:00","description":"Brasileira conquista a primeira medalha do pa\u00eds na competi\u00e7\u00e3o; entre os homens Diogo Villarinho \u00e9 quem tem melhor desempenho.","breadcrumb":{"@id":"https:\/\/swimchannel.net\/br\/ana-marcela-conquista-medalha-de-prata-em-seychelles\/#breadcrumb"},"inLanguage":"pt-BR","potentialAction":[{"@type":"ReadAction","target":["https:\/\/swimchannel.net\/br\/ana-marcela-conquista-medalha-de-prata-em-seychelles\/"]}]},{"@type":"ImageObject","inLanguage":"pt-BR","@id":"https:\/\/swimchannel.net\/br\/ana-marcela-conquista-medalha-de-prata-em-seychelles\/#primaryimage","url":"https:\/\/swimchannel.net\/br\/wp-content\/uploads\/2018\/01\/ana-02.jpg","contentUrl":"https:\/\/swimchannel.net\/br\/wp-content\/uploads\/2018\/01\/ana-02.jpg","width":1200,"height":675,"caption":"Ana Marcela Cunha - Foto: Satiro Sodr\u00e9\/SSPress"},{"@type":"BreadcrumbList","@id":"https:\/\/swimchannel.net\/br\/ana-marcela-conquista-medalha-de-prata-em-seychelles\/#breadcrumb","itemListElement":[{"@type":"ListItem","position":1,"name":"Home","item":"https:\/\/swimchannel.net\/br\/"},{"@type":"ListItem","position":2,"name":"Ana Marcela conquista medalha de prata em Seychelles"}]},{"@type":"WebSite","@id":"https:\/\/swimchannel.net\/br\/#website","url":"https:\/\/swimchannel.net\/br\/","name":"Swimchannel","description":"Maior portal de nata\u00e7\u00e3o da america latina","publisher":{"@id":"https:\/\/swimchannel.net\/br\/#organization"},"potentialAction":[{"@type":"SearchAction","target":{"@type":"EntryPoint","urlTemplate":"https:\/\/swimchannel.net\/br\/?s={search_term_string}"},"query-input":{"@type":"PropertyValueSpecification","valueRequired":true,"valueName":"search_term_string"}}],"inLanguage":"pt-BR"},{"@type":"Organization","@id":"https:\/\/swimchannel.net\/br\/#organization","name":"Swimchannel - Conectando voc\u00ea a Nata\u00e7\u00e3o","url":"https:\/\/swimchannel.net\/br\/","logo":{"@type":"ImageObject","inLanguage":"pt-BR","@id":"https:\/\/swimchannel.net\/br\/#\/schema\/logo\/image\/","url":"https:\/\/swimchannel.net\/br\/wp-content\/uploads\/2026\/02\/SWIM-CHANNEL.png","contentUrl":"https:\/\/swimchannel.net\/br\/wp-content\/uploads\/2026\/02\/SWIM-CHANNEL.png","width":1120,"height":630,"caption":"Swimchannel - Conectando voc\u00ea a Nata\u00e7\u00e3o"},"image":{"@id":"https:\/\/swimchannel.net\/br\/#\/schema\/logo\/image\/"},"sameAs":["https:\/\/www.facebook.com\/swimchannel","https:\/\/www.instagram.com\/swimchannel"]},{"@type":"Person","@id":"https:\/\/swimchannel.net\/br\/#\/schema\/person\/aa2a63bab3275f53749a83276b213c48","name":"Guilherme Freitas","image":{"@type":"ImageObject","inLanguage":"pt-BR","@id":"https:\/\/swimchannel.net\/br\/#\/schema\/person\/image\/","url":"https:\/\/swimchannel.net\/br\/wp-content\/uploads\/2025\/10\/gui22-193x180.png","contentUrl":"https:\/\/swimchannel.net\/br\/wp-content\/uploads\/2025\/10\/gui22-193x180.png","caption":"Guilherme Freitas"},"description":"Jornalista s\u00eanior da SWIM CHANNEL, ex-correspondente da FINA no Brasil e pesquisador acad\u00eamico.","sameAs":["instagram.com\/guifreitas86"],"url":"https:\/\/swimchannel.net\/br\/author\/guilherme-freitas\/"}]}},"_links":{"self":[{"href":"https:\/\/swimchannel.net\/br\/wp-json\/wp\/v2\/posts\/8924","targetHints":{"allow":["GET"]}}],"collection":[{"href":"https:\/\/swimchannel.net\/br\/wp-json\/wp\/v2\/posts"}],"about":[{"href":"https:\/\/swimchannel.net\/br\/wp-json\/wp\/v2\/types\/post"}],"author":[{"embeddable":true,"href":"https:\/\/swimchannel.net\/br\/wp-json\/wp\/v2\/users\/3"}],"replies":[{"embeddable":true,"href":"https:\/\/swimchannel.net\/br\/wp-json\/wp\/v2\/comments?post=8924"}],"version-history":[{"count":0,"href":"https:\/\/swimchannel.net\/br\/wp-json\/wp\/v2\/posts\/8924\/revisions"}],"wp:featuredmedia":[{"embeddable":true,"href":"https:\/\/swimchannel.net\/br\/wp-json\/wp\/v2\/media\/5766"}],"wp:attachment":[{"href":"https:\/\/swimchannel.net\/br\/wp-json\/wp\/v2\/media?parent=8924"}],"wp:term":[{"taxonomy":"category","embeddable":true,"href":"https:\/\/swimchannel.net\/br\/wp-json\/wp\/v2\/categories?post=8924"},{"taxonomy":"post_tag","embeddable":true,"href":"https:\/\/swimchannel.net\/br\/wp-json\/wp\/v2\/tags?post=8924"}],"curies":[{"name":"wp","href":"https:\/\/api.w.org\/{rel}","templated":true}]}}