{"id":9183,"date":"2018-06-07T15:09:30","date_gmt":"2018-06-07T15:09:30","guid":{"rendered":"https:\/\/swimchannel.flywheelsites.com\/?p=9183"},"modified":"2018-06-07T16:21:31","modified_gmt":"2018-06-07T16:21:31","slug":"lancado-o-desafio-speedo-40","status":"publish","type":"post","link":"https:\/\/swimchannel.net\/br\/lancado-o-desafio-speedo-40\/","title":{"rendered":"Lan\u00e7ado o Desafio Speedo 40"},"content":{"rendered":"<p>Esta aberta oficialmente a bel\u00edssima\u00a0 campanha Desafio Speedo 40, uma a\u00e7\u00e3o especial da marca em celebra\u00e7\u00e3o a suas quatro d\u00e9cadas de atividade no Brasil. O desafio vai acompanhar a evolu\u00e7\u00e3o de 40 nadadores amadores que far\u00e3o sua estreia em uma prova de \u00e1guas abertas no final do ano: Travessia Fuga das Ilhas.\u00a0Em um coquetel realizado na noite de ontem na principal loja conceito da empresa em S\u00e3o Paulo, foram apresentados pelo respons\u00e1vel por novos neg\u00f3cios da marca Renato Hacker e pelo diretor de marketing Igor de Souza\u00a0o cronograma do desafio e compromissos sociais que todos os selecionados dever\u00e3o cumprir at\u00e9 o dia da prova.<\/p>\n<p>Os 40 atletas amadores v\u00e3o treinar durante os pr\u00f3ximos seis meses para conclu\u00edrem sua primeira prova de \u00e1guas abertas. Grande parte dos atletas, possuem um bom preparo f\u00edsico, mas nunca se aventuraram nas maratonas aqu\u00e1ticas. Para ajud\u00e1-los na miss\u00e3o, a Speedo selecionou 40 anjos que s\u00e3o aletas com larga experi\u00eancia na modalidade que ser\u00e3o respons\u00e1veis por compartilhar suas experi\u00eancias e tamb\u00e9m acompanhar\u00e3o os estreantes durante a prova na Barra do Sahy. Entre os anjos est\u00e3o nomes como Samir Barel, Marta Izo, Harry Finger e o editor-chefe da <strong>SWIM CHANNEL<\/strong> Patrick Winkler.<\/p>\n<div id='gallery-1' class='gallery galleryid-9183 gallery-columns-3 gallery-size-thumbnail'><figure class='gallery-item'>\n\t\t\t<div class='gallery-icon landscape'>\n\t\t\t\t<a href='https:\/\/swimchannel.net\/br\/lancado-o-desafio-speedo-40\/speedo-2\/'><img loading=\"lazy\" decoding=\"async\" width=\"284\" height=\"180\" src=\"https:\/\/swimchannel.net\/br\/wp-content\/uploads\/2018\/06\/speedo.jpg\" class=\"attachment-thumbnail size-thumbnail\" alt=\"\" aria-describedby=\"gallery-1-9187\" \/><\/a>\n\t\t\t<\/div>\n\t\t\t\t<figcaption class='wp-caption-text gallery-caption' id='gallery-1-9187'>\n\t\t\t\tOs atletas do Team Speedo &#8211; Foto: Speedo Multisport\/Divulga\u00e7\u00e3o\n\t\t\t\t<\/figcaption><\/figure><figure class='gallery-item'>\n\t\t\t<div class='gallery-icon landscape'>\n\t\t\t\t<a href='https:\/\/swimchannel.net\/br\/lancado-o-desafio-speedo-40\/speedo-03\/'><img loading=\"lazy\" decoding=\"async\" width=\"284\" height=\"180\" src=\"https:\/\/swimchannel.net\/br\/wp-content\/uploads\/2018\/06\/speedo-03.jpg\" class=\"attachment-thumbnail size-thumbnail\" alt=\"\" aria-describedby=\"gallery-1-9190\" \/><\/a>\n\t\t\t<\/div>\n\t\t\t\t<figcaption class='wp-caption-text gallery-caption' id='gallery-1-9190'>\n\t\t\t\tRenato Hacker com Poliana Okimoto &#8211; Foto: SWIM CHANNEL\/Divulga\u00e7\u00e3o\n\t\t\t\t<\/figcaption><\/figure><figure class='gallery-item'>\n\t\t\t<div class='gallery-icon landscape'>\n\t\t\t\t<a href='https:\/\/swimchannel.net\/br\/lancado-o-desafio-speedo-40\/speedo-01\/'><img loading=\"lazy\" decoding=\"async\" width=\"284\" height=\"180\" src=\"https:\/\/swimchannel.net\/br\/wp-content\/uploads\/2018\/06\/speedo-01.jpg\" class=\"attachment-thumbnail size-thumbnail\" alt=\"\" aria-describedby=\"gallery-1-9188\" \/><\/a>\n\t\t\t<\/div>\n\t\t\t\t<figcaption class='wp-caption-text gallery-caption' id='gallery-1-9188'>\n\t\t\t\tAlguns dos participantes do Desafio Speedo 40 &#8211; Foto: Speedo Multisport\/Divulga\u00e7\u00e3o\n\t\t\t\t<\/figcaption><\/figure><figure class='gallery-item'>\n\t\t\t<div class='gallery-icon landscape'>\n\t\t\t\t<a href='https:\/\/swimchannel.net\/br\/lancado-o-desafio-speedo-40\/speedo-02\/'><img loading=\"lazy\" decoding=\"async\" width=\"284\" height=\"180\" src=\"https:\/\/swimchannel.net\/br\/wp-content\/uploads\/2018\/06\/speedo-02.jpg\" class=\"attachment-thumbnail size-thumbnail\" alt=\"\" aria-describedby=\"gallery-1-9189\" \/><\/a>\n\t\t\t<\/div>\n\t\t\t\t<figcaption class='wp-caption-text gallery-caption' id='gallery-1-9189'>\n\t\t\t\tRenato Hacker com as g\u00eameas Bia e Branca Feres &#8211; Foto: SWIM CHANNEL\/Divulga\u00e7\u00e3o\n\t\t\t\t<\/figcaption><\/figure>\n\t\t<\/div>\n\n<p>Entre as sess\u00f5es de treinos e eventuais provas de \u00e1guas abertas que ser\u00e3o simulados para o grande desafio, os participantes tamb\u00e9m estar\u00e3o empenhados na campanha\u00a0&#8220;Correnteza do Bem&#8221;. Nesta a\u00e7\u00e3o social eles dever\u00e3o realizar doa\u00e7\u00f5es de alimento, roupas ou higiene a\u00a0institui\u00e7\u00f5es de caridade e compartilh\u00e1-las em suas redes sociais atrav\u00e9s da hashtag #correntezadobem. A ideia \u00e9 justamente divulgar a iniciativa para o m\u00e1ximo de pessoas poss\u00edveis, convidar amigos para colaborar e criar um v\u00ednculo entre todos os participantes do desafio.<\/p>\n<p>&#8220;Em celebra\u00e7\u00e3o aos 40 anos da Speedo no Brasil tivemos a ideia de lan\u00e7ar essa campanha que al\u00e9m de incentivar os atletas a buscarem e superarem novos desafios pessoais, tamb\u00e9m ajudar\u00e1 outras pessoas atrav\u00e9s da campanha Correnteza do Bem. Esta \u00e9 uma campanha tanto esportiva, como principalmente social&#8221;, disse Igor de Souza. Ele \u00e9 uma das refer\u00eancias da nata\u00e7\u00e3o em \u00a0\u00e1guas abertas no Brasil, tendo sido diretor t\u00e9cnico da sele\u00e7\u00e3o brasileira e colecionado diversos t\u00edtulos e conquistas em provas internacionais da modalidade. Igor tamb\u00e9m acompanhar\u00e1 e ministrar\u00e1 os treinamentos para os atletas.<\/p>\n<p><iframe loading=\"lazy\" style=\"border: none; overflow: hidden;\" src=\"https:\/\/www.facebook.com\/plugins\/video.php?href=https%3A%2F%2Fwww.facebook.com%2Fswimchannel%2Fvideos%2F2076212835741162%2F&amp;show_text=0&amp;width=476\" width=\"476\" height=\"476\" frameborder=\"0\" scrolling=\"no\" allowfullscreen=\"allowfullscreen\"><\/iframe><\/p>\n<p>Alguns dos atletas que comp\u00f5em o Team Speedo prestigiaram o evento de lan\u00e7amento como a medalhista ol\u00edmpica de maratona aqu\u00e1tica <a href=\"https:\/\/swimchannel.net\/br\/atleta\/poliana-okimoto\/\">Poliana Okimoto<\/a>, as atletas da sele\u00e7\u00e3o brasileira de nado sincronizado Bia e Branca Feres, os triatletas Jos\u00e9 Belarmino, Vanessa Gianinni e Roberto Lobo e o campe\u00e3o ol\u00edmpico de v\u00f4lei Marcelo Negr\u00e3o. A <strong>SWIM CHANNEL<\/strong> realizar\u00e1 a\u00a0cobertura completa da campanha at\u00e9 a data de conclus\u00e3o, na charmosa Travessia Fuga das Ilhas que acontecer\u00e1 no dia 9 de dezembro.\u00a0No site do <a href=\"http:\/\/desafiospeedo40.com.br\/\">Desafio Speedo 40<\/a> \u00e9 poss\u00edvel encontrar mais informa\u00e7\u00f5es da campanha.<\/p>\n","protected":false},"excerpt":{"rendered":"<p>Esta aberta oficialmente a bel\u00edssima\u00a0 campanha Desafio Speedo 40, uma a\u00e7\u00e3o especial da marca em celebra\u00e7\u00e3o a suas quatro d\u00e9cadas de atividade no Brasil. O desafio vai acompanhar a evolu\u00e7\u00e3o de 40 nadadores amadores que far\u00e3o sua estreia em uma prova de \u00e1guas abertas no final do ano: Travessia Fuga das Ilhas.\u00a0Em um coquetel realizado [&hellip;]<\/p>\n","protected":false},"author":3,"featured_media":8346,"comment_status":"open","ping_status":"open","sticky":false,"template":"","format":"standard","meta":{"footnotes":""},"categories":[115],"tags":[14,1342,1340,478,5,46,312,1341],"class_list":["post-9183","post","type-post","status-publish","format-standard","has-post-thumbnail","hentry","category-aguas-abertas","tag-aguas-abertas","tag-correnteza-do-bem","tag-desafio-speedo-40","tag-igor-de-souza","tag-natacao","tag-poliana-okimoto","tag-speedo","tag-travessia-fuga-das-ilhas"],"yoast_head":"<!-- This site is optimized with the Yoast SEO plugin v27.0 - https:\/\/yoast.com\/product\/yoast-seo-wordpress\/ -->\n<title>Lan\u00e7ado o Desafio Speedo 40 - Swimchannel<\/title>\n<meta name=\"description\" content=\"Grupo de 40 atletas amadores nadar\u00e1 a Travessia Fuga das Ilhas como parte da comemora\u00e7\u00e3o dos 40 anos da marca no Brasil\" \/>\n<meta name=\"robots\" content=\"index, follow, max-snippet:-1, max-image-preview:large, max-video-preview:-1\" \/>\n<link rel=\"canonical\" href=\"https:\/\/swimchannel.net\/br\/lancado-o-desafio-speedo-40\/\" \/>\n<meta property=\"og:locale\" content=\"pt_BR\" \/>\n<meta property=\"og:type\" content=\"article\" \/>\n<meta property=\"og:title\" content=\"Lan\u00e7ado o Desafio Speedo 40 - Swimchannel\" \/>\n<meta property=\"og:description\" content=\"Grupo de 40 atletas amadores nadar\u00e1 a Travessia Fuga das Ilhas como parte da comemora\u00e7\u00e3o dos 40 anos da marca no Brasil\" \/>\n<meta property=\"og:url\" content=\"https:\/\/swimchannel.net\/br\/lancado-o-desafio-speedo-40\/\" \/>\n<meta property=\"og:site_name\" content=\"Swimchannel\" \/>\n<meta property=\"article:publisher\" content=\"https:\/\/www.facebook.com\/swimchannel\" \/>\n<meta property=\"article:published_time\" content=\"2018-06-07T15:09:30+00:00\" \/>\n<meta property=\"article:modified_time\" content=\"2018-06-07T16:21:31+00:00\" \/>\n<meta property=\"og:image\" content=\"https:\/\/swimchannel.net\/br\/wp-content\/uploads\/2018\/04\/speedo40_1.jpg\" \/>\n\t<meta property=\"og:image:width\" content=\"1200\" \/>\n\t<meta property=\"og:image:height\" content=\"675\" \/>\n\t<meta property=\"og:image:type\" content=\"image\/jpeg\" \/>\n<meta name=\"author\" content=\"Guilherme Freitas\" \/>\n<meta name=\"twitter:card\" content=\"summary_large_image\" \/>\n<meta name=\"twitter:label1\" content=\"Escrito por\" \/>\n\t<meta name=\"twitter:data1\" content=\"Guilherme Freitas\" \/>\n\t<meta name=\"twitter:label2\" content=\"Est. tempo de leitura\" \/>\n\t<meta name=\"twitter:data2\" content=\"3 minutos\" \/>\n<script type=\"application\/ld+json\" class=\"yoast-schema-graph\">{\"@context\":\"https:\/\/schema.org\",\"@graph\":[{\"@type\":\"Article\",\"@id\":\"https:\/\/swimchannel.net\/br\/lancado-o-desafio-speedo-40\/#article\",\"isPartOf\":{\"@id\":\"https:\/\/swimchannel.net\/br\/lancado-o-desafio-speedo-40\/\"},\"author\":{\"name\":\"Guilherme Freitas\",\"@id\":\"https:\/\/swimchannel.net\/br\/#\/schema\/person\/aa2a63bab3275f53749a83276b213c48\"},\"headline\":\"Lan\u00e7ado o Desafio Speedo 40\",\"datePublished\":\"2018-06-07T15:09:30+00:00\",\"dateModified\":\"2018-06-07T16:21:31+00:00\",\"mainEntityOfPage\":{\"@id\":\"https:\/\/swimchannel.net\/br\/lancado-o-desafio-speedo-40\/\"},\"wordCount\":518,\"commentCount\":0,\"publisher\":{\"@id\":\"https:\/\/swimchannel.net\/br\/#organization\"},\"image\":{\"@id\":\"https:\/\/swimchannel.net\/br\/lancado-o-desafio-speedo-40\/#primaryimage\"},\"thumbnailUrl\":\"https:\/\/swimchannel.net\/br\/wp-content\/uploads\/2018\/04\/speedo40_1.jpg\",\"keywords\":[\"\u00c1guas abertas\",\"Correnteza do Bem\",\"Desafio Speedo 40\",\"Igor de Souza\",\"natacao\",\"Poliana Okimoto\",\"Speedo\",\"Travessia Fuga das Ilhas\"],\"articleSection\":[\"\u00c1guas Abertas\"],\"inLanguage\":\"pt-BR\",\"potentialAction\":[{\"@type\":\"CommentAction\",\"name\":\"Comment\",\"target\":[\"https:\/\/swimchannel.net\/br\/lancado-o-desafio-speedo-40\/#respond\"]}]},{\"@type\":\"WebPage\",\"@id\":\"https:\/\/swimchannel.net\/br\/lancado-o-desafio-speedo-40\/\",\"url\":\"https:\/\/swimchannel.net\/br\/lancado-o-desafio-speedo-40\/\",\"name\":\"Lan\u00e7ado o Desafio Speedo 40 - Swimchannel\",\"isPartOf\":{\"@id\":\"https:\/\/swimchannel.net\/br\/#website\"},\"primaryImageOfPage\":{\"@id\":\"https:\/\/swimchannel.net\/br\/lancado-o-desafio-speedo-40\/#primaryimage\"},\"image\":{\"@id\":\"https:\/\/swimchannel.net\/br\/lancado-o-desafio-speedo-40\/#primaryimage\"},\"thumbnailUrl\":\"https:\/\/swimchannel.net\/br\/wp-content\/uploads\/2018\/04\/speedo40_1.jpg\",\"datePublished\":\"2018-06-07T15:09:30+00:00\",\"dateModified\":\"2018-06-07T16:21:31+00:00\",\"description\":\"Grupo de 40 atletas amadores nadar\u00e1 a Travessia Fuga das Ilhas como parte da comemora\u00e7\u00e3o dos 40 anos da marca no Brasil\",\"breadcrumb\":{\"@id\":\"https:\/\/swimchannel.net\/br\/lancado-o-desafio-speedo-40\/#breadcrumb\"},\"inLanguage\":\"pt-BR\",\"potentialAction\":[{\"@type\":\"ReadAction\",\"target\":[\"https:\/\/swimchannel.net\/br\/lancado-o-desafio-speedo-40\/\"]}]},{\"@type\":\"ImageObject\",\"inLanguage\":\"pt-BR\",\"@id\":\"https:\/\/swimchannel.net\/br\/lancado-o-desafio-speedo-40\/#primaryimage\",\"url\":\"https:\/\/swimchannel.net\/br\/wp-content\/uploads\/2018\/04\/speedo40_1.jpg\",\"contentUrl\":\"https:\/\/swimchannel.net\/br\/wp-content\/uploads\/2018\/04\/speedo40_1.jpg\",\"width\":1200,\"height\":675},{\"@type\":\"BreadcrumbList\",\"@id\":\"https:\/\/swimchannel.net\/br\/lancado-o-desafio-speedo-40\/#breadcrumb\",\"itemListElement\":[{\"@type\":\"ListItem\",\"position\":1,\"name\":\"Home\",\"item\":\"https:\/\/swimchannel.net\/br\/\"},{\"@type\":\"ListItem\",\"position\":2,\"name\":\"Lan\u00e7ado o Desafio Speedo 40\"}]},{\"@type\":\"WebSite\",\"@id\":\"https:\/\/swimchannel.net\/br\/#website\",\"url\":\"https:\/\/swimchannel.net\/br\/\",\"name\":\"Swimchannel\",\"description\":\"Maior portal de nata\u00e7\u00e3o da america latina\",\"publisher\":{\"@id\":\"https:\/\/swimchannel.net\/br\/#organization\"},\"potentialAction\":[{\"@type\":\"SearchAction\",\"target\":{\"@type\":\"EntryPoint\",\"urlTemplate\":\"https:\/\/swimchannel.net\/br\/?s={search_term_string}\"},\"query-input\":{\"@type\":\"PropertyValueSpecification\",\"valueRequired\":true,\"valueName\":\"search_term_string\"}}],\"inLanguage\":\"pt-BR\"},{\"@type\":\"Organization\",\"@id\":\"https:\/\/swimchannel.net\/br\/#organization\",\"name\":\"Swimchannel - Conectando voc\u00ea a Nata\u00e7\u00e3o\",\"url\":\"https:\/\/swimchannel.net\/br\/\",\"logo\":{\"@type\":\"ImageObject\",\"inLanguage\":\"pt-BR\",\"@id\":\"https:\/\/swimchannel.net\/br\/#\/schema\/logo\/image\/\",\"url\":\"https:\/\/swimchannel.net\/br\/wp-content\/uploads\/2026\/02\/SWIM-CHANNEL.png\",\"contentUrl\":\"https:\/\/swimchannel.net\/br\/wp-content\/uploads\/2026\/02\/SWIM-CHANNEL.png\",\"width\":1120,\"height\":630,\"caption\":\"Swimchannel - Conectando voc\u00ea a Nata\u00e7\u00e3o\"},\"image\":{\"@id\":\"https:\/\/swimchannel.net\/br\/#\/schema\/logo\/image\/\"},\"sameAs\":[\"https:\/\/www.facebook.com\/swimchannel\",\"https:\/\/www.instagram.com\/swimchannel\"]},{\"@type\":\"Person\",\"@id\":\"https:\/\/swimchannel.net\/br\/#\/schema\/person\/aa2a63bab3275f53749a83276b213c48\",\"name\":\"Guilherme Freitas\",\"image\":{\"@type\":\"ImageObject\",\"inLanguage\":\"pt-BR\",\"@id\":\"https:\/\/swimchannel.net\/br\/#\/schema\/person\/image\/\",\"url\":\"https:\/\/swimchannel.net\/br\/wp-content\/uploads\/2025\/10\/gui22-193x180.png\",\"contentUrl\":\"https:\/\/swimchannel.net\/br\/wp-content\/uploads\/2025\/10\/gui22-193x180.png\",\"caption\":\"Guilherme Freitas\"},\"description\":\"Jornalista s\u00eanior da SWIM CHANNEL, ex-correspondente da FINA no Brasil e pesquisador acad\u00eamico.\",\"sameAs\":[\"instagram.com\/guifreitas86\"],\"url\":\"https:\/\/swimchannel.net\/br\/author\/guilherme-freitas\/\"}]}<\/script>\n<!-- \/ Yoast SEO plugin. -->","yoast_head_json":{"title":"Lan\u00e7ado o Desafio Speedo 40 - Swimchannel","description":"Grupo de 40 atletas amadores nadar\u00e1 a Travessia Fuga das Ilhas como parte da comemora\u00e7\u00e3o dos 40 anos da marca no Brasil","robots":{"index":"index","follow":"follow","max-snippet":"max-snippet:-1","max-image-preview":"max-image-preview:large","max-video-preview":"max-video-preview:-1"},"canonical":"https:\/\/swimchannel.net\/br\/lancado-o-desafio-speedo-40\/","og_locale":"pt_BR","og_type":"article","og_title":"Lan\u00e7ado o Desafio Speedo 40 - Swimchannel","og_description":"Grupo de 40 atletas amadores nadar\u00e1 a Travessia Fuga das Ilhas como parte da comemora\u00e7\u00e3o dos 40 anos da marca no Brasil","og_url":"https:\/\/swimchannel.net\/br\/lancado-o-desafio-speedo-40\/","og_site_name":"Swimchannel","article_publisher":"https:\/\/www.facebook.com\/swimchannel","article_published_time":"2018-06-07T15:09:30+00:00","article_modified_time":"2018-06-07T16:21:31+00:00","og_image":[{"width":1200,"height":675,"url":"https:\/\/swimchannel.net\/br\/wp-content\/uploads\/2018\/04\/speedo40_1.jpg","type":"image\/jpeg"}],"author":"Guilherme Freitas","twitter_card":"summary_large_image","twitter_misc":{"Escrito por":"Guilherme Freitas","Est. tempo de leitura":"3 minutos"},"schema":{"@context":"https:\/\/schema.org","@graph":[{"@type":"Article","@id":"https:\/\/swimchannel.net\/br\/lancado-o-desafio-speedo-40\/#article","isPartOf":{"@id":"https:\/\/swimchannel.net\/br\/lancado-o-desafio-speedo-40\/"},"author":{"name":"Guilherme Freitas","@id":"https:\/\/swimchannel.net\/br\/#\/schema\/person\/aa2a63bab3275f53749a83276b213c48"},"headline":"Lan\u00e7ado o Desafio Speedo 40","datePublished":"2018-06-07T15:09:30+00:00","dateModified":"2018-06-07T16:21:31+00:00","mainEntityOfPage":{"@id":"https:\/\/swimchannel.net\/br\/lancado-o-desafio-speedo-40\/"},"wordCount":518,"commentCount":0,"publisher":{"@id":"https:\/\/swimchannel.net\/br\/#organization"},"image":{"@id":"https:\/\/swimchannel.net\/br\/lancado-o-desafio-speedo-40\/#primaryimage"},"thumbnailUrl":"https:\/\/swimchannel.net\/br\/wp-content\/uploads\/2018\/04\/speedo40_1.jpg","keywords":["\u00c1guas abertas","Correnteza do Bem","Desafio Speedo 40","Igor de Souza","natacao","Poliana Okimoto","Speedo","Travessia Fuga das Ilhas"],"articleSection":["\u00c1guas Abertas"],"inLanguage":"pt-BR","potentialAction":[{"@type":"CommentAction","name":"Comment","target":["https:\/\/swimchannel.net\/br\/lancado-o-desafio-speedo-40\/#respond"]}]},{"@type":"WebPage","@id":"https:\/\/swimchannel.net\/br\/lancado-o-desafio-speedo-40\/","url":"https:\/\/swimchannel.net\/br\/lancado-o-desafio-speedo-40\/","name":"Lan\u00e7ado o Desafio Speedo 40 - Swimchannel","isPartOf":{"@id":"https:\/\/swimchannel.net\/br\/#website"},"primaryImageOfPage":{"@id":"https:\/\/swimchannel.net\/br\/lancado-o-desafio-speedo-40\/#primaryimage"},"image":{"@id":"https:\/\/swimchannel.net\/br\/lancado-o-desafio-speedo-40\/#primaryimage"},"thumbnailUrl":"https:\/\/swimchannel.net\/br\/wp-content\/uploads\/2018\/04\/speedo40_1.jpg","datePublished":"2018-06-07T15:09:30+00:00","dateModified":"2018-06-07T16:21:31+00:00","description":"Grupo de 40 atletas amadores nadar\u00e1 a Travessia Fuga das Ilhas como parte da comemora\u00e7\u00e3o dos 40 anos da marca no Brasil","breadcrumb":{"@id":"https:\/\/swimchannel.net\/br\/lancado-o-desafio-speedo-40\/#breadcrumb"},"inLanguage":"pt-BR","potentialAction":[{"@type":"ReadAction","target":["https:\/\/swimchannel.net\/br\/lancado-o-desafio-speedo-40\/"]}]},{"@type":"ImageObject","inLanguage":"pt-BR","@id":"https:\/\/swimchannel.net\/br\/lancado-o-desafio-speedo-40\/#primaryimage","url":"https:\/\/swimchannel.net\/br\/wp-content\/uploads\/2018\/04\/speedo40_1.jpg","contentUrl":"https:\/\/swimchannel.net\/br\/wp-content\/uploads\/2018\/04\/speedo40_1.jpg","width":1200,"height":675},{"@type":"BreadcrumbList","@id":"https:\/\/swimchannel.net\/br\/lancado-o-desafio-speedo-40\/#breadcrumb","itemListElement":[{"@type":"ListItem","position":1,"name":"Home","item":"https:\/\/swimchannel.net\/br\/"},{"@type":"ListItem","position":2,"name":"Lan\u00e7ado o Desafio Speedo 40"}]},{"@type":"WebSite","@id":"https:\/\/swimchannel.net\/br\/#website","url":"https:\/\/swimchannel.net\/br\/","name":"Swimchannel","description":"Maior portal de nata\u00e7\u00e3o da america latina","publisher":{"@id":"https:\/\/swimchannel.net\/br\/#organization"},"potentialAction":[{"@type":"SearchAction","target":{"@type":"EntryPoint","urlTemplate":"https:\/\/swimchannel.net\/br\/?s={search_term_string}"},"query-input":{"@type":"PropertyValueSpecification","valueRequired":true,"valueName":"search_term_string"}}],"inLanguage":"pt-BR"},{"@type":"Organization","@id":"https:\/\/swimchannel.net\/br\/#organization","name":"Swimchannel - Conectando voc\u00ea a Nata\u00e7\u00e3o","url":"https:\/\/swimchannel.net\/br\/","logo":{"@type":"ImageObject","inLanguage":"pt-BR","@id":"https:\/\/swimchannel.net\/br\/#\/schema\/logo\/image\/","url":"https:\/\/swimchannel.net\/br\/wp-content\/uploads\/2026\/02\/SWIM-CHANNEL.png","contentUrl":"https:\/\/swimchannel.net\/br\/wp-content\/uploads\/2026\/02\/SWIM-CHANNEL.png","width":1120,"height":630,"caption":"Swimchannel - Conectando voc\u00ea a Nata\u00e7\u00e3o"},"image":{"@id":"https:\/\/swimchannel.net\/br\/#\/schema\/logo\/image\/"},"sameAs":["https:\/\/www.facebook.com\/swimchannel","https:\/\/www.instagram.com\/swimchannel"]},{"@type":"Person","@id":"https:\/\/swimchannel.net\/br\/#\/schema\/person\/aa2a63bab3275f53749a83276b213c48","name":"Guilherme Freitas","image":{"@type":"ImageObject","inLanguage":"pt-BR","@id":"https:\/\/swimchannel.net\/br\/#\/schema\/person\/image\/","url":"https:\/\/swimchannel.net\/br\/wp-content\/uploads\/2025\/10\/gui22-193x180.png","contentUrl":"https:\/\/swimchannel.net\/br\/wp-content\/uploads\/2025\/10\/gui22-193x180.png","caption":"Guilherme Freitas"},"description":"Jornalista s\u00eanior da SWIM CHANNEL, ex-correspondente da FINA no Brasil e pesquisador acad\u00eamico.","sameAs":["instagram.com\/guifreitas86"],"url":"https:\/\/swimchannel.net\/br\/author\/guilherme-freitas\/"}]}},"_links":{"self":[{"href":"https:\/\/swimchannel.net\/br\/wp-json\/wp\/v2\/posts\/9183","targetHints":{"allow":["GET"]}}],"collection":[{"href":"https:\/\/swimchannel.net\/br\/wp-json\/wp\/v2\/posts"}],"about":[{"href":"https:\/\/swimchannel.net\/br\/wp-json\/wp\/v2\/types\/post"}],"author":[{"embeddable":true,"href":"https:\/\/swimchannel.net\/br\/wp-json\/wp\/v2\/users\/3"}],"replies":[{"embeddable":true,"href":"https:\/\/swimchannel.net\/br\/wp-json\/wp\/v2\/comments?post=9183"}],"version-history":[{"count":0,"href":"https:\/\/swimchannel.net\/br\/wp-json\/wp\/v2\/posts\/9183\/revisions"}],"wp:featuredmedia":[{"embeddable":true,"href":"https:\/\/swimchannel.net\/br\/wp-json\/wp\/v2\/media\/8346"}],"wp:attachment":[{"href":"https:\/\/swimchannel.net\/br\/wp-json\/wp\/v2\/media?parent=9183"}],"wp:term":[{"taxonomy":"category","embeddable":true,"href":"https:\/\/swimchannel.net\/br\/wp-json\/wp\/v2\/categories?post=9183"},{"taxonomy":"post_tag","embeddable":true,"href":"https:\/\/swimchannel.net\/br\/wp-json\/wp\/v2\/tags?post=9183"}],"curies":[{"name":"wp","href":"https:\/\/api.w.org\/{rel}","templated":true}]}}