{"id":9444,"date":"2018-06-21T18:30:40","date_gmt":"2018-06-21T18:30:40","guid":{"rendered":"https:\/\/swimchannel.flywheelsites.com\/?p=9444"},"modified":"2018-06-22T15:46:21","modified_gmt":"2018-06-22T15:46:21","slug":"as-curiosidades-de-nadar-o-rio-negro-challenge","status":"publish","type":"post","link":"https:\/\/swimchannel.net\/br\/as-curiosidades-de-nadar-o-rio-negro-challenge\/","title":{"rendered":"As curiosidades de nadar o Rio Negro Challenge"},"content":{"rendered":"<p>No dia 9 de dezembro o estado do Amazonas recebe a segunda etapa do Rio Negro Challenge. O desafio, que \u00e9 realizado as margens de um dos mais famosos rios do norte do pa\u00eds, re\u00fane tr\u00eas categorias de provas: o Circuito Curumim, a\u00a0Maratona Aqu\u00e1tica Amazonas e a\u00a0Travessia Almirante Tamandar\u00e9.\u00a0 A prova do Circuito Curumim tem 500m e \u00e9 feita para crian\u00e7as entre 8 e 13 anos, as provas de Maratona Aqu\u00e1tica possuem 1,5 km e 3 km e a Travessia Almirante Tamandar\u00e9, a principal, tem 8,5 km.<\/p>\n<p>Manaus, al\u00e9m de ser uma cidade que oferece uma rica variedade de natureza, cultura, arte e culin\u00e1ria, possui rios de tirar o f\u00f4lego. Nadar no famoso Rio Negro \u00e9 um desafio e tanto para os atletas, que\u00a0 precisam\u00a0 de um bom preparo f\u00edsico para enfrentar o grau elevado de acidez, que tem cerca de PH 3,8 a 4,9 por conta dos \u00e1cidos org\u00e2nicos, a densidade da \u00e1gua que \u00e9 muita baixa e influencia na flutuabilidade e tamb\u00e9m as\u00a0correntezas.<\/p>\n<p>Al\u00e9m dessas caracter\u00edsticas, uma outra curiosidade da prova \u00e9 a temperatura da \u00e1gua. As \u00e1guas do Rio Negro possuem uma m\u00e9dia de 28\u00ba C, bem acima das temperaturas comuns, al\u00e9m de serem \u00e1guas mais escuras para nadar. Contabilizando tudo isso, os participantes devem se esfor\u00e7ar ainda mais para vencer as dificuldades ao longo da prova.\u00a0Os \u00faltimos vencedores da Travessia Almirante Tamandar\u00e9 foram\u00a0Allan do Carmo, atleta da sele\u00e7\u00e3o brasileira e da Aceb\/BA e Catarina Ganzeli, ultramaratonista da Unisanta, em dezembro do ano passado.<\/p>\n<p>&#8220;Minha expectativa para a edi\u00e7\u00e3o de dezembro \u00e9 muito grande visto que hoje, a seis meses da prova, estamos com quase 80% das vagas na travessia Almirante Tamandar\u00e9 completas.\u00a0Esse n\u00famero me deixa muito feliz porque em 2013, quando iniciamos a organiza\u00e7\u00e3o do evento t\u00ednhamos apenas 110 atletas e agora em todas as novas edi\u00e7\u00f5es o n\u00famero cresce. O\u00a0Circuito Curumim possui, a cada etapa, cerca de 50 crian\u00e7as inscritas, n\u00famero impens\u00e1vel em 2013 e a tradicional Maratona Aqu\u00e1tica Amazonas cresce a cada dia. Por exemplo, o percurso de 3 km teve um acr\u00e9scimo do ano passado pra c\u00e1 de 40% em inscri\u00e7\u00f5es sem que a prova de 1,5 km perdesse inscri\u00e7\u00f5es&#8221;, diz Pierre Gadelha, o organizador da prova.<\/p>\n<div id='gallery-1' class='gallery galleryid-9444 gallery-columns-3 gallery-size-thumbnail'><figure class='gallery-item'>\n\t\t\t<div class='gallery-icon landscape'>\n\t\t\t\t<a href='https:\/\/swimchannel.net\/br\/as-curiosidades-de-nadar-o-rio-negro-challenge\/30420587_189093658380203_670665695269750950_o\/'><img loading=\"lazy\" decoding=\"async\" width=\"270\" height=\"180\" src=\"https:\/\/swimchannel.net\/br\/wp-content\/uploads\/2018\/06\/30420587_189093658380203_670665695269750950_o.jpg\" class=\"attachment-thumbnail size-thumbnail\" alt=\"\" aria-describedby=\"gallery-1-9448\" srcset=\"https:\/\/swimchannel.net\/br\/wp-content\/uploads\/2018\/06\/30420587_189093658380203_670665695269750950_o.jpg 1950w, https:\/\/swimchannel.net\/br\/wp-content\/uploads\/2018\/06\/30420587_189093658380203_670665695269750950_o-600x400.jpg 600w\" sizes=\"auto, (max-width: 270px) 100vw, 270px\" \/><\/a>\n\t\t\t<\/div>\n\t\t\t\t<figcaption class='wp-caption-text gallery-caption' id='gallery-1-9448'>\n\t\t\t\tO nadador Samir Barel &#8211; Foto: Alcides Netto\n\t\t\t\t<\/figcaption><\/figure><figure class='gallery-item'>\n\t\t\t<div class='gallery-icon landscape'>\n\t\t\t\t<a href='https:\/\/swimchannel.net\/br\/as-curiosidades-de-nadar-o-rio-negro-challenge\/30821197_189099808379588_8865947442995033803_o\/'><img loading=\"lazy\" decoding=\"async\" width=\"270\" height=\"180\" src=\"https:\/\/swimchannel.net\/br\/wp-content\/uploads\/2018\/06\/30821197_189099808379588_8865947442995033803_o.jpg\" class=\"attachment-thumbnail size-thumbnail\" alt=\"\" aria-describedby=\"gallery-1-9449\" srcset=\"https:\/\/swimchannel.net\/br\/wp-content\/uploads\/2018\/06\/30821197_189099808379588_8865947442995033803_o.jpg 1950w, https:\/\/swimchannel.net\/br\/wp-content\/uploads\/2018\/06\/30821197_189099808379588_8865947442995033803_o-600x400.jpg 600w\" sizes=\"auto, (max-width: 270px) 100vw, 270px\" \/><\/a>\n\t\t\t<\/div>\n\t\t\t\t<figcaption class='wp-caption-text gallery-caption' id='gallery-1-9449'>\n\t\t\t\tA nadadora Catarina Ganzeli &#8211; Foto: Alcides Netto\n\t\t\t\t<\/figcaption><\/figure><figure class='gallery-item'>\n\t\t\t<div class='gallery-icon landscape'>\n\t\t\t\t<a href='https:\/\/swimchannel.net\/br\/as-curiosidades-de-nadar-o-rio-negro-challenge\/30856682_189099205046315_8058624851507108691_o\/'><img loading=\"lazy\" decoding=\"async\" width=\"270\" height=\"180\" src=\"https:\/\/swimchannel.net\/br\/wp-content\/uploads\/2018\/06\/30856682_189099205046315_8058624851507108691_o.jpg\" class=\"attachment-thumbnail size-thumbnail\" alt=\"\" aria-describedby=\"gallery-1-9451\" srcset=\"https:\/\/swimchannel.net\/br\/wp-content\/uploads\/2018\/06\/30856682_189099205046315_8058624851507108691_o.jpg 1950w, https:\/\/swimchannel.net\/br\/wp-content\/uploads\/2018\/06\/30856682_189099205046315_8058624851507108691_o-600x400.jpg 600w\" sizes=\"auto, (max-width: 270px) 100vw, 270px\" \/><\/a>\n\t\t\t<\/div>\n\t\t\t\t<figcaption class='wp-caption-text gallery-caption' id='gallery-1-9451'>\n\t\t\t\tMaior prova ter\u00e1 8,5 km &#8211; Foto: Alcides Netto\n\t\t\t\t<\/figcaption><\/figure>\n\t\t<\/div>\n\n<p>A travessia, que \u00e9 uma das mais tradicionais da regi\u00e3o, tem largada na Praia do Camale\u00e3o e chegada na Praia da Ponta Negra. Ela possui vagas limitadas de 70 inscritos,\u00a0 e devido a complexidade e dist\u00e2ncia da prova, os participantes devem\u00a0ser acompanhados por um guia de caiaque ou stand up paddle, durante todo percurso.<\/p>\n<p>&#8220;O Rio Negro Challenge \u00e9 um evento que alia esporte, turismo e qualidade de vida e o mais bacana \u00e9 que tem fam\u00edlias inteiras participando, ent\u00e3o todo nosso trabalho na prepara\u00e7\u00e3o do evento passa a nos dar muita satisfa\u00e7\u00e3o, sempre primando pela seguran\u00e7a e conforto dos atletas&#8221;, completa Pierre.<\/p>\n<p>Na primeira etapa do Rio Negro Challenge, que aconteceu em 29 de abril, a chuva foi outro fator que dificultou\u00a0 a realiza\u00e7\u00e3o das provas e do estreante desafio de ultramaratona (Travessia\u00a0Praia do Tup\u00e9-Manaus). O desafio de 18 km foi interrompido com mais de 85% do percurso realizado e preservou a seguran\u00e7a dos atletas.<\/p>\n<p>Para essa etapa os\u00a0pre\u00e7os das provas variam entre R$ 100, para o Circuito Curumim, R$ 120 para as provas da Maratona Aqu\u00e1tica e R$ 200 na\u00a0Travessia Almirante Tamandar\u00e9. As inscri\u00e7\u00f5es podem ser feitas at\u00e9 22 de novembro\u00a0<a href=\"https:\/\/swimchannel.net\/br\/evento\/rio-negro-challenge-2a-etapa\/\">atrav\u00e9s do site da\u00a0<strong>SWIM CHANNEL<\/strong><\/a><strong>.<\/strong><\/p>\n","protected":false},"excerpt":{"rendered":"<p>No dia 9 de dezembro o estado do Amazonas recebe a segunda etapa do Rio Negro Challenge. O desafio, que \u00e9 realizado as margens de um dos mais famosos rios do norte do pa\u00eds, re\u00fane tr\u00eas categorias de provas: o Circuito Curumim, a\u00a0Maratona Aqu\u00e1tica Amazonas e a\u00a0Travessia Almirante Tamandar\u00e9.\u00a0 A prova do Circuito Curumim tem [&hellip;]<\/p>\n","protected":false},"author":9,"featured_media":9447,"comment_status":"open","ping_status":"open","sticky":false,"template":"","format":"standard","meta":{"footnotes":""},"categories":[115],"tags":[14,1050,1049,703,705,906],"class_list":["post-9444","post","type-post","status-publish","format-standard","has-post-thumbnail","hentry","category-aguas-abertas","tag-aguas-abertas","tag-manaus","tag-pierre-gadelha","tag-rio-negro","tag-rio-negro-challenge","tag-travessia-almirante-tamandare"],"yoast_head":"<!-- This site is optimized with the Yoast SEO plugin v27.0 - https:\/\/yoast.com\/product\/yoast-seo-wordpress\/ -->\n<title>As curiosidades de nadar o Rio Negro Challenge - Swimchannel<\/title>\n<meta name=\"description\" content=\"Segunda etapa do evento acontece dia 9 de dezembro em Manaus e j\u00e1 est\u00e1 com inscri\u00e7\u00f5es abertas atrav\u00e9s da Swim Channel.\" \/>\n<meta name=\"robots\" content=\"index, follow, max-snippet:-1, max-image-preview:large, max-video-preview:-1\" \/>\n<link rel=\"canonical\" href=\"https:\/\/swimchannel.net\/br\/as-curiosidades-de-nadar-o-rio-negro-challenge\/\" \/>\n<meta property=\"og:locale\" content=\"pt_BR\" \/>\n<meta property=\"og:type\" content=\"article\" \/>\n<meta property=\"og:title\" content=\"As curiosidades de nadar o Rio Negro Challenge - Swimchannel\" \/>\n<meta property=\"og:description\" content=\"Segunda etapa do evento acontece dia 9 de dezembro em Manaus e j\u00e1 est\u00e1 com inscri\u00e7\u00f5es abertas atrav\u00e9s da Swim Channel.\" \/>\n<meta property=\"og:url\" content=\"https:\/\/swimchannel.net\/br\/as-curiosidades-de-nadar-o-rio-negro-challenge\/\" \/>\n<meta property=\"og:site_name\" content=\"Swimchannel\" \/>\n<meta property=\"article:publisher\" content=\"https:\/\/www.facebook.com\/swimchannel\" \/>\n<meta property=\"article:published_time\" content=\"2018-06-21T18:30:40+00:00\" \/>\n<meta property=\"article:modified_time\" content=\"2018-06-22T15:46:21+00:00\" \/>\n<meta property=\"og:image\" content=\"https:\/\/swimchannel.net\/br\/wp-content\/uploads\/2018\/06\/30821235_189099751712927_1063112861557148493_o.jpg\" \/>\n\t<meta property=\"og:image:width\" content=\"1950\" \/>\n\t<meta property=\"og:image:height\" content=\"1095\" \/>\n\t<meta property=\"og:image:type\" content=\"image\/jpeg\" \/>\n<meta name=\"author\" content=\"Katarine Monteiro\" \/>\n<meta name=\"twitter:card\" content=\"summary_large_image\" \/>\n<meta name=\"twitter:creator\" content=\"@https:\/\/twitter.com\/Katarinem\" \/>\n<meta name=\"twitter:label1\" content=\"Escrito por\" \/>\n\t<meta name=\"twitter:data1\" content=\"Katarine Monteiro\" \/>\n\t<meta name=\"twitter:label2\" content=\"Est. tempo de leitura\" \/>\n\t<meta name=\"twitter:data2\" content=\"3 minutos\" \/>\n<script type=\"application\/ld+json\" class=\"yoast-schema-graph\">{\"@context\":\"https:\/\/schema.org\",\"@graph\":[{\"@type\":\"Article\",\"@id\":\"https:\/\/swimchannel.net\/br\/as-curiosidades-de-nadar-o-rio-negro-challenge\/#article\",\"isPartOf\":{\"@id\":\"https:\/\/swimchannel.net\/br\/as-curiosidades-de-nadar-o-rio-negro-challenge\/\"},\"author\":{\"name\":\"Katarine Monteiro\",\"@id\":\"https:\/\/swimchannel.net\/br\/#\/schema\/person\/73ae9cec62249968bca1f0a8098ef002\"},\"headline\":\"As curiosidades de nadar o Rio Negro Challenge\",\"datePublished\":\"2018-06-21T18:30:40+00:00\",\"dateModified\":\"2018-06-22T15:46:21+00:00\",\"mainEntityOfPage\":{\"@id\":\"https:\/\/swimchannel.net\/br\/as-curiosidades-de-nadar-o-rio-negro-challenge\/\"},\"wordCount\":597,\"commentCount\":0,\"publisher\":{\"@id\":\"https:\/\/swimchannel.net\/br\/#organization\"},\"image\":{\"@id\":\"https:\/\/swimchannel.net\/br\/as-curiosidades-de-nadar-o-rio-negro-challenge\/#primaryimage\"},\"thumbnailUrl\":\"https:\/\/swimchannel.net\/br\/wp-content\/uploads\/2018\/06\/30821235_189099751712927_1063112861557148493_o.jpg\",\"keywords\":[\"\u00c1guas abertas\",\"Manaus\",\"Pierre Gadelha\",\"Rio Negro\",\"Rio Negro Challenge\",\"Travessia Almirante Tamandar\u00e9\"],\"articleSection\":[\"\u00c1guas Abertas\"],\"inLanguage\":\"pt-BR\",\"potentialAction\":[{\"@type\":\"CommentAction\",\"name\":\"Comment\",\"target\":[\"https:\/\/swimchannel.net\/br\/as-curiosidades-de-nadar-o-rio-negro-challenge\/#respond\"]}]},{\"@type\":\"WebPage\",\"@id\":\"https:\/\/swimchannel.net\/br\/as-curiosidades-de-nadar-o-rio-negro-challenge\/\",\"url\":\"https:\/\/swimchannel.net\/br\/as-curiosidades-de-nadar-o-rio-negro-challenge\/\",\"name\":\"As curiosidades de nadar o Rio Negro Challenge - Swimchannel\",\"isPartOf\":{\"@id\":\"https:\/\/swimchannel.net\/br\/#website\"},\"primaryImageOfPage\":{\"@id\":\"https:\/\/swimchannel.net\/br\/as-curiosidades-de-nadar-o-rio-negro-challenge\/#primaryimage\"},\"image\":{\"@id\":\"https:\/\/swimchannel.net\/br\/as-curiosidades-de-nadar-o-rio-negro-challenge\/#primaryimage\"},\"thumbnailUrl\":\"https:\/\/swimchannel.net\/br\/wp-content\/uploads\/2018\/06\/30821235_189099751712927_1063112861557148493_o.jpg\",\"datePublished\":\"2018-06-21T18:30:40+00:00\",\"dateModified\":\"2018-06-22T15:46:21+00:00\",\"description\":\"Segunda etapa do evento acontece dia 9 de dezembro em Manaus e j\u00e1 est\u00e1 com inscri\u00e7\u00f5es abertas atrav\u00e9s da Swim Channel.\",\"breadcrumb\":{\"@id\":\"https:\/\/swimchannel.net\/br\/as-curiosidades-de-nadar-o-rio-negro-challenge\/#breadcrumb\"},\"inLanguage\":\"pt-BR\",\"potentialAction\":[{\"@type\":\"ReadAction\",\"target\":[\"https:\/\/swimchannel.net\/br\/as-curiosidades-de-nadar-o-rio-negro-challenge\/\"]}]},{\"@type\":\"ImageObject\",\"inLanguage\":\"pt-BR\",\"@id\":\"https:\/\/swimchannel.net\/br\/as-curiosidades-de-nadar-o-rio-negro-challenge\/#primaryimage\",\"url\":\"https:\/\/swimchannel.net\/br\/wp-content\/uploads\/2018\/06\/30821235_189099751712927_1063112861557148493_o.jpg\",\"contentUrl\":\"https:\/\/swimchannel.net\/br\/wp-content\/uploads\/2018\/06\/30821235_189099751712927_1063112861557148493_o.jpg\",\"width\":1950,\"height\":1095},{\"@type\":\"BreadcrumbList\",\"@id\":\"https:\/\/swimchannel.net\/br\/as-curiosidades-de-nadar-o-rio-negro-challenge\/#breadcrumb\",\"itemListElement\":[{\"@type\":\"ListItem\",\"position\":1,\"name\":\"Home\",\"item\":\"https:\/\/swimchannel.net\/br\/\"},{\"@type\":\"ListItem\",\"position\":2,\"name\":\"As curiosidades de nadar o Rio Negro Challenge\"}]},{\"@type\":\"WebSite\",\"@id\":\"https:\/\/swimchannel.net\/br\/#website\",\"url\":\"https:\/\/swimchannel.net\/br\/\",\"name\":\"Swimchannel\",\"description\":\"Maior portal de nata\u00e7\u00e3o da america latina\",\"publisher\":{\"@id\":\"https:\/\/swimchannel.net\/br\/#organization\"},\"potentialAction\":[{\"@type\":\"SearchAction\",\"target\":{\"@type\":\"EntryPoint\",\"urlTemplate\":\"https:\/\/swimchannel.net\/br\/?s={search_term_string}\"},\"query-input\":{\"@type\":\"PropertyValueSpecification\",\"valueRequired\":true,\"valueName\":\"search_term_string\"}}],\"inLanguage\":\"pt-BR\"},{\"@type\":\"Organization\",\"@id\":\"https:\/\/swimchannel.net\/br\/#organization\",\"name\":\"Swimchannel - Conectando voc\u00ea a Nata\u00e7\u00e3o\",\"url\":\"https:\/\/swimchannel.net\/br\/\",\"logo\":{\"@type\":\"ImageObject\",\"inLanguage\":\"pt-BR\",\"@id\":\"https:\/\/swimchannel.net\/br\/#\/schema\/logo\/image\/\",\"url\":\"https:\/\/swimchannel.net\/br\/wp-content\/uploads\/2026\/02\/SWIM-CHANNEL.png\",\"contentUrl\":\"https:\/\/swimchannel.net\/br\/wp-content\/uploads\/2026\/02\/SWIM-CHANNEL.png\",\"width\":1120,\"height\":630,\"caption\":\"Swimchannel - Conectando voc\u00ea a Nata\u00e7\u00e3o\"},\"image\":{\"@id\":\"https:\/\/swimchannel.net\/br\/#\/schema\/logo\/image\/\"},\"sameAs\":[\"https:\/\/www.facebook.com\/swimchannel\",\"https:\/\/www.instagram.com\/swimchannel\"]},{\"@type\":\"Person\",\"@id\":\"https:\/\/swimchannel.net\/br\/#\/schema\/person\/73ae9cec62249968bca1f0a8098ef002\",\"name\":\"Katarine Monteiro\",\"image\":{\"@type\":\"ImageObject\",\"inLanguage\":\"pt-BR\",\"@id\":\"https:\/\/swimchannel.net\/br\/#\/schema\/person\/image\/\",\"url\":\"https:\/\/swimchannel.net\/br\/wp-content\/uploads\/2022\/01\/Katarine-Monteiro-100x100.jpg\",\"contentUrl\":\"https:\/\/swimchannel.net\/br\/wp-content\/uploads\/2022\/01\/Katarine-Monteiro-100x100.jpg\",\"caption\":\"Katarine Monteiro\"},\"description\":\"Jornalista SWIM CHANNEL especializada em esportes ol\u00edmpicos e em sa\u00fade. Com cobertura de grandes eventos internacionais, como Jogos Ol\u00edmpicos Rio 2016, Jogos Pan-Americanos em Lima 2019, Qatar Total Open 2020, Qatar ExxonMobil Open 2019 - t\u00eanis em Doha (QT), Semana Internacional de Vela de Ilhabela, Transat Jacques Vabre 2019 (Fran\u00e7a-Brasil), L'\u00c9tape Brasil by Tour de France, j\u00e1 fez in\u00fameras coberturas de nata\u00e7\u00e3o, maratona aqu\u00e1tica e polo aqu\u00e1tico. Formada tamb\u00e9m em Letras, a jornalista atua como assessora de imprensa, rela\u00e7\u00f5es p\u00fablicas e social media, com especializa\u00e7\u00e3o em marketing esportivo. Nadadora amadora de \u00e1guas abertas, j\u00e1 trabalhou com grandes nomes da nata\u00e7\u00e3o e do polo aqu\u00e1tico brasileiro.\",\"sameAs\":[\"https:\/\/www.instagram.com\/_katarinemonteiro\/\",\"https:\/\/www.linkedin.com\/in\/katarine-monteiro-19385297\/\",\"https:\/\/x.com\/https:\/\/twitter.com\/Katarinem\"],\"url\":\"https:\/\/swimchannel.net\/br\/author\/katarine-monteiro\/\"}]}<\/script>\n<!-- \/ Yoast SEO plugin. -->","yoast_head_json":{"title":"As curiosidades de nadar o Rio Negro Challenge - Swimchannel","description":"Segunda etapa do evento acontece dia 9 de dezembro em Manaus e j\u00e1 est\u00e1 com inscri\u00e7\u00f5es abertas atrav\u00e9s da Swim Channel.","robots":{"index":"index","follow":"follow","max-snippet":"max-snippet:-1","max-image-preview":"max-image-preview:large","max-video-preview":"max-video-preview:-1"},"canonical":"https:\/\/swimchannel.net\/br\/as-curiosidades-de-nadar-o-rio-negro-challenge\/","og_locale":"pt_BR","og_type":"article","og_title":"As curiosidades de nadar o Rio Negro Challenge - Swimchannel","og_description":"Segunda etapa do evento acontece dia 9 de dezembro em Manaus e j\u00e1 est\u00e1 com inscri\u00e7\u00f5es abertas atrav\u00e9s da Swim Channel.","og_url":"https:\/\/swimchannel.net\/br\/as-curiosidades-de-nadar-o-rio-negro-challenge\/","og_site_name":"Swimchannel","article_publisher":"https:\/\/www.facebook.com\/swimchannel","article_published_time":"2018-06-21T18:30:40+00:00","article_modified_time":"2018-06-22T15:46:21+00:00","og_image":[{"width":1950,"height":1095,"url":"https:\/\/swimchannel.net\/br\/wp-content\/uploads\/2018\/06\/30821235_189099751712927_1063112861557148493_o.jpg","type":"image\/jpeg"}],"author":"Katarine Monteiro","twitter_card":"summary_large_image","twitter_creator":"@https:\/\/twitter.com\/Katarinem","twitter_misc":{"Escrito por":"Katarine Monteiro","Est. tempo de leitura":"3 minutos"},"schema":{"@context":"https:\/\/schema.org","@graph":[{"@type":"Article","@id":"https:\/\/swimchannel.net\/br\/as-curiosidades-de-nadar-o-rio-negro-challenge\/#article","isPartOf":{"@id":"https:\/\/swimchannel.net\/br\/as-curiosidades-de-nadar-o-rio-negro-challenge\/"},"author":{"name":"Katarine Monteiro","@id":"https:\/\/swimchannel.net\/br\/#\/schema\/person\/73ae9cec62249968bca1f0a8098ef002"},"headline":"As curiosidades de nadar o Rio Negro Challenge","datePublished":"2018-06-21T18:30:40+00:00","dateModified":"2018-06-22T15:46:21+00:00","mainEntityOfPage":{"@id":"https:\/\/swimchannel.net\/br\/as-curiosidades-de-nadar-o-rio-negro-challenge\/"},"wordCount":597,"commentCount":0,"publisher":{"@id":"https:\/\/swimchannel.net\/br\/#organization"},"image":{"@id":"https:\/\/swimchannel.net\/br\/as-curiosidades-de-nadar-o-rio-negro-challenge\/#primaryimage"},"thumbnailUrl":"https:\/\/swimchannel.net\/br\/wp-content\/uploads\/2018\/06\/30821235_189099751712927_1063112861557148493_o.jpg","keywords":["\u00c1guas abertas","Manaus","Pierre Gadelha","Rio Negro","Rio Negro Challenge","Travessia Almirante Tamandar\u00e9"],"articleSection":["\u00c1guas Abertas"],"inLanguage":"pt-BR","potentialAction":[{"@type":"CommentAction","name":"Comment","target":["https:\/\/swimchannel.net\/br\/as-curiosidades-de-nadar-o-rio-negro-challenge\/#respond"]}]},{"@type":"WebPage","@id":"https:\/\/swimchannel.net\/br\/as-curiosidades-de-nadar-o-rio-negro-challenge\/","url":"https:\/\/swimchannel.net\/br\/as-curiosidades-de-nadar-o-rio-negro-challenge\/","name":"As curiosidades de nadar o Rio Negro Challenge - Swimchannel","isPartOf":{"@id":"https:\/\/swimchannel.net\/br\/#website"},"primaryImageOfPage":{"@id":"https:\/\/swimchannel.net\/br\/as-curiosidades-de-nadar-o-rio-negro-challenge\/#primaryimage"},"image":{"@id":"https:\/\/swimchannel.net\/br\/as-curiosidades-de-nadar-o-rio-negro-challenge\/#primaryimage"},"thumbnailUrl":"https:\/\/swimchannel.net\/br\/wp-content\/uploads\/2018\/06\/30821235_189099751712927_1063112861557148493_o.jpg","datePublished":"2018-06-21T18:30:40+00:00","dateModified":"2018-06-22T15:46:21+00:00","description":"Segunda etapa do evento acontece dia 9 de dezembro em Manaus e j\u00e1 est\u00e1 com inscri\u00e7\u00f5es abertas atrav\u00e9s da Swim Channel.","breadcrumb":{"@id":"https:\/\/swimchannel.net\/br\/as-curiosidades-de-nadar-o-rio-negro-challenge\/#breadcrumb"},"inLanguage":"pt-BR","potentialAction":[{"@type":"ReadAction","target":["https:\/\/swimchannel.net\/br\/as-curiosidades-de-nadar-o-rio-negro-challenge\/"]}]},{"@type":"ImageObject","inLanguage":"pt-BR","@id":"https:\/\/swimchannel.net\/br\/as-curiosidades-de-nadar-o-rio-negro-challenge\/#primaryimage","url":"https:\/\/swimchannel.net\/br\/wp-content\/uploads\/2018\/06\/30821235_189099751712927_1063112861557148493_o.jpg","contentUrl":"https:\/\/swimchannel.net\/br\/wp-content\/uploads\/2018\/06\/30821235_189099751712927_1063112861557148493_o.jpg","width":1950,"height":1095},{"@type":"BreadcrumbList","@id":"https:\/\/swimchannel.net\/br\/as-curiosidades-de-nadar-o-rio-negro-challenge\/#breadcrumb","itemListElement":[{"@type":"ListItem","position":1,"name":"Home","item":"https:\/\/swimchannel.net\/br\/"},{"@type":"ListItem","position":2,"name":"As curiosidades de nadar o Rio Negro Challenge"}]},{"@type":"WebSite","@id":"https:\/\/swimchannel.net\/br\/#website","url":"https:\/\/swimchannel.net\/br\/","name":"Swimchannel","description":"Maior portal de nata\u00e7\u00e3o da america latina","publisher":{"@id":"https:\/\/swimchannel.net\/br\/#organization"},"potentialAction":[{"@type":"SearchAction","target":{"@type":"EntryPoint","urlTemplate":"https:\/\/swimchannel.net\/br\/?s={search_term_string}"},"query-input":{"@type":"PropertyValueSpecification","valueRequired":true,"valueName":"search_term_string"}}],"inLanguage":"pt-BR"},{"@type":"Organization","@id":"https:\/\/swimchannel.net\/br\/#organization","name":"Swimchannel - Conectando voc\u00ea a Nata\u00e7\u00e3o","url":"https:\/\/swimchannel.net\/br\/","logo":{"@type":"ImageObject","inLanguage":"pt-BR","@id":"https:\/\/swimchannel.net\/br\/#\/schema\/logo\/image\/","url":"https:\/\/swimchannel.net\/br\/wp-content\/uploads\/2026\/02\/SWIM-CHANNEL.png","contentUrl":"https:\/\/swimchannel.net\/br\/wp-content\/uploads\/2026\/02\/SWIM-CHANNEL.png","width":1120,"height":630,"caption":"Swimchannel - Conectando voc\u00ea a Nata\u00e7\u00e3o"},"image":{"@id":"https:\/\/swimchannel.net\/br\/#\/schema\/logo\/image\/"},"sameAs":["https:\/\/www.facebook.com\/swimchannel","https:\/\/www.instagram.com\/swimchannel"]},{"@type":"Person","@id":"https:\/\/swimchannel.net\/br\/#\/schema\/person\/73ae9cec62249968bca1f0a8098ef002","name":"Katarine Monteiro","image":{"@type":"ImageObject","inLanguage":"pt-BR","@id":"https:\/\/swimchannel.net\/br\/#\/schema\/person\/image\/","url":"https:\/\/swimchannel.net\/br\/wp-content\/uploads\/2022\/01\/Katarine-Monteiro-100x100.jpg","contentUrl":"https:\/\/swimchannel.net\/br\/wp-content\/uploads\/2022\/01\/Katarine-Monteiro-100x100.jpg","caption":"Katarine Monteiro"},"description":"Jornalista SWIM CHANNEL especializada em esportes ol\u00edmpicos e em sa\u00fade. Com cobertura de grandes eventos internacionais, como Jogos Ol\u00edmpicos Rio 2016, Jogos Pan-Americanos em Lima 2019, Qatar Total Open 2020, Qatar ExxonMobil Open 2019 - t\u00eanis em Doha (QT), Semana Internacional de Vela de Ilhabela, Transat Jacques Vabre 2019 (Fran\u00e7a-Brasil), L'\u00c9tape Brasil by Tour de France, j\u00e1 fez in\u00fameras coberturas de nata\u00e7\u00e3o, maratona aqu\u00e1tica e polo aqu\u00e1tico. Formada tamb\u00e9m em Letras, a jornalista atua como assessora de imprensa, rela\u00e7\u00f5es p\u00fablicas e social media, com especializa\u00e7\u00e3o em marketing esportivo. Nadadora amadora de \u00e1guas abertas, j\u00e1 trabalhou com grandes nomes da nata\u00e7\u00e3o e do polo aqu\u00e1tico brasileiro.","sameAs":["https:\/\/www.instagram.com\/_katarinemonteiro\/","https:\/\/www.linkedin.com\/in\/katarine-monteiro-19385297\/","https:\/\/x.com\/https:\/\/twitter.com\/Katarinem"],"url":"https:\/\/swimchannel.net\/br\/author\/katarine-monteiro\/"}]}},"_links":{"self":[{"href":"https:\/\/swimchannel.net\/br\/wp-json\/wp\/v2\/posts\/9444","targetHints":{"allow":["GET"]}}],"collection":[{"href":"https:\/\/swimchannel.net\/br\/wp-json\/wp\/v2\/posts"}],"about":[{"href":"https:\/\/swimchannel.net\/br\/wp-json\/wp\/v2\/types\/post"}],"author":[{"embeddable":true,"href":"https:\/\/swimchannel.net\/br\/wp-json\/wp\/v2\/users\/9"}],"replies":[{"embeddable":true,"href":"https:\/\/swimchannel.net\/br\/wp-json\/wp\/v2\/comments?post=9444"}],"version-history":[{"count":0,"href":"https:\/\/swimchannel.net\/br\/wp-json\/wp\/v2\/posts\/9444\/revisions"}],"wp:featuredmedia":[{"embeddable":true,"href":"https:\/\/swimchannel.net\/br\/wp-json\/wp\/v2\/media\/9447"}],"wp:attachment":[{"href":"https:\/\/swimchannel.net\/br\/wp-json\/wp\/v2\/media?parent=9444"}],"wp:term":[{"taxonomy":"category","embeddable":true,"href":"https:\/\/swimchannel.net\/br\/wp-json\/wp\/v2\/categories?post=9444"},{"taxonomy":"post_tag","embeddable":true,"href":"https:\/\/swimchannel.net\/br\/wp-json\/wp\/v2\/tags?post=9444"}],"curies":[{"name":"wp","href":"https:\/\/api.w.org\/{rel}","templated":true}]}}