{"id":9521,"date":"2018-06-26T15:23:51","date_gmt":"2018-06-26T15:23:51","guid":{"rendered":"https:\/\/swimchannel.flywheelsites.com\/?p=9521"},"modified":"2018-06-26T15:24:04","modified_gmt":"2018-06-26T15:24:04","slug":"caraguatatuba-encerra-temporada-do-circuito-mares","status":"publish","type":"post","link":"https:\/\/swimchannel.net\/br\/caraguatatuba-encerra-temporada-do-circuito-mares\/","title":{"rendered":"Caraguatatuba encerra temporada do Circuito Mares"},"content":{"rendered":"<p>A Praia da Enseada em Caraguatatuba foi o palco de encerramento da temporada 2017\/18 do Circuito Mares, um dos maiores eventos de \u00e1guas abertas do pa\u00eds e que \u00e9 organizado pela Interativa Assessoria Esportiva. A competi\u00e7\u00e3o teve ainda a tecnologia do AquaChip, produto inovador de cronometragem da Polesportivo (<a href=\"https:\/\/swimchannel.net\/br\/produto-tecnologia\/aquachip-polesportivo\/\">clique aqui<\/a> para ler mais sobre o acess\u00f3rio). A competi\u00e7\u00e3o reuniu centenas de atletas, entre eles uma medalhista ol\u00edmpica: <a href=\"https:\/\/swimchannel.net\/br\/atleta\/poliana-okimoto\/\">Poliana Okimoto<\/a> que nadou uma prova de \u00e1guas abertas em revezamento.<\/p>\n<p>A principal prova da etapa foi o Challenge, que teve a dist\u00e2ncia da maratona aqu\u00e1tica ol\u00edmpica: 10 km. No masculino dois nadadores se destacaram abrindo larga vantagem para os demais atletas em Caraguatatuba. Marcos Campos e\u00a0Leonardo de Oliveira ditaram um forte ritmo ao longo da maratona e n\u00e3o deram chances para a concorr\u00eancia. Marcos conseguiu acumular uma boa &#8220;gordura&#8221; e mesmo tendo sido quase\u00a020 segundos mais lento que Leonardo na \u00faltima parcial, conseguiu vencer a \u00faltima etapa do Circuito Mares 2017\/18. Mas foi um triunfo apertado com apenas tr\u00eas segundos de vantagem: 2h40min57s contra 2h41min00s. O terceiro lugar no p\u00f3dio foi de Thiago Rebollo que completou os 10 km em\u00a03h04min52.<\/p>\n<figure id=\"attachment_9524\" aria-describedby=\"caption-attachment-9524\" style=\"width: 596px\" class=\"wp-caption alignnone\"><img loading=\"lazy\" decoding=\"async\" class=\"size-full wp-image-9524\" src=\"https:\/\/swimchannel.net\/br\/wp-content\/uploads\/2018\/06\/mares.jpg\" alt=\"\" width=\"596\" height=\"553\" \/><figcaption id=\"caption-attachment-9524\" class=\"wp-caption-text\">A equipe Okimoto &amp; Cintra Swim Team &#8211; Foto: Instagram\/Reprodu\u00e7\u00e3o<\/figcaption><\/figure>\n<p>No feminino\u00a0Rafaela de Souza foi absoluta vencendo sem grandes dificuldades os 10 km. O resultado de 2h51min36s foi inclusive a terceira melhor marca geral da competi\u00e7\u00e3o, perdendo apenas para Marcos Campos e Leonardo de Oliveira no masculino.\u00a0Maria Fernanda Shimidt com 3h05min56s\u00a0e Fernanda Couto com 3h09min19s completaram o p\u00f3dio.<\/p>\n<p>Nesta etapa especial foram disputas ainda provas de 10 km em revezamento. As provas foram realizadas em dois formatos: duplas ou quintetos. Em duplas os nadadores\u00a0Raphael da Silva e Vit\u00f3ria Farabolini foram os mais r\u00e1pidos ao completar a maratona em 2h50min53s. No quinteto o time mais veloz o Okimoto &amp; Cintra Swim Team que nadou em 2h39min04s e ainda contou com a presen\u00e7a da medalhista ol\u00edmpica Poliana Okimoto.<\/p>\n<figure id=\"attachment_9525\" aria-describedby=\"caption-attachment-9525\" style=\"width: 800px\" class=\"wp-caption alignnone\"><img loading=\"lazy\" decoding=\"async\" class=\"wp-image-9525\" src=\"https:\/\/swimchannel.net\/br\/wp-content\/uploads\/2018\/06\/36188356_1003662646477710_6125358288834920448_n.jpg\" alt=\"\" width=\"800\" height=\"533\" srcset=\"https:\/\/swimchannel.net\/br\/wp-content\/uploads\/2018\/06\/36188356_1003662646477710_6125358288834920448_n.jpg 960w, https:\/\/swimchannel.net\/br\/wp-content\/uploads\/2018\/06\/36188356_1003662646477710_6125358288834920448_n-600x399.jpg 600w\" sizes=\"auto, (max-width: 800px) 100vw, 800px\" \/><figcaption id=\"caption-attachment-9525\" class=\"wp-caption-text\">O campe\u00e3o mundial Felipe Fran\u00e7a ministrou palestra &#8211; Foto: Reprodu\u00e7\u00e3o\/Facebook<\/figcaption><\/figure>\n<p>Al\u00e9m do Challenge e do revezamento por equipes o Circuito Mares teve outras duas dist\u00e2ncias de nata\u00e7\u00e3o em \u00e1guas abertas. No short, com percurso de 1 km, os campe\u00f5es foram Nathalia Mesquita (16min59s) e Ot\u00e1vio Kanazawa (16min01s). J\u00e1 no start, com dist\u00e2ncia de 500m, os mais velozes foram\u00a0Pietro Novo (6min55s) e Jeane de Deus (7min48s), m\u00e3e do nadador ol\u00edmpico <a href=\"https:\/\/swimchannel.net\/br\/atleta\/leonardo-de-deus\/\">Leonardo de Deus<\/a>. Al\u00e9m das provas de \u00e1guas abertas o evento contou ainda com disputas de corrida de rua e aquathlon. Os resultado completos <a href=\"http:\/\/www.polesportivo.com.br\/mares17_18etapaespecial1.pdf\" target=\"_blank\" rel=\"noopener\">podem ser conferidos aqui<\/a>.<\/p>\n<p>A etapa de Caraguatatuba tamb\u00e9m encerrou a temporada 2017\/18 do Circuito Mares e premiou todos os campe\u00f5es. Al\u00e9m do tom de confraterniza\u00e7\u00e3o o evento teve ainda uma palestra com o campe\u00e3o mundial <a href=\"https:\/\/swimchannel.net\/br\/atleta\/felipe-franca\/\">Felipe Fran\u00e7a<\/a> na v\u00e9spera da disputa. O Circuito 2018\/19 j\u00e1 tem data para come\u00e7ar. Ser\u00e1 dia 30 de setembro no Guaruj\u00e1 e as inscri\u00e7\u00f5es j\u00e1 est\u00e3o abertas tamb\u00e9m no site oficial do evento.<\/p>\n","protected":false},"excerpt":{"rendered":"<p>A Praia da Enseada em Caraguatatuba foi o palco de encerramento da temporada 2017\/18 do Circuito Mares, um dos maiores eventos de \u00e1guas abertas do pa\u00eds e que \u00e9 organizado pela Interativa Assessoria Esportiva. A competi\u00e7\u00e3o teve ainda a tecnologia do AquaChip, produto inovador de cronometragem da Polesportivo (clique aqui para ler mais sobre o [&hellip;]<\/p>\n","protected":false},"author":3,"featured_media":9526,"comment_status":"open","ping_status":"open","sticky":false,"template":"","format":"standard","meta":{"footnotes":""},"categories":[1],"tags":[14,580,340,141,5,1362,46,810,1206],"class_list":["post-9521","post","type-post","status-publish","format-standard","has-post-thumbnail","hentry","category-sem-categoria","tag-aguas-abertas","tag-caraguatatuba","tag-circuito-mares","tag-marcos-campos","tag-natacao","tag-polesportivo","tag-poliana-okimoto","tag-praia-da-enseada","tag-rafaela-de-souza"],"yoast_head":"<!-- This site is optimized with the Yoast SEO plugin v27.0 - https:\/\/yoast.com\/product\/yoast-seo-wordpress\/ -->\n<title>Caraguatatuba encerra temporada do Circuito Mares - Swimchannel<\/title>\n<meta name=\"description\" content=\"Prova teve a presen\u00e7a da medalhista ol\u00edmpica Poliana Okimoto; Marcos Campos e Rafaela de Souza venceram a prova principal.\" \/>\n<meta name=\"robots\" content=\"index, follow, max-snippet:-1, max-image-preview:large, max-video-preview:-1\" \/>\n<link rel=\"canonical\" href=\"https:\/\/swimchannel.net\/br\/caraguatatuba-encerra-temporada-do-circuito-mares\/\" \/>\n<meta property=\"og:locale\" content=\"pt_BR\" \/>\n<meta property=\"og:type\" content=\"article\" \/>\n<meta property=\"og:title\" content=\"Caraguatatuba encerra temporada do Circuito Mares - Swimchannel\" \/>\n<meta property=\"og:description\" content=\"Prova teve a presen\u00e7a da medalhista ol\u00edmpica Poliana Okimoto; Marcos Campos e Rafaela de Souza venceram a prova principal.\" \/>\n<meta property=\"og:url\" content=\"https:\/\/swimchannel.net\/br\/caraguatatuba-encerra-temporada-do-circuito-mares\/\" \/>\n<meta property=\"og:site_name\" content=\"Swimchannel\" \/>\n<meta property=\"article:publisher\" content=\"https:\/\/www.facebook.com\/swimchannel\" \/>\n<meta property=\"article:published_time\" content=\"2018-06-26T15:23:51+00:00\" \/>\n<meta property=\"article:modified_time\" content=\"2018-06-26T15:24:04+00:00\" \/>\n<meta property=\"og:image\" content=\"https:\/\/swimchannel.net\/br\/wp-content\/uploads\/2018\/06\/enseada.jpg\" \/>\n\t<meta property=\"og:image:width\" content=\"1200\" \/>\n\t<meta property=\"og:image:height\" content=\"675\" \/>\n\t<meta property=\"og:image:type\" content=\"image\/jpeg\" \/>\n<meta name=\"author\" content=\"Guilherme Freitas\" \/>\n<meta name=\"twitter:card\" content=\"summary_large_image\" \/>\n<meta name=\"twitter:label1\" content=\"Escrito por\" \/>\n\t<meta name=\"twitter:data1\" content=\"Guilherme Freitas\" \/>\n\t<meta name=\"twitter:label2\" content=\"Est. tempo de leitura\" \/>\n\t<meta name=\"twitter:data2\" content=\"3 minutos\" \/>\n<script type=\"application\/ld+json\" class=\"yoast-schema-graph\">{\"@context\":\"https:\/\/schema.org\",\"@graph\":[{\"@type\":\"Article\",\"@id\":\"https:\/\/swimchannel.net\/br\/caraguatatuba-encerra-temporada-do-circuito-mares\/#article\",\"isPartOf\":{\"@id\":\"https:\/\/swimchannel.net\/br\/caraguatatuba-encerra-temporada-do-circuito-mares\/\"},\"author\":{\"name\":\"Guilherme Freitas\",\"@id\":\"https:\/\/swimchannel.net\/br\/#\/schema\/person\/aa2a63bab3275f53749a83276b213c48\"},\"headline\":\"Caraguatatuba encerra temporada do Circuito Mares\",\"datePublished\":\"2018-06-26T15:23:51+00:00\",\"dateModified\":\"2018-06-26T15:24:04+00:00\",\"mainEntityOfPage\":{\"@id\":\"https:\/\/swimchannel.net\/br\/caraguatatuba-encerra-temporada-do-circuito-mares\/\"},\"wordCount\":555,\"commentCount\":0,\"publisher\":{\"@id\":\"https:\/\/swimchannel.net\/br\/#organization\"},\"image\":{\"@id\":\"https:\/\/swimchannel.net\/br\/caraguatatuba-encerra-temporada-do-circuito-mares\/#primaryimage\"},\"thumbnailUrl\":\"https:\/\/swimchannel.net\/br\/wp-content\/uploads\/2018\/06\/enseada.jpg\",\"keywords\":[\"\u00c1guas abertas\",\"Caraguatatuba\",\"Circuito Mares\",\"Marcos Campos\",\"natacao\",\"Polesportivo\",\"Poliana Okimoto\",\"Praia da Enseada\",\"Rafaela de Souza\"],\"inLanguage\":\"pt-BR\",\"potentialAction\":[{\"@type\":\"CommentAction\",\"name\":\"Comment\",\"target\":[\"https:\/\/swimchannel.net\/br\/caraguatatuba-encerra-temporada-do-circuito-mares\/#respond\"]}]},{\"@type\":\"WebPage\",\"@id\":\"https:\/\/swimchannel.net\/br\/caraguatatuba-encerra-temporada-do-circuito-mares\/\",\"url\":\"https:\/\/swimchannel.net\/br\/caraguatatuba-encerra-temporada-do-circuito-mares\/\",\"name\":\"Caraguatatuba encerra temporada do Circuito Mares - Swimchannel\",\"isPartOf\":{\"@id\":\"https:\/\/swimchannel.net\/br\/#website\"},\"primaryImageOfPage\":{\"@id\":\"https:\/\/swimchannel.net\/br\/caraguatatuba-encerra-temporada-do-circuito-mares\/#primaryimage\"},\"image\":{\"@id\":\"https:\/\/swimchannel.net\/br\/caraguatatuba-encerra-temporada-do-circuito-mares\/#primaryimage\"},\"thumbnailUrl\":\"https:\/\/swimchannel.net\/br\/wp-content\/uploads\/2018\/06\/enseada.jpg\",\"datePublished\":\"2018-06-26T15:23:51+00:00\",\"dateModified\":\"2018-06-26T15:24:04+00:00\",\"description\":\"Prova teve a presen\u00e7a da medalhista ol\u00edmpica Poliana Okimoto; Marcos Campos e Rafaela de Souza venceram a prova principal.\",\"breadcrumb\":{\"@id\":\"https:\/\/swimchannel.net\/br\/caraguatatuba-encerra-temporada-do-circuito-mares\/#breadcrumb\"},\"inLanguage\":\"pt-BR\",\"potentialAction\":[{\"@type\":\"ReadAction\",\"target\":[\"https:\/\/swimchannel.net\/br\/caraguatatuba-encerra-temporada-do-circuito-mares\/\"]}]},{\"@type\":\"ImageObject\",\"inLanguage\":\"pt-BR\",\"@id\":\"https:\/\/swimchannel.net\/br\/caraguatatuba-encerra-temporada-do-circuito-mares\/#primaryimage\",\"url\":\"https:\/\/swimchannel.net\/br\/wp-content\/uploads\/2018\/06\/enseada.jpg\",\"contentUrl\":\"https:\/\/swimchannel.net\/br\/wp-content\/uploads\/2018\/06\/enseada.jpg\",\"width\":1200,\"height\":675},{\"@type\":\"BreadcrumbList\",\"@id\":\"https:\/\/swimchannel.net\/br\/caraguatatuba-encerra-temporada-do-circuito-mares\/#breadcrumb\",\"itemListElement\":[{\"@type\":\"ListItem\",\"position\":1,\"name\":\"Home\",\"item\":\"https:\/\/swimchannel.net\/br\/\"},{\"@type\":\"ListItem\",\"position\":2,\"name\":\"Caraguatatuba encerra temporada do Circuito Mares\"}]},{\"@type\":\"WebSite\",\"@id\":\"https:\/\/swimchannel.net\/br\/#website\",\"url\":\"https:\/\/swimchannel.net\/br\/\",\"name\":\"Swimchannel\",\"description\":\"Maior portal de nata\u00e7\u00e3o da america latina\",\"publisher\":{\"@id\":\"https:\/\/swimchannel.net\/br\/#organization\"},\"potentialAction\":[{\"@type\":\"SearchAction\",\"target\":{\"@type\":\"EntryPoint\",\"urlTemplate\":\"https:\/\/swimchannel.net\/br\/?s={search_term_string}\"},\"query-input\":{\"@type\":\"PropertyValueSpecification\",\"valueRequired\":true,\"valueName\":\"search_term_string\"}}],\"inLanguage\":\"pt-BR\"},{\"@type\":\"Organization\",\"@id\":\"https:\/\/swimchannel.net\/br\/#organization\",\"name\":\"Swimchannel - Conectando voc\u00ea a Nata\u00e7\u00e3o\",\"url\":\"https:\/\/swimchannel.net\/br\/\",\"logo\":{\"@type\":\"ImageObject\",\"inLanguage\":\"pt-BR\",\"@id\":\"https:\/\/swimchannel.net\/br\/#\/schema\/logo\/image\/\",\"url\":\"https:\/\/swimchannel.net\/br\/wp-content\/uploads\/2026\/02\/SWIM-CHANNEL.png\",\"contentUrl\":\"https:\/\/swimchannel.net\/br\/wp-content\/uploads\/2026\/02\/SWIM-CHANNEL.png\",\"width\":1120,\"height\":630,\"caption\":\"Swimchannel - Conectando voc\u00ea a Nata\u00e7\u00e3o\"},\"image\":{\"@id\":\"https:\/\/swimchannel.net\/br\/#\/schema\/logo\/image\/\"},\"sameAs\":[\"https:\/\/www.facebook.com\/swimchannel\",\"https:\/\/www.instagram.com\/swimchannel\"]},{\"@type\":\"Person\",\"@id\":\"https:\/\/swimchannel.net\/br\/#\/schema\/person\/aa2a63bab3275f53749a83276b213c48\",\"name\":\"Guilherme Freitas\",\"image\":{\"@type\":\"ImageObject\",\"inLanguage\":\"pt-BR\",\"@id\":\"https:\/\/swimchannel.net\/br\/#\/schema\/person\/image\/\",\"url\":\"https:\/\/swimchannel.net\/br\/wp-content\/uploads\/2025\/10\/gui22-193x180.png\",\"contentUrl\":\"https:\/\/swimchannel.net\/br\/wp-content\/uploads\/2025\/10\/gui22-193x180.png\",\"caption\":\"Guilherme Freitas\"},\"description\":\"Jornalista s\u00eanior da SWIM CHANNEL, ex-correspondente da FINA no Brasil e pesquisador acad\u00eamico.\",\"sameAs\":[\"instagram.com\/guifreitas86\"],\"url\":\"https:\/\/swimchannel.net\/br\/author\/guilherme-freitas\/\"}]}<\/script>\n<!-- \/ Yoast SEO plugin. -->","yoast_head_json":{"title":"Caraguatatuba encerra temporada do Circuito Mares - Swimchannel","description":"Prova teve a presen\u00e7a da medalhista ol\u00edmpica Poliana Okimoto; Marcos Campos e Rafaela de Souza venceram a prova principal.","robots":{"index":"index","follow":"follow","max-snippet":"max-snippet:-1","max-image-preview":"max-image-preview:large","max-video-preview":"max-video-preview:-1"},"canonical":"https:\/\/swimchannel.net\/br\/caraguatatuba-encerra-temporada-do-circuito-mares\/","og_locale":"pt_BR","og_type":"article","og_title":"Caraguatatuba encerra temporada do Circuito Mares - Swimchannel","og_description":"Prova teve a presen\u00e7a da medalhista ol\u00edmpica Poliana Okimoto; Marcos Campos e Rafaela de Souza venceram a prova principal.","og_url":"https:\/\/swimchannel.net\/br\/caraguatatuba-encerra-temporada-do-circuito-mares\/","og_site_name":"Swimchannel","article_publisher":"https:\/\/www.facebook.com\/swimchannel","article_published_time":"2018-06-26T15:23:51+00:00","article_modified_time":"2018-06-26T15:24:04+00:00","og_image":[{"width":1200,"height":675,"url":"https:\/\/swimchannel.net\/br\/wp-content\/uploads\/2018\/06\/enseada.jpg","type":"image\/jpeg"}],"author":"Guilherme Freitas","twitter_card":"summary_large_image","twitter_misc":{"Escrito por":"Guilherme Freitas","Est. tempo de leitura":"3 minutos"},"schema":{"@context":"https:\/\/schema.org","@graph":[{"@type":"Article","@id":"https:\/\/swimchannel.net\/br\/caraguatatuba-encerra-temporada-do-circuito-mares\/#article","isPartOf":{"@id":"https:\/\/swimchannel.net\/br\/caraguatatuba-encerra-temporada-do-circuito-mares\/"},"author":{"name":"Guilherme Freitas","@id":"https:\/\/swimchannel.net\/br\/#\/schema\/person\/aa2a63bab3275f53749a83276b213c48"},"headline":"Caraguatatuba encerra temporada do Circuito Mares","datePublished":"2018-06-26T15:23:51+00:00","dateModified":"2018-06-26T15:24:04+00:00","mainEntityOfPage":{"@id":"https:\/\/swimchannel.net\/br\/caraguatatuba-encerra-temporada-do-circuito-mares\/"},"wordCount":555,"commentCount":0,"publisher":{"@id":"https:\/\/swimchannel.net\/br\/#organization"},"image":{"@id":"https:\/\/swimchannel.net\/br\/caraguatatuba-encerra-temporada-do-circuito-mares\/#primaryimage"},"thumbnailUrl":"https:\/\/swimchannel.net\/br\/wp-content\/uploads\/2018\/06\/enseada.jpg","keywords":["\u00c1guas abertas","Caraguatatuba","Circuito Mares","Marcos Campos","natacao","Polesportivo","Poliana Okimoto","Praia da Enseada","Rafaela de Souza"],"inLanguage":"pt-BR","potentialAction":[{"@type":"CommentAction","name":"Comment","target":["https:\/\/swimchannel.net\/br\/caraguatatuba-encerra-temporada-do-circuito-mares\/#respond"]}]},{"@type":"WebPage","@id":"https:\/\/swimchannel.net\/br\/caraguatatuba-encerra-temporada-do-circuito-mares\/","url":"https:\/\/swimchannel.net\/br\/caraguatatuba-encerra-temporada-do-circuito-mares\/","name":"Caraguatatuba encerra temporada do Circuito Mares - Swimchannel","isPartOf":{"@id":"https:\/\/swimchannel.net\/br\/#website"},"primaryImageOfPage":{"@id":"https:\/\/swimchannel.net\/br\/caraguatatuba-encerra-temporada-do-circuito-mares\/#primaryimage"},"image":{"@id":"https:\/\/swimchannel.net\/br\/caraguatatuba-encerra-temporada-do-circuito-mares\/#primaryimage"},"thumbnailUrl":"https:\/\/swimchannel.net\/br\/wp-content\/uploads\/2018\/06\/enseada.jpg","datePublished":"2018-06-26T15:23:51+00:00","dateModified":"2018-06-26T15:24:04+00:00","description":"Prova teve a presen\u00e7a da medalhista ol\u00edmpica Poliana Okimoto; Marcos Campos e Rafaela de Souza venceram a prova principal.","breadcrumb":{"@id":"https:\/\/swimchannel.net\/br\/caraguatatuba-encerra-temporada-do-circuito-mares\/#breadcrumb"},"inLanguage":"pt-BR","potentialAction":[{"@type":"ReadAction","target":["https:\/\/swimchannel.net\/br\/caraguatatuba-encerra-temporada-do-circuito-mares\/"]}]},{"@type":"ImageObject","inLanguage":"pt-BR","@id":"https:\/\/swimchannel.net\/br\/caraguatatuba-encerra-temporada-do-circuito-mares\/#primaryimage","url":"https:\/\/swimchannel.net\/br\/wp-content\/uploads\/2018\/06\/enseada.jpg","contentUrl":"https:\/\/swimchannel.net\/br\/wp-content\/uploads\/2018\/06\/enseada.jpg","width":1200,"height":675},{"@type":"BreadcrumbList","@id":"https:\/\/swimchannel.net\/br\/caraguatatuba-encerra-temporada-do-circuito-mares\/#breadcrumb","itemListElement":[{"@type":"ListItem","position":1,"name":"Home","item":"https:\/\/swimchannel.net\/br\/"},{"@type":"ListItem","position":2,"name":"Caraguatatuba encerra temporada do Circuito Mares"}]},{"@type":"WebSite","@id":"https:\/\/swimchannel.net\/br\/#website","url":"https:\/\/swimchannel.net\/br\/","name":"Swimchannel","description":"Maior portal de nata\u00e7\u00e3o da america latina","publisher":{"@id":"https:\/\/swimchannel.net\/br\/#organization"},"potentialAction":[{"@type":"SearchAction","target":{"@type":"EntryPoint","urlTemplate":"https:\/\/swimchannel.net\/br\/?s={search_term_string}"},"query-input":{"@type":"PropertyValueSpecification","valueRequired":true,"valueName":"search_term_string"}}],"inLanguage":"pt-BR"},{"@type":"Organization","@id":"https:\/\/swimchannel.net\/br\/#organization","name":"Swimchannel - Conectando voc\u00ea a Nata\u00e7\u00e3o","url":"https:\/\/swimchannel.net\/br\/","logo":{"@type":"ImageObject","inLanguage":"pt-BR","@id":"https:\/\/swimchannel.net\/br\/#\/schema\/logo\/image\/","url":"https:\/\/swimchannel.net\/br\/wp-content\/uploads\/2026\/02\/SWIM-CHANNEL.png","contentUrl":"https:\/\/swimchannel.net\/br\/wp-content\/uploads\/2026\/02\/SWIM-CHANNEL.png","width":1120,"height":630,"caption":"Swimchannel - Conectando voc\u00ea a Nata\u00e7\u00e3o"},"image":{"@id":"https:\/\/swimchannel.net\/br\/#\/schema\/logo\/image\/"},"sameAs":["https:\/\/www.facebook.com\/swimchannel","https:\/\/www.instagram.com\/swimchannel"]},{"@type":"Person","@id":"https:\/\/swimchannel.net\/br\/#\/schema\/person\/aa2a63bab3275f53749a83276b213c48","name":"Guilherme Freitas","image":{"@type":"ImageObject","inLanguage":"pt-BR","@id":"https:\/\/swimchannel.net\/br\/#\/schema\/person\/image\/","url":"https:\/\/swimchannel.net\/br\/wp-content\/uploads\/2025\/10\/gui22-193x180.png","contentUrl":"https:\/\/swimchannel.net\/br\/wp-content\/uploads\/2025\/10\/gui22-193x180.png","caption":"Guilherme Freitas"},"description":"Jornalista s\u00eanior da SWIM CHANNEL, ex-correspondente da FINA no Brasil e pesquisador acad\u00eamico.","sameAs":["instagram.com\/guifreitas86"],"url":"https:\/\/swimchannel.net\/br\/author\/guilherme-freitas\/"}]}},"_links":{"self":[{"href":"https:\/\/swimchannel.net\/br\/wp-json\/wp\/v2\/posts\/9521","targetHints":{"allow":["GET"]}}],"collection":[{"href":"https:\/\/swimchannel.net\/br\/wp-json\/wp\/v2\/posts"}],"about":[{"href":"https:\/\/swimchannel.net\/br\/wp-json\/wp\/v2\/types\/post"}],"author":[{"embeddable":true,"href":"https:\/\/swimchannel.net\/br\/wp-json\/wp\/v2\/users\/3"}],"replies":[{"embeddable":true,"href":"https:\/\/swimchannel.net\/br\/wp-json\/wp\/v2\/comments?post=9521"}],"version-history":[{"count":0,"href":"https:\/\/swimchannel.net\/br\/wp-json\/wp\/v2\/posts\/9521\/revisions"}],"wp:featuredmedia":[{"embeddable":true,"href":"https:\/\/swimchannel.net\/br\/wp-json\/wp\/v2\/media\/9526"}],"wp:attachment":[{"href":"https:\/\/swimchannel.net\/br\/wp-json\/wp\/v2\/media?parent=9521"}],"wp:term":[{"taxonomy":"category","embeddable":true,"href":"https:\/\/swimchannel.net\/br\/wp-json\/wp\/v2\/categories?post=9521"},{"taxonomy":"post_tag","embeddable":true,"href":"https:\/\/swimchannel.net\/br\/wp-json\/wp\/v2\/tags?post=9521"}],"curies":[{"name":"wp","href":"https:\/\/api.w.org\/{rel}","templated":true}]}}