{"id":9960,"date":"2018-07-19T18:27:47","date_gmt":"2018-07-19T18:27:47","guid":{"rendered":"https:\/\/swimchannel.flywheelsites.com\/?p=9960"},"modified":"2018-07-19T18:38:42","modified_gmt":"2018-07-19T18:38:42","slug":"litoral-up-chega-a-ubatuba-em-setembro","status":"publish","type":"post","link":"https:\/\/swimchannel.net\/br\/litoral-up-chega-a-ubatuba-em-setembro\/","title":{"rendered":"Litoral Up chega a Ubatuba em setembro"},"content":{"rendered":"<p>O Circuito Litoral Up chega como uma nova op\u00e7\u00e3o de provas de \u00e1guas abertas. Sua primeira etapa ser\u00e1 realizada na bela Praia da Enseada em Ubatuba, no dia 23 de setembro. A competi\u00e7\u00e3o, organizado pela Essence Sports, ser\u00e1 o primeiro evento esportivo da produtora que atua tamb\u00e9m em projetos na \u00e1rea educacional e na de experi\u00eancias esportivas como NFL e MMA.<\/p>\n<p>&#8220;Quando montamos o conceito da travessia n\u00f3s pensamos em criar um produto em que o participante visitasse paisagens bonitas, lugares paradis\u00edacos, ent\u00e3o um dos nossos requisitos \u00e9 que os lugares sejam preservados, e que tenham tenham cuidado com o meio ambiente. Escolhemos Ubatuba justamente por isso. A Praia da Enseada \u00e9 um dos lugares mais paradis\u00edacos de S\u00e3o Paulo. A prefeitura da cidade tem toda estrutura para eventos esportivos, que s\u00e3o comuns naquela regi\u00e3o. Reconhecemos\u00a0 a cidade com um \u00f3timo lugar para a pr\u00e1tica esportiva, al\u00e9m de possuir um dos calend\u00e1rios esportivos mais ricos do pa\u00eds&#8221;, diz Carlos Eduardo Silva, popularmente conhecido como Cadu e um dos organizadores da prova.<\/p>\n<div id='gallery-1' class='gallery galleryid-9960 gallery-columns-3 gallery-size-thumbnail'><figure class='gallery-item'>\n\t\t\t<div class='gallery-icon landscape'>\n\t\t\t\t<a href='https:\/\/swimchannel.net\/br\/litoral-up-chega-a-ubatuba-em-setembro\/enseada-3\/'><img loading=\"lazy\" decoding=\"async\" width=\"320\" height=\"180\" src=\"https:\/\/swimchannel.net\/br\/wp-content\/uploads\/2018\/07\/Enseada-1.jpg\" class=\"attachment-thumbnail size-thumbnail\" alt=\"\" aria-describedby=\"gallery-1-9987\" srcset=\"https:\/\/swimchannel.net\/br\/wp-content\/uploads\/2018\/07\/Enseada-1.jpg 1280w, https:\/\/swimchannel.net\/br\/wp-content\/uploads\/2018\/07\/Enseada-1-600x338.jpg 600w\" sizes=\"auto, (max-width: 320px) 100vw, 320px\" \/><\/a>\n\t\t\t<\/div>\n\t\t\t\t<figcaption class='wp-caption-text gallery-caption' id='gallery-1-9987'>\n\t\t\t\tPraia da Enseada ser\u00e1 o local da primeira etapa da competi\u00e7\u00e3o &#8211; Foto: Reprodu\u00e7\u00e3o\n\t\t\t\t<\/figcaption><\/figure><figure class='gallery-item'>\n\t\t\t<div class='gallery-icon landscape'>\n\t\t\t\t<a href='https:\/\/swimchannel.net\/br\/litoral-up-chega-a-ubatuba-em-setembro\/praia-da-enseada-1-2\/'><img loading=\"lazy\" decoding=\"async\" width=\"320\" height=\"180\" src=\"https:\/\/swimchannel.net\/br\/wp-content\/uploads\/2018\/07\/Praia-da-Enseada-1-1.jpg\" class=\"attachment-thumbnail size-thumbnail\" alt=\"\" aria-describedby=\"gallery-1-9988\" srcset=\"https:\/\/swimchannel.net\/br\/wp-content\/uploads\/2018\/07\/Praia-da-Enseada-1-1.jpg 1280w, https:\/\/swimchannel.net\/br\/wp-content\/uploads\/2018\/07\/Praia-da-Enseada-1-1-600x338.jpg 600w\" sizes=\"auto, (max-width: 320px) 100vw, 320px\" \/><\/a>\n\t\t\t<\/div>\n\t\t\t\t<figcaption class='wp-caption-text gallery-caption' id='gallery-1-9988'>\n\t\t\t\tPraia da Enseada ser\u00e1 o local da primeira etapa da competi\u00e7\u00e3o &#8211; Foto: Reprodu\u00e7\u00e3o\n\t\t\t\t<\/figcaption><\/figure>\n\t\t<\/div>\n\n<div data-packed=\"true\">\n<p>Na competi\u00e7\u00e3o ser\u00e3o oferecidas tr\u00eas tipos de provas, a sprint de\u00a0800 metros, a travessia de\u00a01,8 km e a prova de\u00a0aquathlon (800m nata\u00e7\u00e3o + 3 km corrida). Artur Pedroza ser\u00e1 um dos destaques para a prova. A segunda etapa ser\u00e1 no dia 21 de outubro em Arraial do Cabo, local conhecido por ser &#8220;o Caribe Brasileiro&#8221; e um dos lugares mais bonitos do pa\u00eds.<\/p>\n<p>Os organizadores da prova n\u00e3o querem fazer uma competi\u00e7\u00e3o regional. A ideia \u00e9 fazer nos pr\u00f3ximos anos seis travessias durante a temporada, duas na regi\u00e3o sul, duas no sudeste e mais duas no nordeste tornando-se assim um circuito que percorra o litoral brasileiro de norte a sul. &#8220;A ideia \u00e9 tamb\u00e9m que o Litoral Up evolua para um festival, que conte com outros esportes, como stand up paddle, mas por enquanto temos que come\u00e7ar a fazer o evento com modalidades que conhecemos como a nata\u00e7\u00e3o em \u00e1guas abertas. Outro diferencial da competi\u00e7\u00e3o \u00e9 que iremos neutralizar as emiss\u00f5es de carbono do evento, iremos atr\u00e1s do selo de evento neutro para ajudar no combate a emiss\u00e3o CO2 no ar&#8221;, completa Cadu.<\/p>\n<figure id=\"attachment_9973\" aria-describedby=\"caption-attachment-9973\" style=\"width: 640px\" class=\"wp-caption aligncenter\"><img loading=\"lazy\" decoding=\"async\" class=\"wp-image-9973 size-full\" src=\"https:\/\/swimchannel.net\/br\/wp-content\/uploads\/2018\/07\/36148942_1621234031320901_197506467698311168_n.jpg\" alt=\"\" width=\"640\" height=\"640\" srcset=\"https:\/\/swimchannel.net\/br\/wp-content\/uploads\/2018\/07\/36148942_1621234031320901_197506467698311168_n.jpg 640w, https:\/\/swimchannel.net\/br\/wp-content\/uploads\/2018\/07\/36148942_1621234031320901_197506467698311168_n-300x300.jpg 300w, https:\/\/swimchannel.net\/br\/wp-content\/uploads\/2018\/07\/36148942_1621234031320901_197506467698311168_n-100x100.jpg 100w, https:\/\/swimchannel.net\/br\/wp-content\/uploads\/2018\/07\/36148942_1621234031320901_197506467698311168_n-600x600.jpg 600w\" sizes=\"auto, (max-width: 640px) 100vw, 640px\" \/><figcaption id=\"caption-attachment-9973\" class=\"wp-caption-text\">Cartaz do evento Litoral UP &#8211; Foto: Reprodu\u00e7\u00e3o<\/figcaption><\/figure>\n<\/div>\n<p>Todos os inscritos receber\u00e3o kits com bolsa, touca e camiseta alusiva ao evento, al\u00e9m de medalha de participa\u00e7\u00e3o para\u00a0 os que completarem a prova. A retirada do kit ser\u00e1 no s\u00e1bado (22) das\u00a015h as 22h no Hotel Porto Di Mare na Praia da Enseada. As inscri\u00e7\u00f5es para a prova j\u00e1 est\u00e3o abertas no site oficial do evento (<a href=\"https:\/\/www.sympla.com.br\/litoral-up---essence-sports__289918\">clique aqui para ver<\/a>).\u00a0Para mais informa\u00e7\u00f5es sobre o Circuito acesse o <a href=\"http:\/\/litoral-up.com.br\/\">site oficial<\/a>.<\/p>\n","protected":false},"excerpt":{"rendered":"<p>O Circuito Litoral Up chega como uma nova op\u00e7\u00e3o de provas de \u00e1guas abertas. Sua primeira etapa ser\u00e1 realizada na bela Praia da Enseada em Ubatuba, no dia 23 de setembro. A competi\u00e7\u00e3o, organizado pela Essence Sports, ser\u00e1 o primeiro evento esportivo da produtora que atua tamb\u00e9m em projetos na \u00e1rea educacional e na de [&hellip;]<\/p>\n","protected":false},"author":9,"featured_media":9987,"comment_status":"open","ping_status":"open","sticky":false,"template":"","format":"standard","meta":{"footnotes":""},"categories":[115],"tags":[14,1394,5,810,301],"class_list":["post-9960","post","type-post","status-publish","format-standard","has-post-thumbnail","hentry","category-aguas-abertas","tag-aguas-abertas","tag-circuito-litoral-up","tag-natacao","tag-praia-da-enseada","tag-ubatuba"],"yoast_head":"<!-- This site is optimized with the Yoast SEO plugin v27.0 - https:\/\/yoast.com\/product\/yoast-seo-wordpress\/ -->\n<title>Litoral Up chega a Ubatuba em setembro - Swimchannel<\/title>\n<meta name=\"description\" content=\"Prova ser\u00e1 realizada no dia 23 de setembro na Praia da Enseada e ter\u00e1 dois percursos de 800m e 1,8 km.\" \/>\n<meta name=\"robots\" content=\"index, follow, max-snippet:-1, max-image-preview:large, max-video-preview:-1\" \/>\n<link rel=\"canonical\" href=\"https:\/\/swimchannel.net\/br\/litoral-up-chega-a-ubatuba-em-setembro\/\" \/>\n<meta property=\"og:locale\" content=\"pt_BR\" \/>\n<meta property=\"og:type\" content=\"article\" \/>\n<meta property=\"og:title\" content=\"Litoral Up chega a Ubatuba em setembro - Swimchannel\" \/>\n<meta property=\"og:description\" content=\"Prova ser\u00e1 realizada no dia 23 de setembro na Praia da Enseada e ter\u00e1 dois percursos de 800m e 1,8 km.\" \/>\n<meta property=\"og:url\" content=\"https:\/\/swimchannel.net\/br\/litoral-up-chega-a-ubatuba-em-setembro\/\" \/>\n<meta property=\"og:site_name\" content=\"Swimchannel\" \/>\n<meta property=\"article:publisher\" content=\"https:\/\/www.facebook.com\/swimchannel\" \/>\n<meta property=\"article:published_time\" content=\"2018-07-19T18:27:47+00:00\" \/>\n<meta property=\"article:modified_time\" content=\"2018-07-19T18:38:42+00:00\" \/>\n<meta property=\"og:image\" content=\"https:\/\/swimchannel.net\/br\/wp-content\/uploads\/2018\/07\/Enseada-1.jpg\" \/>\n\t<meta property=\"og:image:width\" content=\"1280\" \/>\n\t<meta property=\"og:image:height\" content=\"720\" \/>\n\t<meta property=\"og:image:type\" content=\"image\/jpeg\" \/>\n<meta name=\"author\" content=\"Katarine Monteiro\" \/>\n<meta name=\"twitter:card\" content=\"summary_large_image\" \/>\n<meta name=\"twitter:creator\" content=\"@https:\/\/twitter.com\/Katarinem\" \/>\n<meta name=\"twitter:label1\" content=\"Escrito por\" \/>\n\t<meta name=\"twitter:data1\" content=\"Katarine Monteiro\" \/>\n\t<meta name=\"twitter:label2\" content=\"Est. tempo de leitura\" \/>\n\t<meta name=\"twitter:data2\" content=\"2 minutos\" \/>\n<script type=\"application\/ld+json\" class=\"yoast-schema-graph\">{\"@context\":\"https:\/\/schema.org\",\"@graph\":[{\"@type\":\"Article\",\"@id\":\"https:\/\/swimchannel.net\/br\/litoral-up-chega-a-ubatuba-em-setembro\/#article\",\"isPartOf\":{\"@id\":\"https:\/\/swimchannel.net\/br\/litoral-up-chega-a-ubatuba-em-setembro\/\"},\"author\":{\"name\":\"Katarine Monteiro\",\"@id\":\"https:\/\/swimchannel.net\/br\/#\/schema\/person\/73ae9cec62249968bca1f0a8098ef002\"},\"headline\":\"Litoral Up chega a Ubatuba em setembro\",\"datePublished\":\"2018-07-19T18:27:47+00:00\",\"dateModified\":\"2018-07-19T18:38:42+00:00\",\"mainEntityOfPage\":{\"@id\":\"https:\/\/swimchannel.net\/br\/litoral-up-chega-a-ubatuba-em-setembro\/\"},\"wordCount\":480,\"commentCount\":0,\"publisher\":{\"@id\":\"https:\/\/swimchannel.net\/br\/#organization\"},\"image\":{\"@id\":\"https:\/\/swimchannel.net\/br\/litoral-up-chega-a-ubatuba-em-setembro\/#primaryimage\"},\"thumbnailUrl\":\"https:\/\/swimchannel.net\/br\/wp-content\/uploads\/2018\/07\/Enseada-1.jpg\",\"keywords\":[\"\u00c1guas abertas\",\"Circuito Litoral Up\",\"natacao\",\"Praia da Enseada\",\"Ubatuba\"],\"articleSection\":[\"\u00c1guas Abertas\"],\"inLanguage\":\"pt-BR\",\"potentialAction\":[{\"@type\":\"CommentAction\",\"name\":\"Comment\",\"target\":[\"https:\/\/swimchannel.net\/br\/litoral-up-chega-a-ubatuba-em-setembro\/#respond\"]}]},{\"@type\":\"WebPage\",\"@id\":\"https:\/\/swimchannel.net\/br\/litoral-up-chega-a-ubatuba-em-setembro\/\",\"url\":\"https:\/\/swimchannel.net\/br\/litoral-up-chega-a-ubatuba-em-setembro\/\",\"name\":\"Litoral Up chega a Ubatuba em setembro - Swimchannel\",\"isPartOf\":{\"@id\":\"https:\/\/swimchannel.net\/br\/#website\"},\"primaryImageOfPage\":{\"@id\":\"https:\/\/swimchannel.net\/br\/litoral-up-chega-a-ubatuba-em-setembro\/#primaryimage\"},\"image\":{\"@id\":\"https:\/\/swimchannel.net\/br\/litoral-up-chega-a-ubatuba-em-setembro\/#primaryimage\"},\"thumbnailUrl\":\"https:\/\/swimchannel.net\/br\/wp-content\/uploads\/2018\/07\/Enseada-1.jpg\",\"datePublished\":\"2018-07-19T18:27:47+00:00\",\"dateModified\":\"2018-07-19T18:38:42+00:00\",\"description\":\"Prova ser\u00e1 realizada no dia 23 de setembro na Praia da Enseada e ter\u00e1 dois percursos de 800m e 1,8 km.\",\"breadcrumb\":{\"@id\":\"https:\/\/swimchannel.net\/br\/litoral-up-chega-a-ubatuba-em-setembro\/#breadcrumb\"},\"inLanguage\":\"pt-BR\",\"potentialAction\":[{\"@type\":\"ReadAction\",\"target\":[\"https:\/\/swimchannel.net\/br\/litoral-up-chega-a-ubatuba-em-setembro\/\"]}]},{\"@type\":\"ImageObject\",\"inLanguage\":\"pt-BR\",\"@id\":\"https:\/\/swimchannel.net\/br\/litoral-up-chega-a-ubatuba-em-setembro\/#primaryimage\",\"url\":\"https:\/\/swimchannel.net\/br\/wp-content\/uploads\/2018\/07\/Enseada-1.jpg\",\"contentUrl\":\"https:\/\/swimchannel.net\/br\/wp-content\/uploads\/2018\/07\/Enseada-1.jpg\",\"width\":1280,\"height\":720,\"caption\":\"Praia da Enseada ser\u00e1 o local da primeira etapa da competi\u00e7\u00e3o - Foto: Reprodu\u00e7\u00e3o\"},{\"@type\":\"BreadcrumbList\",\"@id\":\"https:\/\/swimchannel.net\/br\/litoral-up-chega-a-ubatuba-em-setembro\/#breadcrumb\",\"itemListElement\":[{\"@type\":\"ListItem\",\"position\":1,\"name\":\"Home\",\"item\":\"https:\/\/swimchannel.net\/br\/\"},{\"@type\":\"ListItem\",\"position\":2,\"name\":\"Litoral Up chega a Ubatuba em setembro\"}]},{\"@type\":\"WebSite\",\"@id\":\"https:\/\/swimchannel.net\/br\/#website\",\"url\":\"https:\/\/swimchannel.net\/br\/\",\"name\":\"Swimchannel\",\"description\":\"Maior portal de nata\u00e7\u00e3o da america latina\",\"publisher\":{\"@id\":\"https:\/\/swimchannel.net\/br\/#organization\"},\"potentialAction\":[{\"@type\":\"SearchAction\",\"target\":{\"@type\":\"EntryPoint\",\"urlTemplate\":\"https:\/\/swimchannel.net\/br\/?s={search_term_string}\"},\"query-input\":{\"@type\":\"PropertyValueSpecification\",\"valueRequired\":true,\"valueName\":\"search_term_string\"}}],\"inLanguage\":\"pt-BR\"},{\"@type\":\"Organization\",\"@id\":\"https:\/\/swimchannel.net\/br\/#organization\",\"name\":\"Swimchannel - Conectando voc\u00ea a Nata\u00e7\u00e3o\",\"url\":\"https:\/\/swimchannel.net\/br\/\",\"logo\":{\"@type\":\"ImageObject\",\"inLanguage\":\"pt-BR\",\"@id\":\"https:\/\/swimchannel.net\/br\/#\/schema\/logo\/image\/\",\"url\":\"https:\/\/swimchannel.net\/br\/wp-content\/uploads\/2026\/02\/SWIM-CHANNEL.png\",\"contentUrl\":\"https:\/\/swimchannel.net\/br\/wp-content\/uploads\/2026\/02\/SWIM-CHANNEL.png\",\"width\":1120,\"height\":630,\"caption\":\"Swimchannel - Conectando voc\u00ea a Nata\u00e7\u00e3o\"},\"image\":{\"@id\":\"https:\/\/swimchannel.net\/br\/#\/schema\/logo\/image\/\"},\"sameAs\":[\"https:\/\/www.facebook.com\/swimchannel\",\"https:\/\/www.instagram.com\/swimchannel\"]},{\"@type\":\"Person\",\"@id\":\"https:\/\/swimchannel.net\/br\/#\/schema\/person\/73ae9cec62249968bca1f0a8098ef002\",\"name\":\"Katarine Monteiro\",\"image\":{\"@type\":\"ImageObject\",\"inLanguage\":\"pt-BR\",\"@id\":\"https:\/\/swimchannel.net\/br\/#\/schema\/person\/image\/\",\"url\":\"https:\/\/swimchannel.net\/br\/wp-content\/uploads\/2022\/01\/Katarine-Monteiro-100x100.jpg\",\"contentUrl\":\"https:\/\/swimchannel.net\/br\/wp-content\/uploads\/2022\/01\/Katarine-Monteiro-100x100.jpg\",\"caption\":\"Katarine Monteiro\"},\"description\":\"Jornalista SWIM CHANNEL especializada em esportes ol\u00edmpicos e em sa\u00fade. Com cobertura de grandes eventos internacionais, como Jogos Ol\u00edmpicos Rio 2016, Jogos Pan-Americanos em Lima 2019, Qatar Total Open 2020, Qatar ExxonMobil Open 2019 - t\u00eanis em Doha (QT), Semana Internacional de Vela de Ilhabela, Transat Jacques Vabre 2019 (Fran\u00e7a-Brasil), L'\u00c9tape Brasil by Tour de France, j\u00e1 fez in\u00fameras coberturas de nata\u00e7\u00e3o, maratona aqu\u00e1tica e polo aqu\u00e1tico. Formada tamb\u00e9m em Letras, a jornalista atua como assessora de imprensa, rela\u00e7\u00f5es p\u00fablicas e social media, com especializa\u00e7\u00e3o em marketing esportivo. Nadadora amadora de \u00e1guas abertas, j\u00e1 trabalhou com grandes nomes da nata\u00e7\u00e3o e do polo aqu\u00e1tico brasileiro.\",\"sameAs\":[\"https:\/\/www.instagram.com\/_katarinemonteiro\/\",\"https:\/\/www.linkedin.com\/in\/katarine-monteiro-19385297\/\",\"https:\/\/x.com\/https:\/\/twitter.com\/Katarinem\"],\"url\":\"https:\/\/swimchannel.net\/br\/author\/katarine-monteiro\/\"}]}<\/script>\n<!-- \/ Yoast SEO plugin. -->","yoast_head_json":{"title":"Litoral Up chega a Ubatuba em setembro - Swimchannel","description":"Prova ser\u00e1 realizada no dia 23 de setembro na Praia da Enseada e ter\u00e1 dois percursos de 800m e 1,8 km.","robots":{"index":"index","follow":"follow","max-snippet":"max-snippet:-1","max-image-preview":"max-image-preview:large","max-video-preview":"max-video-preview:-1"},"canonical":"https:\/\/swimchannel.net\/br\/litoral-up-chega-a-ubatuba-em-setembro\/","og_locale":"pt_BR","og_type":"article","og_title":"Litoral Up chega a Ubatuba em setembro - Swimchannel","og_description":"Prova ser\u00e1 realizada no dia 23 de setembro na Praia da Enseada e ter\u00e1 dois percursos de 800m e 1,8 km.","og_url":"https:\/\/swimchannel.net\/br\/litoral-up-chega-a-ubatuba-em-setembro\/","og_site_name":"Swimchannel","article_publisher":"https:\/\/www.facebook.com\/swimchannel","article_published_time":"2018-07-19T18:27:47+00:00","article_modified_time":"2018-07-19T18:38:42+00:00","og_image":[{"width":1280,"height":720,"url":"https:\/\/swimchannel.net\/br\/wp-content\/uploads\/2018\/07\/Enseada-1.jpg","type":"image\/jpeg"}],"author":"Katarine Monteiro","twitter_card":"summary_large_image","twitter_creator":"@https:\/\/twitter.com\/Katarinem","twitter_misc":{"Escrito por":"Katarine Monteiro","Est. tempo de leitura":"2 minutos"},"schema":{"@context":"https:\/\/schema.org","@graph":[{"@type":"Article","@id":"https:\/\/swimchannel.net\/br\/litoral-up-chega-a-ubatuba-em-setembro\/#article","isPartOf":{"@id":"https:\/\/swimchannel.net\/br\/litoral-up-chega-a-ubatuba-em-setembro\/"},"author":{"name":"Katarine Monteiro","@id":"https:\/\/swimchannel.net\/br\/#\/schema\/person\/73ae9cec62249968bca1f0a8098ef002"},"headline":"Litoral Up chega a Ubatuba em setembro","datePublished":"2018-07-19T18:27:47+00:00","dateModified":"2018-07-19T18:38:42+00:00","mainEntityOfPage":{"@id":"https:\/\/swimchannel.net\/br\/litoral-up-chega-a-ubatuba-em-setembro\/"},"wordCount":480,"commentCount":0,"publisher":{"@id":"https:\/\/swimchannel.net\/br\/#organization"},"image":{"@id":"https:\/\/swimchannel.net\/br\/litoral-up-chega-a-ubatuba-em-setembro\/#primaryimage"},"thumbnailUrl":"https:\/\/swimchannel.net\/br\/wp-content\/uploads\/2018\/07\/Enseada-1.jpg","keywords":["\u00c1guas abertas","Circuito Litoral Up","natacao","Praia da Enseada","Ubatuba"],"articleSection":["\u00c1guas Abertas"],"inLanguage":"pt-BR","potentialAction":[{"@type":"CommentAction","name":"Comment","target":["https:\/\/swimchannel.net\/br\/litoral-up-chega-a-ubatuba-em-setembro\/#respond"]}]},{"@type":"WebPage","@id":"https:\/\/swimchannel.net\/br\/litoral-up-chega-a-ubatuba-em-setembro\/","url":"https:\/\/swimchannel.net\/br\/litoral-up-chega-a-ubatuba-em-setembro\/","name":"Litoral Up chega a Ubatuba em setembro - Swimchannel","isPartOf":{"@id":"https:\/\/swimchannel.net\/br\/#website"},"primaryImageOfPage":{"@id":"https:\/\/swimchannel.net\/br\/litoral-up-chega-a-ubatuba-em-setembro\/#primaryimage"},"image":{"@id":"https:\/\/swimchannel.net\/br\/litoral-up-chega-a-ubatuba-em-setembro\/#primaryimage"},"thumbnailUrl":"https:\/\/swimchannel.net\/br\/wp-content\/uploads\/2018\/07\/Enseada-1.jpg","datePublished":"2018-07-19T18:27:47+00:00","dateModified":"2018-07-19T18:38:42+00:00","description":"Prova ser\u00e1 realizada no dia 23 de setembro na Praia da Enseada e ter\u00e1 dois percursos de 800m e 1,8 km.","breadcrumb":{"@id":"https:\/\/swimchannel.net\/br\/litoral-up-chega-a-ubatuba-em-setembro\/#breadcrumb"},"inLanguage":"pt-BR","potentialAction":[{"@type":"ReadAction","target":["https:\/\/swimchannel.net\/br\/litoral-up-chega-a-ubatuba-em-setembro\/"]}]},{"@type":"ImageObject","inLanguage":"pt-BR","@id":"https:\/\/swimchannel.net\/br\/litoral-up-chega-a-ubatuba-em-setembro\/#primaryimage","url":"https:\/\/swimchannel.net\/br\/wp-content\/uploads\/2018\/07\/Enseada-1.jpg","contentUrl":"https:\/\/swimchannel.net\/br\/wp-content\/uploads\/2018\/07\/Enseada-1.jpg","width":1280,"height":720,"caption":"Praia da Enseada ser\u00e1 o local da primeira etapa da competi\u00e7\u00e3o - Foto: Reprodu\u00e7\u00e3o"},{"@type":"BreadcrumbList","@id":"https:\/\/swimchannel.net\/br\/litoral-up-chega-a-ubatuba-em-setembro\/#breadcrumb","itemListElement":[{"@type":"ListItem","position":1,"name":"Home","item":"https:\/\/swimchannel.net\/br\/"},{"@type":"ListItem","position":2,"name":"Litoral Up chega a Ubatuba em setembro"}]},{"@type":"WebSite","@id":"https:\/\/swimchannel.net\/br\/#website","url":"https:\/\/swimchannel.net\/br\/","name":"Swimchannel","description":"Maior portal de nata\u00e7\u00e3o da america latina","publisher":{"@id":"https:\/\/swimchannel.net\/br\/#organization"},"potentialAction":[{"@type":"SearchAction","target":{"@type":"EntryPoint","urlTemplate":"https:\/\/swimchannel.net\/br\/?s={search_term_string}"},"query-input":{"@type":"PropertyValueSpecification","valueRequired":true,"valueName":"search_term_string"}}],"inLanguage":"pt-BR"},{"@type":"Organization","@id":"https:\/\/swimchannel.net\/br\/#organization","name":"Swimchannel - Conectando voc\u00ea a Nata\u00e7\u00e3o","url":"https:\/\/swimchannel.net\/br\/","logo":{"@type":"ImageObject","inLanguage":"pt-BR","@id":"https:\/\/swimchannel.net\/br\/#\/schema\/logo\/image\/","url":"https:\/\/swimchannel.net\/br\/wp-content\/uploads\/2026\/02\/SWIM-CHANNEL.png","contentUrl":"https:\/\/swimchannel.net\/br\/wp-content\/uploads\/2026\/02\/SWIM-CHANNEL.png","width":1120,"height":630,"caption":"Swimchannel - Conectando voc\u00ea a Nata\u00e7\u00e3o"},"image":{"@id":"https:\/\/swimchannel.net\/br\/#\/schema\/logo\/image\/"},"sameAs":["https:\/\/www.facebook.com\/swimchannel","https:\/\/www.instagram.com\/swimchannel"]},{"@type":"Person","@id":"https:\/\/swimchannel.net\/br\/#\/schema\/person\/73ae9cec62249968bca1f0a8098ef002","name":"Katarine Monteiro","image":{"@type":"ImageObject","inLanguage":"pt-BR","@id":"https:\/\/swimchannel.net\/br\/#\/schema\/person\/image\/","url":"https:\/\/swimchannel.net\/br\/wp-content\/uploads\/2022\/01\/Katarine-Monteiro-100x100.jpg","contentUrl":"https:\/\/swimchannel.net\/br\/wp-content\/uploads\/2022\/01\/Katarine-Monteiro-100x100.jpg","caption":"Katarine Monteiro"},"description":"Jornalista SWIM CHANNEL especializada em esportes ol\u00edmpicos e em sa\u00fade. Com cobertura de grandes eventos internacionais, como Jogos Ol\u00edmpicos Rio 2016, Jogos Pan-Americanos em Lima 2019, Qatar Total Open 2020, Qatar ExxonMobil Open 2019 - t\u00eanis em Doha (QT), Semana Internacional de Vela de Ilhabela, Transat Jacques Vabre 2019 (Fran\u00e7a-Brasil), L'\u00c9tape Brasil by Tour de France, j\u00e1 fez in\u00fameras coberturas de nata\u00e7\u00e3o, maratona aqu\u00e1tica e polo aqu\u00e1tico. Formada tamb\u00e9m em Letras, a jornalista atua como assessora de imprensa, rela\u00e7\u00f5es p\u00fablicas e social media, com especializa\u00e7\u00e3o em marketing esportivo. Nadadora amadora de \u00e1guas abertas, j\u00e1 trabalhou com grandes nomes da nata\u00e7\u00e3o e do polo aqu\u00e1tico brasileiro.","sameAs":["https:\/\/www.instagram.com\/_katarinemonteiro\/","https:\/\/www.linkedin.com\/in\/katarine-monteiro-19385297\/","https:\/\/x.com\/https:\/\/twitter.com\/Katarinem"],"url":"https:\/\/swimchannel.net\/br\/author\/katarine-monteiro\/"}]}},"_links":{"self":[{"href":"https:\/\/swimchannel.net\/br\/wp-json\/wp\/v2\/posts\/9960","targetHints":{"allow":["GET"]}}],"collection":[{"href":"https:\/\/swimchannel.net\/br\/wp-json\/wp\/v2\/posts"}],"about":[{"href":"https:\/\/swimchannel.net\/br\/wp-json\/wp\/v2\/types\/post"}],"author":[{"embeddable":true,"href":"https:\/\/swimchannel.net\/br\/wp-json\/wp\/v2\/users\/9"}],"replies":[{"embeddable":true,"href":"https:\/\/swimchannel.net\/br\/wp-json\/wp\/v2\/comments?post=9960"}],"version-history":[{"count":0,"href":"https:\/\/swimchannel.net\/br\/wp-json\/wp\/v2\/posts\/9960\/revisions"}],"wp:featuredmedia":[{"embeddable":true,"href":"https:\/\/swimchannel.net\/br\/wp-json\/wp\/v2\/media\/9987"}],"wp:attachment":[{"href":"https:\/\/swimchannel.net\/br\/wp-json\/wp\/v2\/media?parent=9960"}],"wp:term":[{"taxonomy":"category","embeddable":true,"href":"https:\/\/swimchannel.net\/br\/wp-json\/wp\/v2\/categories?post=9960"},{"taxonomy":"post_tag","embeddable":true,"href":"https:\/\/swimchannel.net\/br\/wp-json\/wp\/v2\/tags?post=9960"}],"curies":[{"name":"wp","href":"https:\/\/api.w.org\/{rel}","templated":true}]}}