{"id":43201,"date":"2022-02-05T10:25:16","date_gmt":"2022-02-05T13:25:16","guid":{"rendered":"https:\/\/swimchannel.net\/la\/?p=43201"},"modified":"2022-02-06T10:52:12","modified_gmt":"2022-02-06T13:52:12","slug":"ryan-lochte-se-entrena-con-vistas-a-la-copa-del-mundo-de-la-fina","status":"publish","type":"post","link":"https:\/\/swimchannel.net\/la\/ryan-lochte-se-entrena-con-vistas-a-la-copa-del-mundo-de-la-fina\/","title":{"rendered":"Ryan Lochte se entrena con vistas a la Copa del Mundo de la FINA"},"content":{"rendered":"<p class=\"p1\"><span class=\"s1\">Ryan Lochte di\u00f3 una entrevista recientemente al podcast del ex-quarterback de la NFL Jay Cutler llamado Uncut with Jay Cutler y en la entrevista, el medallista ol\u00edmpico habl\u00f3 sobre el momento dif\u00edcil que enfrent\u00f3 despu\u00e9s de no conseguir clasificarse para los Juegos Ol\u00edmpicos de Tokio y tambi\u00e9n sus pr\u00f3ximas metas para la temporada 2022, destacando la Copa del Mundo de la FINA.<\/span><\/p>\n<p class=\"p1\"><span class=\"s1\">El nadador de 37 a\u00f1os no se clasific\u00f3 para su quinta Olimp\u00edada el a\u00f1o pasado, quedando en s\u00e9ptimo lugar en la final masculina de los 200m medley en las USA Olympic Trials. \u00c9l afirm\u00f3 que la decepci\u00f3n de quedar fuera de los Juegos, sumado a la condena judicial en Rio 2016 lo llev\u00f3 a un cuadro depresivo. \u201cEso fue muy dif\u00edcil. Durante toda mi carrera y todo lo que pas\u00e9, nunca pase por depresi\u00f3n. Y fue una de las cosas m\u00e1s dif\u00edciles adem\u00e1s de lo de 2016. Me despertaba, me miraba en el espejo y dec\u00eda &#8220;maldici\u00f3n, soy un fracaso\u201d, coment\u00f3.<\/span><\/p>\n<p><img loading=\"lazy\" decoding=\"async\" class=\"alignnone size-full wp-image-43202\" src=\"https:\/\/swimchannel.net\/la\/wp-content\/uploads\/2022\/02\/53075FA2-D41C-499D-9317-2C58AA007118.jpeg\" alt=\"\" width=\"1050\" height=\"550\" srcset=\"https:\/\/swimchannel.net\/la\/wp-content\/uploads\/2022\/02\/53075FA2-D41C-499D-9317-2C58AA007118.jpeg 1050w, https:\/\/swimchannel.net\/la\/wp-content\/uploads\/2022\/02\/53075FA2-D41C-499D-9317-2C58AA007118-320x168.jpeg 320w, https:\/\/swimchannel.net\/la\/wp-content\/uploads\/2022\/02\/53075FA2-D41C-499D-9317-2C58AA007118-768x402.jpeg 768w, https:\/\/swimchannel.net\/la\/wp-content\/uploads\/2022\/02\/53075FA2-D41C-499D-9317-2C58AA007118-750x393.jpeg 750w\" sizes=\"auto, (max-width: 1050px) 100vw, 1050px\" \/><\/p>\n<p class=\"p1\"><span class=\"s1\">El infierno astral de Lochte comenz\u00f3 despu\u00e9s de las Olimp\u00edadas de Rio 2016, cuando tuvo un castigo por parte de USA Swimming, quedando fuera del Mundial de Budapest 2017. Al a\u00f1o siguiente adem\u00e1s fue suspendido por la Agencia Antidoping de los EE.UU. por 14 meses despu\u00e9s de publicar una foto donde se hizo una transfusi\u00f3n intravenosa de sangre con una aguja sin comunicar a las autoridades, lo que est\u00e1 prohibido. Sin embargo, al mismo tiempo en que coleccion\u00f3 fracasos tambi\u00e9n acert\u00f3 en su vida personal, cas\u00e1ndose con la modelo Kayla Reid y teniendo dos hijos Caiden Zane y Liv Rae.<\/span><\/p>\n<p class=\"p1\"><span class=\"s1\">En el podcast anunci\u00f3 que seguir\u00e1 nadando y que su pr\u00f3ximo objetivo ser\u00e1 competir en las etapas de la Copa del Mundo de la FINA. \u201cVoy a seguir nadando y durante esta temporada puse a la Copa del Mundo como una meta a ser alcanzada. Voy a entrenar para eso\u201d, dice afirmando que la premiaci\u00f3n en dinero distribuida por el evento tambi\u00e9n es algo que le agrada.<\/span><\/p>\n<p class=\"p1\"><span class=\"s1\">Lochte debe disputar su primera gran competici\u00f3n del a\u00f1o reci\u00e9n en marzo, probablemente la primera etapa de las TYR Pro Swim Series en Des Moines, en Iowa. Acto seguido debe comenzar a planear sus entrenamientos y competencias para la Copa del Mundo. Recordando que en diciembre tiene el Campeonato Mundial de piscina corta en Kazan y una buena performance del nadador en piscina de 25 metros tambi\u00e9n podr\u00eda colocar a ese evento en su camino.<\/span><\/p>\n","protected":false},"excerpt":{"rendered":"<p>Ryan Lochte di\u00f3 una entrevista recientemente al podcast del ex-quarterback de la NFL Jay Cutler llamado Uncut with Jay Cutler y en la entrevista, el medallista ol\u00edmpico habl\u00f3 sobre el momento dif\u00edcil que enfrent\u00f3 despu\u00e9s de no conseguir clasificarse para los Juegos Ol\u00edmpicos de Tokio y tambi\u00e9n sus pr\u00f3ximas metas para la temporada 2022, destacando [&hellip;]<\/p>\n","protected":false},"author":12,"featured_media":43203,"comment_status":"open","ping_status":"open","sticky":false,"template":"","format":"standard","meta":{"footnotes":""},"categories":[4182],"tags":[],"class_list":["post-43201","post","type-post","status-publish","format-standard","has-post-thumbnail","hentry","category-internacional"],"_links":{"self":[{"href":"https:\/\/swimchannel.net\/la\/wp-json\/wp\/v2\/posts\/43201","targetHints":{"allow":["GET"]}}],"collection":[{"href":"https:\/\/swimchannel.net\/la\/wp-json\/wp\/v2\/posts"}],"about":[{"href":"https:\/\/swimchannel.net\/la\/wp-json\/wp\/v2\/types\/post"}],"author":[{"embeddable":true,"href":"https:\/\/swimchannel.net\/la\/wp-json\/wp\/v2\/users\/12"}],"replies":[{"embeddable":true,"href":"https:\/\/swimchannel.net\/la\/wp-json\/wp\/v2\/comments?post=43201"}],"version-history":[{"count":2,"href":"https:\/\/swimchannel.net\/la\/wp-json\/wp\/v2\/posts\/43201\/revisions"}],"predecessor-version":[{"id":43211,"href":"https:\/\/swimchannel.net\/la\/wp-json\/wp\/v2\/posts\/43201\/revisions\/43211"}],"wp:featuredmedia":[{"embeddable":true,"href":"https:\/\/swimchannel.net\/la\/wp-json\/wp\/v2\/media\/43203"}],"wp:attachment":[{"href":"https:\/\/swimchannel.net\/la\/wp-json\/wp\/v2\/media?parent=43201"}],"wp:term":[{"taxonomy":"category","embeddable":true,"href":"https:\/\/swimchannel.net\/la\/wp-json\/wp\/v2\/categories?post=43201"},{"taxonomy":"post_tag","embeddable":true,"href":"https:\/\/swimchannel.net\/la\/wp-json\/wp\/v2\/tags?post=43201"}],"curies":[{"name":"wp","href":"https:\/\/api.w.org\/{rel}","templated":true}]}}